{"id":12222,"date":"2024-11-17T17:55:50","date_gmt":"2024-11-17T17:55:50","guid":{"rendered":"https:\/\/samanoticiasdurango.com\/?p=12222"},"modified":"2024-11-17T18:32:53","modified_gmt":"2024-11-17T18:32:53","slug":"ataque-armado-en-cancun-una-nina-herida-y-cuatro-fallecidos","status":"publish","type":"post","link":"https:\/\/samanoticiasdurango.com\/index.php\/2024\/11\/17\/ataque-armado-en-cancun-una-nina-herida-y-cuatro-fallecidos\/","title":{"rendered":"Ataque armado en Canc\u00fan: una ni\u00f1a herida y cuatro fallecidos."},"content":{"rendered":"\n<p>Durante la madrugada del domingo 17 de noviembre, los habitantes de Canc\u00fan, Quintana Roo, fueron sorprendidos por un alarmante ataque armado que result\u00f3 en la muerte de al menos cuatro personas. <\/p>\n\n\n\n<p>De acuerdo con los informes preliminares, el incidente ocurri\u00f3 en el fraccionamiento Paseos del Mar, ubicado en la Regi\u00f3n 251, alrededor de las 2:00 a.m.<\/p>\n\n\n\n<p>Los disparos se registraron en la calle Isla Comores, donde un grupo de individuos no identificados abri\u00f3 fuego, generando una atm\u00f3sfera de p\u00e1nico entre los vecinos de la zona. <\/p>\n\n\n\n<p>Tras escuchar el estruendo de las detonaciones y el llanto de una ni\u00f1a, los testigos alertaron a las autoridades a trav\u00e9s de la l\u00ednea de emergencias 911.<\/p>\n\n\n\n<p>En respuesta a los llamados, elementos de seguridad se movilizaron al lugar y confirmaron el hallazgo de los cuerpos de cuatro personas en la intersecci\u00f3n de Isla Comores e Isla Aruba. <\/p>\n\n\n\n<p>Seg\u00fan informes de la Polic\u00eda Municipal y el servicio de param\u00e9dicos, las v\u00edctimas, una mujer y tres hombres, presentaban m\u00faltiples impactos de bala, principalmente en la cabeza. <\/p>\n\n\n\n<p>Asimismo, se report\u00f3 que la menor de edad, quien qued\u00f3 hu\u00e9rfana tras este violento episodio, fue trasladada a un hospital para recibir atenci\u00f3n m\u00e9dica adecuada.<\/p>\n","protected":false},"excerpt":{"rendered":"<p>Durante la madrugada del domingo 17 de noviembre, los habitantes de Canc\u00fan, Quintana Roo, fueron<\/p>\n","protected":false},"author":1,"featured_media":12223,"comment_status":"open","ping_status":"open","sticky":false,"template":"","format":"standard","meta":{"om_disable_all_campaigns":false,"_monsterinsights_skip_tracking":false,"_monsterinsights_sitenote_active":false,"_monsterinsights_sitenote_note":"","_monsterinsights_sitenote_category":0,"_jetpack_memberships_contains_paid_content":false,"footnotes":"","jetpack_publicize_message":"","jetpack_publicize_feature_enabled":true,"jetpack_social_post_already_shared":false,"jetpack_social_options":{"image_generator_settings":{"template":"highway","enabled":false},"version":2}},"categories":[5],"tags":[],"class_list":["post-12222","post","type-post","status-publish","format-standard","has-post-thumbnail","hentry","category-nacional"],"jetpack_publicize_connections":[],"aioseo_notices":[],"jetpack_featured_media_url":"https:\/\/samanoticiasdurango.com\/wp-content\/uploads\/Secuencia-01.00_00_02_19.Imagen-fija021.jpg","featured_image_urls":{"full":["https:\/\/samanoticiasdurango.com\/wp-content\/uploads\/Secuencia-01.00_00_02_19.Imagen-fija021.jpg",828,466,false],"thumbnail":["https:\/\/samanoticiasdurango.com\/wp-content\/uploads\/Secuencia-01.00_00_02_19.Imagen-fija021-150x150.jpg",150,150,true],"medium":["https:\/\/samanoticiasdurango.com\/wp-content\/uploads\/Secuencia-01.00_00_02_19.Imagen-fija021-300x169.jpg",300,169,true],"medium_large":["https:\/\/samanoticiasdurango.com\/wp-content\/uploads\/Secuencia-01.00_00_02_19.Imagen-fija021-768x432.jpg",640,360,true],"large":["https:\/\/samanoticiasdurango.com\/wp-content\/uploads\/Secuencia-01.00_00_02_19.Imagen-fija021.jpg",640,360,false],"1536x1536":["https:\/\/samanoticiasdurango.com\/wp-content\/uploads\/Secuencia-01.00_00_02_19.Imagen-fija021.jpg",828,466,false],"2048x2048":["https:\/\/samanoticiasdurango.com\/wp-content\/uploads\/Secuencia-01.00_00_02_19.Imagen-fija021.jpg",828,466,false],"chromenews-featured":["https:\/\/samanoticiasdurango.com\/wp-content\/uploads\/Secuencia-01.00_00_02_19.Imagen-fija021.jpg",828,466,false],"chromenews-large":["https:\/\/samanoticiasdurango.com\/wp-content\/uploads\/Secuencia-01.00_00_02_19.Imagen-fija021-825x466.jpg",825,466,true],"chromenews-medium":["https:\/\/samanoticiasdurango.com\/wp-content\/uploads\/Secuencia-01.00_00_02_19.Imagen-fija021-590x410.jpg",590,410,true]},"author_info":{"display_name":"Redacci\u00f3n","author_link":"https:\/\/samanoticiasdurango.com\/index.php\/author\/jjsama13gmail-com\/"},"category_info":"<a href=\"https:\/\/samanoticiasdurango.com\/index.php\/category\/nacional\/\" rel=\"category tag\">NACIONAL<\/a>","tag_info":"NACIONAL","comment_count":"0","jetpack_sharing_enabled":true,"_links":{"self":[{"href":"https:\/\/samanoticiasdurango.com\/index.php\/wp-json\/wp\/v2\/posts\/12222","targetHints":{"allow":["GET"]}}],"collection":[{"href":"https:\/\/samanoticiasdurango.com\/index.php\/wp-json\/wp\/v2\/posts"}],"about":[{"href":"https:\/\/samanoticiasdurango.com\/index.php\/wp-json\/wp\/v2\/types\/post"}],"author":[{"embeddable":true,"href":"https:\/\/samanoticiasdurango.com\/index.php\/wp-json\/wp\/v2\/users\/1"}],"replies":[{"embeddable":true,"href":"https:\/\/samanoticiasdurango.com\/index.php\/wp-json\/wp\/v2\/comments?post=12222"}],"version-history":[{"count":1,"href":"https:\/\/samanoticiasdurango.com\/index.php\/wp-json\/wp\/v2\/posts\/12222\/revisions"}],"predecessor-version":[{"id":12224,"href":"https:\/\/samanoticiasdurango.com\/index.php\/wp-json\/wp\/v2\/posts\/12222\/revisions\/12224"}],"wp:featuredmedia":[{"embeddable":true,"href":"https:\/\/samanoticiasdurango.com\/index.php\/wp-json\/wp\/v2\/media\/12223"}],"wp:attachment":[{"href":"https:\/\/samanoticiasdurango.com\/index.php\/wp-json\/wp\/v2\/media?parent=12222"}],"wp:term":[{"taxonomy":"category","embeddable":true,"href":"https:\/\/samanoticiasdurango.com\/index.php\/wp-json\/wp\/v2\/categories?post=12222"},{"taxonomy":"post_tag","embeddable":true,"href":"https:\/\/samanoticiasdurango.com\/index.php\/wp-json\/wp\/v2\/tags?post=12222"}],"curies":[{"name":"wp","href":"https:\/\/api.w.org\/{rel}","templated":true}]}}