{"id":12231,"date":"2024-11-17T23:41:33","date_gmt":"2024-11-17T23:41:33","guid":{"rendered":"https:\/\/samanoticiasdurango.com\/?p=12231"},"modified":"2024-11-17T23:45:50","modified_gmt":"2024-11-17T23:45:50","slug":"fgr-derriba-33-vehiculos-blindados-en-tamaulipas-vinculados-al-cartel-del-golfo","status":"publish","type":"post","link":"https:\/\/samanoticiasdurango.com\/index.php\/2024\/11\/17\/fgr-derriba-33-vehiculos-blindados-en-tamaulipas-vinculados-al-cartel-del-golfo\/","title":{"rendered":"FGR derriba 33 veh\u00edculos blindados en Tamaulipas, vinculados al C\u00e1rtel del Golfo.\u00a0"},"content":{"rendered":"\n<p>La Fiscal\u00eda General de la Rep\u00fablica (FGR) ha llevado a cabo la destrucci\u00f3n de 33 veh\u00edculos con blindaje artesanal, denominados com\u00fanmente \u2018monstruos\u2019, en el estado de Tamaulipas, como parte del programa Destino de Bienes y Objetos del Delito.<\/p>\n\n\n\n<p>Este operativo tuvo lugar en la ciudad fronteriza de Reynosa y se realiz\u00f3 bajo la supervisi\u00f3n de la delegaci\u00f3n local de la FGR.<\/p>\n\n\n\n<p>Entre los veh\u00edculos destruidos se encontraban unidades que previamente pertenecieron a presuntos miembros del Grupo Escorpi\u00f3n, una facci\u00f3n asociada al C\u00e1rtel del Golfo, las cuales estaban marcadas con las iniciales \u201cSC\u201d y \u201cCDG\u201d.<\/p>\n\n\n\n<p>Estas unidades fueron aseguradas durante diversos enfrentamientos en la regi\u00f3n y est\u00e1n vinculadas a un total de 29 expedientes criminales, seg\u00fan informa un bolet\u00edn de la corporaci\u00f3n federal.<\/p>\n\n\n\n<p>El procedimiento cont\u00f3 con la presencia del Ministerio P\u00fablico Federal (MPF), quien coordin\u00f3 las acciones de identificaci\u00f3n y supervis\u00f3 las diligencias necesarias para asegurar el cumplimiento de las normativas vigentes.<\/p>\n\n\n\n<p>Asimismo, se cont\u00f3 con la participaci\u00f3n de peritos oficiales y personal del \u00d3rgano Interno de Control de la FGR. Tambi\u00e9n participaron representantes de la Secretar\u00eda de la Defensa Nacional y de la Guardia Estatal, quienes se encargaron de incautar los veh\u00edculos y ponerlos a disposici\u00f3n del MPF.<\/p>\n","protected":false},"excerpt":{"rendered":"<p>La Fiscal\u00eda General de la Rep\u00fablica (FGR) ha llevado a cabo la destrucci\u00f3n de 33<\/p>\n","protected":false},"author":1,"featured_media":12232,"comment_status":"open","ping_status":"open","sticky":false,"template":"","format":"standard","meta":{"om_disable_all_campaigns":false,"_monsterinsights_skip_tracking":false,"_monsterinsights_sitenote_active":false,"_monsterinsights_sitenote_note":"","_monsterinsights_sitenote_category":0,"_jetpack_memberships_contains_paid_content":false,"footnotes":"","jetpack_publicize_message":"","jetpack_publicize_feature_enabled":true,"jetpack_social_post_already_shared":false,"jetpack_social_options":{"image_generator_settings":{"template":"highway","enabled":false},"version":2}},"categories":[5],"tags":[],"class_list":["post-12231","post","type-post","status-publish","format-standard","has-post-thumbnail","hentry","category-nacional"],"jetpack_publicize_connections":[],"aioseo_notices":[],"jetpack_featured_media_url":"https:\/\/samanoticiasdurango.com\/wp-content\/uploads\/W.jpg","featured_image_urls":{"full":["https:\/\/samanoticiasdurango.com\/wp-content\/uploads\/W.jpg",828,466,false],"thumbnail":["https:\/\/samanoticiasdurango.com\/wp-content\/uploads\/W-150x150.jpg",150,150,true],"medium":["https:\/\/samanoticiasdurango.com\/wp-content\/uploads\/W-300x169.jpg",300,169,true],"medium_large":["https:\/\/samanoticiasdurango.com\/wp-content\/uploads\/W-768x432.jpg",640,360,true],"large":["https:\/\/samanoticiasdurango.com\/wp-content\/uploads\/W.jpg",640,360,false],"1536x1536":["https:\/\/samanoticiasdurango.com\/wp-content\/uploads\/W.jpg",828,466,false],"2048x2048":["https:\/\/samanoticiasdurango.com\/wp-content\/uploads\/W.jpg",828,466,false],"chromenews-featured":["https:\/\/samanoticiasdurango.com\/wp-content\/uploads\/W.jpg",828,466,false],"chromenews-large":["https:\/\/samanoticiasdurango.com\/wp-content\/uploads\/W-825x466.jpg",825,466,true],"chromenews-medium":["https:\/\/samanoticiasdurango.com\/wp-content\/uploads\/W-590x410.jpg",590,410,true]},"author_info":{"display_name":"Redacci\u00f3n","author_link":"https:\/\/samanoticiasdurango.com\/index.php\/author\/jjsama13gmail-com\/"},"category_info":"<a href=\"https:\/\/samanoticiasdurango.com\/index.php\/category\/nacional\/\" rel=\"category tag\">NACIONAL<\/a>","tag_info":"NACIONAL","comment_count":"0","jetpack_sharing_enabled":true,"_links":{"self":[{"href":"https:\/\/samanoticiasdurango.com\/index.php\/wp-json\/wp\/v2\/posts\/12231","targetHints":{"allow":["GET"]}}],"collection":[{"href":"https:\/\/samanoticiasdurango.com\/index.php\/wp-json\/wp\/v2\/posts"}],"about":[{"href":"https:\/\/samanoticiasdurango.com\/index.php\/wp-json\/wp\/v2\/types\/post"}],"author":[{"embeddable":true,"href":"https:\/\/samanoticiasdurango.com\/index.php\/wp-json\/wp\/v2\/users\/1"}],"replies":[{"embeddable":true,"href":"https:\/\/samanoticiasdurango.com\/index.php\/wp-json\/wp\/v2\/comments?post=12231"}],"version-history":[{"count":1,"href":"https:\/\/samanoticiasdurango.com\/index.php\/wp-json\/wp\/v2\/posts\/12231\/revisions"}],"predecessor-version":[{"id":12233,"href":"https:\/\/samanoticiasdurango.com\/index.php\/wp-json\/wp\/v2\/posts\/12231\/revisions\/12233"}],"wp:featuredmedia":[{"embeddable":true,"href":"https:\/\/samanoticiasdurango.com\/index.php\/wp-json\/wp\/v2\/media\/12232"}],"wp:attachment":[{"href":"https:\/\/samanoticiasdurango.com\/index.php\/wp-json\/wp\/v2\/media?parent=12231"}],"wp:term":[{"taxonomy":"category","embeddable":true,"href":"https:\/\/samanoticiasdurango.com\/index.php\/wp-json\/wp\/v2\/categories?post=12231"},{"taxonomy":"post_tag","embeddable":true,"href":"https:\/\/samanoticiasdurango.com\/index.php\/wp-json\/wp\/v2\/tags?post=12231"}],"curies":[{"name":"wp","href":"https:\/\/api.w.org\/{rel}","templated":true}]}}