{"id":12241,"date":"2024-11-18T17:03:34","date_gmt":"2024-11-18T17:03:34","guid":{"rendered":"https:\/\/samanoticiasdurango.com\/?p=12241"},"modified":"2024-11-18T17:05:07","modified_gmt":"2024-11-18T17:05:07","slug":"12241","status":"publish","type":"post","link":"https:\/\/samanoticiasdurango.com\/index.php\/2024\/11\/18\/12241\/","title":{"rendered":"Hijo agredi\u00f3 a su padre de 69 a\u00f1os por falta de dinero para drogas."},"content":{"rendered":"\n<p>La tarde-noche del pasado domingo, la ciudad de Durango fue escenario de un lamentable hecho de agresi\u00f3n familiar en el que un var\u00f3n, identificado como Jos\u00e9 Adri\u00e1n, de 42 a\u00f1os, agredi\u00f3 f\u00edsicamente a su padre, Rafael, de 69 a\u00f1os.<\/p>\n\n\n\n<p>La situaci\u00f3n se report\u00f3 al n\u00famero de emergencias desde un domicilio ubicado en el fraccionamiento Fidel Vel\u00e1zquez, donde se solicit\u00f3 la intervenci\u00f3n policial ante una agresi\u00f3n a un hombre.<\/p>\n\n\n\n<p>Al llegar al lugar, las autoridades entrevistaron al afectado, quien relat\u00f3 los hechos con claridad. Seg\u00fan Rafael, la agresi\u00f3n ocurri\u00f3 tras una discusi\u00f3n desencadenada por una solicitud de dinero para adquirir drogas, debido a la adicci\u00f3n de su hijo.<\/p>\n\n\n\n<p>Ante la negativa de su padre, Jos\u00e9 Adri\u00e1n reaccion\u00f3 de manera violenta, golpeando repetidamente a Rafael en el rostro. Posteriormente, el agresor abandon\u00f3 el lugar, huyendo con rumbo desconocido.<\/p>\n\n\n\n<p>Los t\u00e9cnicos en urgencias m\u00e9dicas de la Cruz Roja Mexicana fueron llamados para atender a Rafael, quien, afortunadamente, no requiri\u00f3 ser trasladado a un hospital.<\/p>\n\n\n\n<p>Las autoridades locales han iniciado la b\u00fasqueda del presunto agresor para hacer frente a esta grave situaci\u00f3n de violencia familiar.<\/p>\n\n\n\n<p>Este caso resalta la importancia de abordar problemas relacionados con el consumo de sustancias y sus repercusiones en el entorno familiar.<\/p>\n","protected":false},"excerpt":{"rendered":"<p>La tarde-noche del pasado domingo, la ciudad de Durango fue escenario de un lamentable hecho<\/p>\n","protected":false},"author":1,"featured_media":12242,"comment_status":"open","ping_status":"open","sticky":false,"template":"","format":"standard","meta":{"om_disable_all_campaigns":false,"_monsterinsights_skip_tracking":false,"_monsterinsights_sitenote_active":false,"_monsterinsights_sitenote_note":"","_monsterinsights_sitenote_category":0,"_jetpack_memberships_contains_paid_content":false,"footnotes":"","jetpack_publicize_message":"","jetpack_publicize_feature_enabled":true,"jetpack_social_post_already_shared":false,"jetpack_social_options":{"image_generator_settings":{"template":"highway","enabled":false},"version":2}},"categories":[1],"tags":[],"class_list":["post-12241","post","type-post","status-publish","format-standard","has-post-thumbnail","hentry","category-archivo"],"jetpack_publicize_connections":[],"aioseo_notices":[],"jetpack_featured_media_url":"https:\/\/samanoticiasdurango.com\/wp-content\/uploads\/1288444.avif","featured_image_urls":{"full":["https:\/\/samanoticiasdurango.com\/wp-content\/uploads\/1288444.avif",862,570,false],"thumbnail":["https:\/\/samanoticiasdurango.com\/wp-content\/uploads\/1288444-150x150.avif",150,150,true],"medium":["https:\/\/samanoticiasdurango.com\/wp-content\/uploads\/1288444-300x198.avif",300,198,true],"medium_large":["https:\/\/samanoticiasdurango.com\/wp-content\/uploads\/1288444-768x508.avif",640,423,true],"large":["https:\/\/samanoticiasdurango.com\/wp-content\/uploads\/1288444.avif",640,423,false],"1536x1536":["https:\/\/samanoticiasdurango.com\/wp-content\/uploads\/1288444.avif",862,570,false],"2048x2048":["https:\/\/samanoticiasdurango.com\/wp-content\/uploads\/1288444.avif",862,570,false],"chromenews-featured":["https:\/\/samanoticiasdurango.com\/wp-content\/uploads\/1288444.avif",862,570,false],"chromenews-large":["https:\/\/samanoticiasdurango.com\/wp-content\/uploads\/1288444-825x570.avif",825,570,true],"chromenews-medium":["https:\/\/samanoticiasdurango.com\/wp-content\/uploads\/1288444-590x410.avif",590,410,true]},"author_info":{"display_name":"Redacci\u00f3n","author_link":"https:\/\/samanoticiasdurango.com\/index.php\/author\/jjsama13gmail-com\/"},"category_info":"<a href=\"https:\/\/samanoticiasdurango.com\/index.php\/category\/archivo\/\" rel=\"category tag\">DURANGO<\/a>","tag_info":"DURANGO","comment_count":"0","jetpack_sharing_enabled":true,"_links":{"self":[{"href":"https:\/\/samanoticiasdurango.com\/index.php\/wp-json\/wp\/v2\/posts\/12241","targetHints":{"allow":["GET"]}}],"collection":[{"href":"https:\/\/samanoticiasdurango.com\/index.php\/wp-json\/wp\/v2\/posts"}],"about":[{"href":"https:\/\/samanoticiasdurango.com\/index.php\/wp-json\/wp\/v2\/types\/post"}],"author":[{"embeddable":true,"href":"https:\/\/samanoticiasdurango.com\/index.php\/wp-json\/wp\/v2\/users\/1"}],"replies":[{"embeddable":true,"href":"https:\/\/samanoticiasdurango.com\/index.php\/wp-json\/wp\/v2\/comments?post=12241"}],"version-history":[{"count":2,"href":"https:\/\/samanoticiasdurango.com\/index.php\/wp-json\/wp\/v2\/posts\/12241\/revisions"}],"predecessor-version":[{"id":12245,"href":"https:\/\/samanoticiasdurango.com\/index.php\/wp-json\/wp\/v2\/posts\/12241\/revisions\/12245"}],"wp:featuredmedia":[{"embeddable":true,"href":"https:\/\/samanoticiasdurango.com\/index.php\/wp-json\/wp\/v2\/media\/12242"}],"wp:attachment":[{"href":"https:\/\/samanoticiasdurango.com\/index.php\/wp-json\/wp\/v2\/media?parent=12241"}],"wp:term":[{"taxonomy":"category","embeddable":true,"href":"https:\/\/samanoticiasdurango.com\/index.php\/wp-json\/wp\/v2\/categories?post=12241"},{"taxonomy":"post_tag","embeddable":true,"href":"https:\/\/samanoticiasdurango.com\/index.php\/wp-json\/wp\/v2\/tags?post=12241"}],"curies":[{"name":"wp","href":"https:\/\/api.w.org\/{rel}","templated":true}]}}