{"id":1229,"date":"2022-06-03T02:32:59","date_gmt":"2022-06-03T02:32:59","guid":{"rendered":"http:\/\/samanoticiasdurango.com\/?p=1229"},"modified":"2022-06-03T02:33:03","modified_gmt":"2022-06-03T02:33:03","slug":"arbitras-mexicanas-son-designadas-por-fifa-para-la-copa-mundial-femenina-sub-20","status":"publish","type":"post","link":"https:\/\/samanoticiasdurango.com\/index.php\/2022\/06\/03\/arbitras-mexicanas-son-designadas-por-fifa-para-la-copa-mundial-femenina-sub-20\/","title":{"rendered":"\u00c1rbitras mexicanas son designadas por FIFA para la Copa Mundial Femenina Sub-20"},"content":{"rendered":"\n<p><strong>La Comisi\u00f3n de \u00c1rbitros de la FIFA dio a conocer la lista de silbantes para el Mundial Femenino Sub 20 a realizarse en Costa Rica en agosto pr\u00f3ximo.<\/strong><\/p>\n\n\n\n<p>De las 13 \u00e1rbitras, 27 \u00e1rbitras asistentes y 14 miembros del equipo arbitral de video, destaca la convocatoria de las mexicanas Francia Gonz\u00e1lez, Sandra Ram\u00edrez y Enedina Caudillo.<\/p>\n\n\n\n<p><strong>En 2012, Francia Gonz\u00e1lez obtuvo el gafete FIFA. Ha participado en eliminatorias mundialistas Sub-20 y Sub-17, as\u00ed como preol\u00edmpicos. Adem\u00e1s fue la \u00e1rbitra central en el partido de vuelta de la final de la Liga Mx Femenil &nbsp;entre Guadalajara y &nbsp;Pachuca.<\/strong><\/p>\n\n\n\n<p>Sandra Ram\u00edrez debut\u00f3 como profesional en 2010 y recibi\u00f3 el gafete FIFA en &nbsp;2019. Este 2022, tuvo actividad en los Campeonatos Femeninos Sub-20 y Sub-17 de CONCACAF y actualmente se encuentra en el Torneo Maurice Revello, conocido como Esperanzas de Toulon.<\/p>\n\n\n\n<p>Desde 2009 Enedina Caudillo porta el gafete FIFA contando con participaciones en Copas Mundiales Femeninas Sub-17, en Costa Rica 2014 y Uruguay 2018; Sub-20, en Jap\u00f3n 2012; Copas Mundiales, en Canad\u00e1 2015 y Francia 2019; Juegos Ol\u00edmpicos R\u00edo 2016 y Tokio 2020; eliminatorias femeninas de la CONCACAF Mayor, Sub-20 y Sub-17 y la ida de la Final de la Liga MX entre Atlas y &nbsp;Pachuca.<\/p>\n\n\n\n<p><strong>La Copa Mundial Femenina Sub-20 de la FIFA Costa Rica 2022 se realizar\u00e1 en &nbsp;Alajuela y San Jos\u00e9 del 10 al 28 de agosto. La final est\u00e1 programada para el 28 de agosto en el Estadio Nacional de Costa Rica.<\/strong><\/p>\n","protected":false},"excerpt":{"rendered":"<p>La Comisi\u00f3n de \u00c1rbitros de la FIFA dio a conocer la lista de silbantes para<\/p>\n","protected":false},"author":1,"featured_media":1230,"comment_status":"open","ping_status":"open","sticky":false,"template":"","format":"standard","meta":{"om_disable_all_campaigns":false,"_monsterinsights_skip_tracking":false,"_monsterinsights_sitenote_active":false,"_monsterinsights_sitenote_note":"","_monsterinsights_sitenote_category":0,"_jetpack_memberships_contains_paid_content":false,"footnotes":"","jetpack_publicize_message":"","jetpack_publicize_feature_enabled":true,"jetpack_social_post_already_shared":false,"jetpack_social_options":{"image_generator_settings":{"template":"highway","enabled":false},"version":2}},"categories":[10],"tags":[],"class_list":["post-1229","post","type-post","status-publish","format-standard","has-post-thumbnail","hentry","category-deportes"],"jetpack_publicize_connections":[],"aioseo_notices":[],"jetpack_featured_media_url":"https:\/\/samanoticiasdurango.com\/wp-content\/uploads\/2022\/06\/M5RJQ6ZX7FFBPECFPFZRPY5V4M.webp","featured_image_urls":{"full":["https:\/\/samanoticiasdurango.com\/wp-content\/uploads\/2022\/06\/M5RJQ6ZX7FFBPECFPFZRPY5V4M.webp",2000,1334,false],"thumbnail":["https:\/\/samanoticiasdurango.com\/wp-content\/uploads\/2022\/06\/M5RJQ6ZX7FFBPECFPFZRPY5V4M-150x150.webp",150,150,true],"medium":["https:\/\/samanoticiasdurango.com\/wp-content\/uploads\/2022\/06\/M5RJQ6ZX7FFBPECFPFZRPY5V4M-300x200.webp",300,200,true],"medium_large":["https:\/\/samanoticiasdurango.com\/wp-content\/uploads\/2022\/06\/M5RJQ6ZX7FFBPECFPFZRPY5V4M-768x512.webp",640,427,true],"large":["https:\/\/samanoticiasdurango.com\/wp-content\/uploads\/2022\/06\/M5RJQ6ZX7FFBPECFPFZRPY5V4M-1024x683.webp",640,427,true],"1536x1536":["https:\/\/samanoticiasdurango.com\/wp-content\/uploads\/2022\/06\/M5RJQ6ZX7FFBPECFPFZRPY5V4M-1536x1025.webp",1536,1025,true],"2048x2048":["https:\/\/samanoticiasdurango.com\/wp-content\/uploads\/2022\/06\/M5RJQ6ZX7FFBPECFPFZRPY5V4M.webp",2000,1334,false],"chromenews-featured":["https:\/\/samanoticiasdurango.com\/wp-content\/uploads\/2022\/06\/M5RJQ6ZX7FFBPECFPFZRPY5V4M-1024x683.webp",1024,683,true],"chromenews-large":["https:\/\/samanoticiasdurango.com\/wp-content\/uploads\/2022\/06\/M5RJQ6ZX7FFBPECFPFZRPY5V4M-825x575.webp",825,575,true],"chromenews-medium":["https:\/\/samanoticiasdurango.com\/wp-content\/uploads\/2022\/06\/M5RJQ6ZX7FFBPECFPFZRPY5V4M-590x410.webp",590,410,true]},"author_info":{"display_name":"Redacci\u00f3n","author_link":"https:\/\/samanoticiasdurango.com\/index.php\/author\/jjsama13gmail-com\/"},"category_info":"<a href=\"https:\/\/samanoticiasdurango.com\/index.php\/category\/deportes\/\" rel=\"category tag\">DEPORTES<\/a>","tag_info":"DEPORTES","comment_count":"0","jetpack_sharing_enabled":true,"_links":{"self":[{"href":"https:\/\/samanoticiasdurango.com\/index.php\/wp-json\/wp\/v2\/posts\/1229","targetHints":{"allow":["GET"]}}],"collection":[{"href":"https:\/\/samanoticiasdurango.com\/index.php\/wp-json\/wp\/v2\/posts"}],"about":[{"href":"https:\/\/samanoticiasdurango.com\/index.php\/wp-json\/wp\/v2\/types\/post"}],"author":[{"embeddable":true,"href":"https:\/\/samanoticiasdurango.com\/index.php\/wp-json\/wp\/v2\/users\/1"}],"replies":[{"embeddable":true,"href":"https:\/\/samanoticiasdurango.com\/index.php\/wp-json\/wp\/v2\/comments?post=1229"}],"version-history":[{"count":1,"href":"https:\/\/samanoticiasdurango.com\/index.php\/wp-json\/wp\/v2\/posts\/1229\/revisions"}],"predecessor-version":[{"id":1231,"href":"https:\/\/samanoticiasdurango.com\/index.php\/wp-json\/wp\/v2\/posts\/1229\/revisions\/1231"}],"wp:featuredmedia":[{"embeddable":true,"href":"https:\/\/samanoticiasdurango.com\/index.php\/wp-json\/wp\/v2\/media\/1230"}],"wp:attachment":[{"href":"https:\/\/samanoticiasdurango.com\/index.php\/wp-json\/wp\/v2\/media?parent=1229"}],"wp:term":[{"taxonomy":"category","embeddable":true,"href":"https:\/\/samanoticiasdurango.com\/index.php\/wp-json\/wp\/v2\/categories?post=1229"},{"taxonomy":"post_tag","embeddable":true,"href":"https:\/\/samanoticiasdurango.com\/index.php\/wp-json\/wp\/v2\/tags?post=1229"}],"curies":[{"name":"wp","href":"https:\/\/api.w.org\/{rel}","templated":true}]}}