{"id":12350,"date":"2024-11-24T15:49:24","date_gmt":"2024-11-24T15:49:24","guid":{"rendered":"https:\/\/samanoticiasdurango.com\/?p=12350"},"modified":"2024-11-24T15:53:35","modified_gmt":"2024-11-24T15:53:35","slug":"el-70-de-las-mujeres-en-mexico-enfrenta-violencia-especialmente-las-mayores-discapacitadas-y-embarazadas","status":"publish","type":"post","link":"https:\/\/samanoticiasdurango.com\/index.php\/2024\/11\/24\/el-70-de-las-mujeres-en-mexico-enfrenta-violencia-especialmente-las-mayores-discapacitadas-y-embarazadas\/","title":{"rendered":"El 70% de las mujeres en M\u00e9xico enfrenta violencia, especialmente las mayores, discapacitadas y embarazadas."},"content":{"rendered":"\n<p>El Instituto Nacional de Estad\u00edstica y Geograf\u00eda (INEGI) public\u00f3 las cifras de los casos de violencia contra las mujeres en M\u00e9xico, en el marco del<strong>&nbsp;D\u00eda Internacional de la Eliminaci\u00f3n de la Violencia contra la Mujer<\/strong>&nbsp;(VCM), que se celebra cada 25 de noviembre, como parte del esfuerzo de evitar \u00abcualquier acci\u00f3n u omisi\u00f3n, basada en su g\u00e9nero, que les cause da\u00f1o o sufrimiento psicol\u00f3gico, f\u00edsico, patrimonial, econ\u00f3mico, sexual o la muerte tanto en el \u00e1mbito privado como en el p\u00fablico\u00bb.<\/p>\n\n\n\n<p>De acuerdo con el INEGI,&nbsp;<strong>siete de cada 10 mujeres&nbsp;<\/strong>en M\u00e9xico han sufrido<strong>&nbsp;alguna clase de violencia<\/strong>; sin embargo, varias encuestas especializadas han detallado el n\u00famero de casos por sectores.<\/p>\n\n\n\n<h2 class=\"wp-block-heading\">Violencia contra las mujeres privadas de la libertad<\/h2>\n\n\n\n<p>El instituto detall\u00f3 que las mujeres privadas de la libertad enfrentan condiciones de extrema vulnerabilidad debido a que las pol\u00edticas penitenciarias carecen de enfoque de g\u00e9nero y las prisiones fueron dise\u00f1adas por y para los hombres.<\/p>\n\n\n\n<p>En un comunicado, el INEGI puntualiz\u00f3 que de acuerdo con la Encuesta Nacional de Poblaci\u00f3n Privada de la Libertad (ENPOL), del total de la poblaci\u00f3n privada de la libertad (PPL) en 2021, el&nbsp;<strong>64.5 %&nbsp;<\/strong>vivi\u00f3 al menos un acto de&nbsp;<strong>violencia psicol\u00f3gica<\/strong>&nbsp;realizada o permitida por alguna autoridad despu\u00e9s de la detenci\u00f3n y antes de llegar a la Agencia del Ministerio P\u00fablico o juez de lo penal.<\/p>\n\n\n\n<p>Mientras que un 48.6% fue v\u00edctima de agresi\u00f3n f\u00edsica realizada o permitida por la autoridad despu\u00e9s de su detenci\u00f3n y antes de llegar a la AMP o juez de lo penal. Aunque el porcentaje de mujeres que vivi\u00f3 este tipo de violencia es menor que el de hombres.<\/p>\n\n\n\n<p>Del mismo total, el 15.5% de las mujeres en prisi\u00f3n report\u00f3 haber sido v\u00edctima de acoso sexual, manoseo, exhibicionismo o intento de violaci\u00f3n, una cifra cinco veces mayor que la de hombres, con un 3.2 por ciento.<\/p>\n\n\n\n<p>Asimismo, el 4.8% fue v\u00edctima de violaci\u00f3n, al ser obligada mediante violencia f\u00edsica o amenaza a tener una actividad sexual no deseada, lo cual es 2.5 veces mayor que el de hombres, con 1.9 por ciento.<img loading=\"lazy\" decoding=\"async\" alt=\"(Foto: Jovani P\u00e9rez\/Infobae M\u00e9xico)\" height=\"1080\" src=\"https:\/\/www.infobae.com\/resizer\/v2\/OMYOQDBR7NGQLDGFKGY4MCDMWM.jpg?auth=f68d8e0383ca3f47f6f6a1e910b66c1fedfd1fe73e63de3abb8777cdf9b7de3d&amp;smart=true&amp;width=350&amp;height=197&amp;quality=85\" width=\"1920\">(Foto: Jovani P\u00e9rez\/Infobae M\u00e9xico)<\/p>\n\n\n\n<h2 class=\"wp-block-heading\">Violencia contra mujeres adultas mayores&lt;\/b><\/h2>\n\n\n\n<p>La vejez a menudo se asocia err\u00f3neamente con la fragilidad y la dependencia, lo que puede llevar a situaciones de discriminaci\u00f3n, aislamiento y, en casos extremos, maltrato y violencia.<\/p>\n\n\n\n<p>Los datos de la Encuesta Nacional sobre la Din\u00e1mica de las Relaciones en los Hogares (ENDIREH 2021) se\u00f1al\u00f3 que de las<strong>&nbsp;9 millones 063 mil 053 mujeres<\/strong>&nbsp;de 60 a\u00f1os y m\u00e1s que hab\u00eda en M\u00e9xico en ese a\u00f1o, 14.6 % experiment\u00f3 violencia en los 12 meses previos, por parte de familiares o convivientes.<\/p>\n\n\n\n<p>El tipo de violencia m\u00e1s prevalente para estas mujeres fue la psicol\u00f3gica, con un 13.0 %, seguida de la econ\u00f3mica, con un 4.7 %; la f\u00edsica, con un 1.5 % y, con menor prevalencia, la sexual, con un 0.5 por ciento.<\/p>\n\n\n\n<p>Entre las situaciones m\u00e1s comunes de violencia contra las mujeres de 60 a\u00f1os y m\u00e1s, fueron: le dejaron de hablar, con 6.3 %, la dejaron sola o la abandonaron, con 3.7 %, y le gritaron, insultaron u ofendieron, con 3.2 por ciento.<img loading=\"lazy\" decoding=\"async\" alt=\"Adulto mayor, mujer - Per\u00fa - 17 de octubre (Freepik)\" height=\"1080\" src=\"https:\/\/www.infobae.com\/resizer\/v2\/5XPRJ35ATVA4VMC7RUPVAJRBSQ.png?auth=9430fe2c062a5f625d63d8098835518af8266eb734a50d2abc14567ae8c2e07e&amp;smart=true&amp;width=350&amp;height=197&amp;quality=85\" width=\"1920\">Adulto mayor, mujer &#8211; Per\u00fa &#8211; 17 de octubre (Freepik)<\/p>\n\n\n\n<h2 class=\"wp-block-heading\">Violencia contra mujeres con discapacidad&lt;\/b><\/h2>\n\n\n\n<p>El INEGI resalt\u00f3 que en general, las personas con discapacidad enfrentan diversas formas de&nbsp;<strong>exclusi\u00f3n, atropello y violencia,<\/strong>&nbsp;pero las mujeres est\u00e1n especialmente expuestas dada la intersecci\u00f3n de la condici\u00f3n de g\u00e9nero con la discapacidad.<\/p>\n\n\n\n<p>Seg\u00fan datos de la encuesta ENDIREH 2021 estim\u00f3 que, de las 50 millones 523 mil 469 mujeres de 15 a\u00f1os y m\u00e1s que hab\u00eda en M\u00e9xico, 11.9 % viv\u00eda con discapacidad, 4 31.7 % con limitaci\u00f3n5 y 56.4 %, sin discapacidad ni limitaci\u00f3n.<\/p>\n\n\n\n<p>La encuesta tambi\u00e9n mostr\u00f3 que 75.1 % de las mujeres con limitaci\u00f3n experimentaron alg\u00fan tipo de violencia a lo largo de la vida. Dicho porcentaje es mayor que el de las mujeres con discapacidad, con 72.6 %, y el de las mujeres sin discapacidad ni limitaci\u00f3n, con 66.7 por ciento.<\/p>\n\n\n\n<p>Por otra parte, la ENDIREH 2021 evidencia que, en los 12 meses previos a su levantamiento, la prevalencia de violencia contra las mujeres con discapacidad fue similar a la de las mujeres sin discapacidad ni limitaci\u00f3n, con 41.5 por ciento. Por el contrario, las mujeres con limitaci\u00f3n experimentaron la mayor prevalencia de violencia en dicho periodo, con 45.7 por ciento.<\/p>\n\n\n\n<p>De acuerdo con el tipo de violencia vivida en los 12 meses previos a la ENDIREH 2021, la mayor diferencia se dio en la&nbsp;<strong>violencia psicol\u00f3gica<\/strong>. El porcentaje de mujeres con limitaci\u00f3n que experiment\u00f3 este tipo de violencia fue mayor que el de aquellas sin discapacidad ni limitaci\u00f3n, con una diferencia de seis puntos porcentuales, de 32.9 frente a 26.9 %, respectivamente.<\/p>\n\n\n\n<p>Finalmente, resalta la violencia sexual, pues las mujeres con limitaci\u00f3n y las mujeres sin discapacidad ni limitaci\u00f3n experimentaron este tipo de violencia en porcentajes similares (23.8 y 23.5 %, respectivamente), los cuales fueron mayores a la prevalencia de las mujeres con discapacidad (20.3 %). (Ver gr\u00e1fica 6).<\/p>\n\n\n\n<ul class=\"wp-block-list\">\n<li>Discriminaci\u00f3n mujeres con discapacidad<\/li>\n<\/ul>\n\n\n\n<p>De acuerdo con la ENADIS 2022, del total de la poblaci\u00f3n de 12 a\u00f1os y m\u00e1s con discapacidad en M\u00e9xico, 55.5 % era mujer y 44.5 %, hombre. De las personas de 12 a\u00f1os y m\u00e1s con discapacidad, 33.8 % experiment\u00f3 discriminaci\u00f3n en los 12 meses previos a la encuesta.<\/p>\n\n\n\n<p>De las mujeres con discapacidad, 33.4 % report\u00f3 haber sido discriminada, y 34.4 % de los hombres con discapacidad report\u00f3 haber sido discriminado en los 12 meses previos.<\/p>\n\n\n\n<p>La discriminaci\u00f3n hacia las personas con discapacidad es multifactorial. Los prejuicios que motivan la discriminaci\u00f3n, adem\u00e1s de la discapacidad, con 49.6 %, son: la edad, con 26.1 %, el peso o estatura, con 20.6 %, la forma de vestir o arreglo personal, con 21.6 %, la clase social, con 13.6 % y sexo 13.2 por ciento.<img loading=\"lazy\" decoding=\"async\" alt=\"03\/06\/2023 Una mujer mayor en silla de ruedas y su cuidadora pasean por el centro de la ciudad, a 4 de junio de 2023, en Madrid (Espa\u00f1a). La poblaci\u00f3n mayor de 64 a\u00f1os en Espa\u00f1a supera ya el 20% del total y supera al grupo de personas menor de 20 a\u00f1os,  lo que produce un &quot;creciente desequilibrio&quot; entre el tama\u00f1o de las generaciones de mayor y de menor edad, seg\u00fan un an\u00e1lisis realizado por la Fundaci\u00f3n de las Cajas de Ahorro (Funcas). Este desequilibrio plantea un desaf\u00edo a la solidaridad intergeneracional, toda vez que los colectivos de los que se esperan comportamientos solidarios tienen, por su distinto volumen, recursos que los sit\u00faan en posiciones diferentes en la estructura econ\u00f3mica, social y pol\u00edtica. Hoy d\u00eda las generaciones mayores son las que absorben m\u00e1s parte de la renta nacional. Adem\u00e1s su peso demogr\u00e1fico las convierte en actores determinantes de los resultados electorales.\nSOCIEDAD \nJes\u00fas Hell\u00edn - Europa Press\n\" height=\"2839\" src=\"https:\/\/www.infobae.com\/resizer\/v2\/F7VEVATRUNB6RG23D7YEIZLHLQ.jpg?auth=4742e10d031b7425b82ed5c31d2aa6f2890c106013549d58f94edc03d30c7af0&amp;smart=true&amp;width=350&amp;height=233&amp;quality=85\" width=\"4259\">03\/06\/2023 Una mujer mayor en silla de ruedas y su cuidadora pasean por el centro de la ciudad, a 4 de junio de 2023, en Madrid (Espa\u00f1a). La poblaci\u00f3n mayor de 64 a\u00f1os en Espa\u00f1a supera ya el 20% del total y supera al grupo de personas menor de 20 a\u00f1os, lo que produce un &#8220;creciente desequilibrio&#8221; entre el tama\u00f1o de las generaciones de mayor y de menor edad, seg\u00fan un an\u00e1lisis realizado por la Fundaci\u00f3n de las Cajas de Ahorro (Funcas). Este desequilibrio plantea un desaf\u00edo a la solidaridad intergeneracional, toda vez que los colectivos de los que se esperan comportamientos solidarios tienen, por su distinto volumen, recursos que los sit\u00faan en posiciones diferentes en la estructura econ\u00f3mica, social y pol\u00edtica. Hoy d\u00eda las generaciones mayores son las que absorben m\u00e1s parte de la renta nacional. Adem\u00e1s su peso demogr\u00e1fico las convierte en actores determinantes de los resultados electorales. SOCIEDAD Jes\u00fas Hell\u00edn &#8211; Europa Press<\/p>\n\n\n\n<h2 class=\"wp-block-heading\">&lt;b&gt;Violencia obst\u00e9trica&lt;\/b&gt;<\/h2>\n\n\n\n<p>De acuerdo con la Organizaci\u00f3n Mundial de la Salud (OMS), numerosas mujeres alrededor del mundo enfrentan un trato irrespetuoso y ofensivo al dar a luz en establecimientos de salud.<\/p>\n\n\n\n<p>En M\u00e9xico, de acuerdo con la ENDIREH 2021, de las 7 millones 839 mil 186 mujeres de 15 a 49 a\u00f1os que tuvieron el nacimiento de un hijo entre 2016 y 2021, el 31.4 % e<strong>xperiment\u00f3 violencia durante el parto o la ces\u00e1rea<\/strong>; con una diferencia de 22.8 puntos porcentuales por lugar de atenci\u00f3n.<\/p>\n\n\n\n<p>Fue mayor la prevalencia de violencia cuando los partos<strong>&nbsp;ocurrieron en hospitales<\/strong>&nbsp;o cl\u00ednicas del sector p\u00fablico, con 37.9 %, que en los del privado, con 15.1 por ciento.<\/p>\n\n\n\n<p>Los actos que experimentaron en mayor porcentaje estas mujeres fueron: le gritaron o la rega\u00f1aron, con 11.0 %, la presionaron para que aceptara que le pusieran un dispositivo o la operaran para ya no tener hijos, con 9.7 %, la ignoraban cuando preguntaba cosas sobre su parto o sobre su beb\u00e9 (9.0 %), se tardaron mucho tiempo en atenderla porque le dijeron que estaba gritando o quej\u00e1ndose mucho (8.0 %) y la obligaron a permanecer en una posici\u00f3n inc\u00f3moda o molesta 7.2 por ciento.<img loading=\"lazy\" decoding=\"async\" alt=\"La violencia obst\u00e9trica y la muerte materna son evidencias de la falta de atenci\u00f3n con enfoque de g\u00e9nero en el sector Salid. Foto: Juan Thomes\" height=\"901\" src=\"https:\/\/www.infobae.com\/resizer\/v2\/6WC6LDAFAZGYNCLBTEJTAU7ALM.jpg?auth=010d31219618fa2fa3a478c2ad51af77652ba6e53abed1439605f297fb3739af&amp;smart=true&amp;width=350&amp;height=263&amp;quality=85\" width=\"1200\">La violencia obst\u00e9trica y la muerte materna son evidencias de la falta de atenci\u00f3n con enfoque de g\u00e9nero en el sector Salid. Foto: Juan Thomes<\/p>\n\n\n\n<p>Con informaci\u00f3n de INFOBAE<\/p>\n","protected":false},"excerpt":{"rendered":"<p>El Instituto Nacional de Estad\u00edstica y Geograf\u00eda (INEGI) public\u00f3 las cifras de los casos de<\/p>\n","protected":false},"author":1,"featured_media":12351,"comment_status":"open","ping_status":"open","sticky":false,"template":"","format":"standard","meta":{"om_disable_all_campaigns":false,"_monsterinsights_skip_tracking":false,"_monsterinsights_sitenote_active":false,"_monsterinsights_sitenote_note":"","_monsterinsights_sitenote_category":0,"_jetpack_memberships_contains_paid_content":false,"footnotes":"","jetpack_publicize_message":"","jetpack_publicize_feature_enabled":true,"jetpack_social_post_already_shared":false,"jetpack_social_options":{"image_generator_settings":{"template":"highway","enabled":false},"version":2}},"categories":[5],"tags":[],"class_list":["post-12350","post","type-post","status-publish","format-standard","has-post-thumbnail","hentry","category-nacional"],"jetpack_publicize_connections":[],"aioseo_notices":[],"jetpack_featured_media_url":"https:\/\/samanoticiasdurango.com\/wp-content\/uploads\/000-10.jpg","featured_image_urls":{"full":["https:\/\/samanoticiasdurango.com\/wp-content\/uploads\/000-10.jpg",828,466,false],"thumbnail":["https:\/\/samanoticiasdurango.com\/wp-content\/uploads\/000-10-150x150.jpg",150,150,true],"medium":["https:\/\/samanoticiasdurango.com\/wp-content\/uploads\/000-10-300x169.jpg",300,169,true],"medium_large":["https:\/\/samanoticiasdurango.com\/wp-content\/uploads\/000-10-768x432.jpg",640,360,true],"large":["https:\/\/samanoticiasdurango.com\/wp-content\/uploads\/000-10.jpg",640,360,false],"1536x1536":["https:\/\/samanoticiasdurango.com\/wp-content\/uploads\/000-10.jpg",828,466,false],"2048x2048":["https:\/\/samanoticiasdurango.com\/wp-content\/uploads\/000-10.jpg",828,466,false],"chromenews-featured":["https:\/\/samanoticiasdurango.com\/wp-content\/uploads\/000-10.jpg",828,466,false],"chromenews-large":["https:\/\/samanoticiasdurango.com\/wp-content\/uploads\/000-10-825x466.jpg",825,466,true],"chromenews-medium":["https:\/\/samanoticiasdurango.com\/wp-content\/uploads\/000-10-590x410.jpg",590,410,true]},"author_info":{"display_name":"Redacci\u00f3n","author_link":"https:\/\/samanoticiasdurango.com\/index.php\/author\/jjsama13gmail-com\/"},"category_info":"<a href=\"https:\/\/samanoticiasdurango.com\/index.php\/category\/nacional\/\" rel=\"category tag\">NACIONAL<\/a>","tag_info":"NACIONAL","comment_count":"0","jetpack_sharing_enabled":true,"_links":{"self":[{"href":"https:\/\/samanoticiasdurango.com\/index.php\/wp-json\/wp\/v2\/posts\/12350","targetHints":{"allow":["GET"]}}],"collection":[{"href":"https:\/\/samanoticiasdurango.com\/index.php\/wp-json\/wp\/v2\/posts"}],"about":[{"href":"https:\/\/samanoticiasdurango.com\/index.php\/wp-json\/wp\/v2\/types\/post"}],"author":[{"embeddable":true,"href":"https:\/\/samanoticiasdurango.com\/index.php\/wp-json\/wp\/v2\/users\/1"}],"replies":[{"embeddable":true,"href":"https:\/\/samanoticiasdurango.com\/index.php\/wp-json\/wp\/v2\/comments?post=12350"}],"version-history":[{"count":1,"href":"https:\/\/samanoticiasdurango.com\/index.php\/wp-json\/wp\/v2\/posts\/12350\/revisions"}],"predecessor-version":[{"id":12352,"href":"https:\/\/samanoticiasdurango.com\/index.php\/wp-json\/wp\/v2\/posts\/12350\/revisions\/12352"}],"wp:featuredmedia":[{"embeddable":true,"href":"https:\/\/samanoticiasdurango.com\/index.php\/wp-json\/wp\/v2\/media\/12351"}],"wp:attachment":[{"href":"https:\/\/samanoticiasdurango.com\/index.php\/wp-json\/wp\/v2\/media?parent=12350"}],"wp:term":[{"taxonomy":"category","embeddable":true,"href":"https:\/\/samanoticiasdurango.com\/index.php\/wp-json\/wp\/v2\/categories?post=12350"},{"taxonomy":"post_tag","embeddable":true,"href":"https:\/\/samanoticiasdurango.com\/index.php\/wp-json\/wp\/v2\/tags?post=12350"}],"curies":[{"name":"wp","href":"https:\/\/api.w.org\/{rel}","templated":true}]}}