{"id":12389,"date":"2024-11-27T23:24:48","date_gmt":"2024-11-27T23:24:48","guid":{"rendered":"https:\/\/samanoticiasdurango.com\/?p=12389"},"modified":"2024-11-27T23:24:49","modified_gmt":"2024-11-27T23:24:49","slug":"decision-del-presupuesto-participativo-en-manos-de-la-gran-familia","status":"publish","type":"post","link":"https:\/\/samanoticiasdurango.com\/index.php\/2024\/11\/27\/decision-del-presupuesto-participativo-en-manos-de-la-gran-familia\/","title":{"rendered":"Decisi\u00f3n del Presupuesto Participativo en manos de la gran familia."},"content":{"rendered":"\n<p>La votaci\u00f3n del Presupuesto Participativo est\u00e1 a la vuelta de la esquina. Este 08<br>de diciembre, las y los duranguenses tendr\u00e1n la oportunidad de decidir en qu\u00e9 se<br>invertir\u00e1n 70 mdp para transformar su comunidad con obras propuestas por la<br>misma ciudadan\u00eda. <\/p>\n\n\n\n<p>Este ejercicio democr\u00e1tico permite a la gran familia<br>duranguense tomar las riendas del desarrollo de su entorno.<\/p>\n\n\n\n<p>\u201cEs el momento de hacer realidad los sue\u00f1os que tenemos para nuestras colonias,<br>barrios y fraccionamientos.<\/p>\n\n\n\n<p> Los invito a salir y participar, porque juntos decidimos<br>el futuro de Durango a trav\u00e9s del Presupuesto Participativo\u201d, expres\u00f3 To\u00f1o Ochoa,<br>quien destac\u00f3 la importancia de este programa para generar obras de impacto<br>directo en las comunidades.<\/p>\n\n\n\n<p>Asimismo, mencion\u00f3 que, el llamado es a votar por proyectos que incluyen<br>pavimentaci\u00f3n, rehabilitaci\u00f3n de \u00e1reas verdes, canchas deportivas, infraestructura<br>educativa y m\u00e1s. <\/p>\n\n\n\n<p>Estas acciones est\u00e1n dise\u00f1adas para mejorar la calidad de vida y<br>el bienestar de la ciudadan\u00eda.<\/p>\n\n\n\n<p>La jornada se llevar\u00e1 a cabo de 8:00 a 17:00 h y contempla m\u00e1s de 300 proyectos<br>en esta tercera edici\u00f3n. <\/p>\n\n\n\n<p>Con la meta de superar los 30 mil votos registrados en la<br>\u00faltima elecci\u00f3n, el Presupuesto Participativo reafirma su compromiso de escuchar<br>y actuar en beneficio de la gran familia duranguense.<\/p>\n","protected":false},"excerpt":{"rendered":"<p>La votaci\u00f3n del Presupuesto Participativo est\u00e1 a la vuelta de la esquina. Este 08de diciembre,<\/p>\n","protected":false},"author":1,"featured_media":12390,"comment_status":"open","ping_status":"open","sticky":false,"template":"","format":"standard","meta":{"om_disable_all_campaigns":false,"_monsterinsights_skip_tracking":false,"_monsterinsights_sitenote_active":false,"_monsterinsights_sitenote_note":"","_monsterinsights_sitenote_category":0,"_jetpack_memberships_contains_paid_content":false,"footnotes":"","jetpack_publicize_message":"","jetpack_publicize_feature_enabled":true,"jetpack_social_post_already_shared":false,"jetpack_social_options":{"image_generator_settings":{"template":"highway","enabled":false},"version":2}},"categories":[1],"tags":[],"class_list":["post-12389","post","type-post","status-publish","format-standard","has-post-thumbnail","hentry","category-archivo"],"jetpack_publicize_connections":[],"aioseo_notices":[],"jetpack_featured_media_url":"https:\/\/samanoticiasdurango.com\/wp-content\/uploads\/01.-PRESUPUESTO-PARTICIPATIVO-1-scaled.jpeg","featured_image_urls":{"full":["https:\/\/samanoticiasdurango.com\/wp-content\/uploads\/01.-PRESUPUESTO-PARTICIPATIVO-1-scaled.jpeg",2560,1707,false],"thumbnail":["https:\/\/samanoticiasdurango.com\/wp-content\/uploads\/01.-PRESUPUESTO-PARTICIPATIVO-1-150x150.jpeg",150,150,true],"medium":["https:\/\/samanoticiasdurango.com\/wp-content\/uploads\/01.-PRESUPUESTO-PARTICIPATIVO-1-300x200.jpeg",300,200,true],"medium_large":["https:\/\/samanoticiasdurango.com\/wp-content\/uploads\/01.-PRESUPUESTO-PARTICIPATIVO-1-768x512.jpeg",640,427,true],"large":["https:\/\/samanoticiasdurango.com\/wp-content\/uploads\/01.-PRESUPUESTO-PARTICIPATIVO-1-1024x683.jpeg",640,427,true],"1536x1536":["https:\/\/samanoticiasdurango.com\/wp-content\/uploads\/01.-PRESUPUESTO-PARTICIPATIVO-1-1536x1024.jpeg",1536,1024,true],"2048x2048":["https:\/\/samanoticiasdurango.com\/wp-content\/uploads\/01.-PRESUPUESTO-PARTICIPATIVO-1-2048x1366.jpeg",2048,1366,true],"chromenews-featured":["https:\/\/samanoticiasdurango.com\/wp-content\/uploads\/01.-PRESUPUESTO-PARTICIPATIVO-1-1024x683.jpeg",1024,683,true],"chromenews-large":["https:\/\/samanoticiasdurango.com\/wp-content\/uploads\/01.-PRESUPUESTO-PARTICIPATIVO-1-825x575.jpeg",825,575,true],"chromenews-medium":["https:\/\/samanoticiasdurango.com\/wp-content\/uploads\/01.-PRESUPUESTO-PARTICIPATIVO-1-590x410.jpeg",590,410,true]},"author_info":{"display_name":"Redacci\u00f3n","author_link":"https:\/\/samanoticiasdurango.com\/index.php\/author\/jjsama13gmail-com\/"},"category_info":"<a href=\"https:\/\/samanoticiasdurango.com\/index.php\/category\/archivo\/\" rel=\"category tag\">DURANGO<\/a>","tag_info":"DURANGO","comment_count":"0","jetpack_sharing_enabled":true,"_links":{"self":[{"href":"https:\/\/samanoticiasdurango.com\/index.php\/wp-json\/wp\/v2\/posts\/12389","targetHints":{"allow":["GET"]}}],"collection":[{"href":"https:\/\/samanoticiasdurango.com\/index.php\/wp-json\/wp\/v2\/posts"}],"about":[{"href":"https:\/\/samanoticiasdurango.com\/index.php\/wp-json\/wp\/v2\/types\/post"}],"author":[{"embeddable":true,"href":"https:\/\/samanoticiasdurango.com\/index.php\/wp-json\/wp\/v2\/users\/1"}],"replies":[{"embeddable":true,"href":"https:\/\/samanoticiasdurango.com\/index.php\/wp-json\/wp\/v2\/comments?post=12389"}],"version-history":[{"count":1,"href":"https:\/\/samanoticiasdurango.com\/index.php\/wp-json\/wp\/v2\/posts\/12389\/revisions"}],"predecessor-version":[{"id":12391,"href":"https:\/\/samanoticiasdurango.com\/index.php\/wp-json\/wp\/v2\/posts\/12389\/revisions\/12391"}],"wp:featuredmedia":[{"embeddable":true,"href":"https:\/\/samanoticiasdurango.com\/index.php\/wp-json\/wp\/v2\/media\/12390"}],"wp:attachment":[{"href":"https:\/\/samanoticiasdurango.com\/index.php\/wp-json\/wp\/v2\/media?parent=12389"}],"wp:term":[{"taxonomy":"category","embeddable":true,"href":"https:\/\/samanoticiasdurango.com\/index.php\/wp-json\/wp\/v2\/categories?post=12389"},{"taxonomy":"post_tag","embeddable":true,"href":"https:\/\/samanoticiasdurango.com\/index.php\/wp-json\/wp\/v2\/tags?post=12389"}],"curies":[{"name":"wp","href":"https:\/\/api.w.org\/{rel}","templated":true}]}}