{"id":12437,"date":"2024-12-02T03:50:49","date_gmt":"2024-12-02T03:50:49","guid":{"rendered":"https:\/\/samanoticiasdurango.com\/?p=12437"},"modified":"2024-12-02T03:52:49","modified_gmt":"2024-12-02T03:52:49","slug":"una-nueva-caravana-de-migrantes-se-prepara-para-partir-desde-tapachula-con-destino-a-estados-unidos","status":"publish","type":"post","link":"https:\/\/samanoticiasdurango.com\/index.php\/2024\/12\/02\/una-nueva-caravana-de-migrantes-se-prepara-para-partir-desde-tapachula-con-destino-a-estados-unidos\/","title":{"rendered":"Una nueva caravana de migrantes se prepara para partir desde Tapachula con destino a Estados Unidos."},"content":{"rendered":"\n<p><br>Una nueva caravana de al menos dos mil migrantes partir\u00e1 este lunes desde Tapachula hacia Estados Unidos<\/p>\n\n\n\n<p>diciembre 1, 2024<\/p>\n\n\n\n<p>M\u00e1s de 2 mil migrantes se alistan para integrar una&nbsp;<strong>nueva caravana<\/strong>&nbsp;que saldr\u00e1 caminando en las primeras horas del lunes desde la ciudad de&nbsp;<strong>Tapachula<\/strong>, Chiapas, frontera con Guatemala, para intentar&nbsp;<strong>llegar<\/strong>&nbsp;a&nbsp;<strong>Estados<\/strong>&nbsp;<strong>Unidos<\/strong>.<\/p>\n\n\n\n<p>La salida de los miles de migrantes ocurre en medio de las tensiones entre M\u00e9xico y Estados Unidos previo a la llegada a la Casa Blanca del presidente electo de EE.UU.,&nbsp;<strong>Donald<\/strong>&nbsp;<strong>Trump<\/strong>, quien ha anunciado&nbsp;<a href=\"https:\/\/lopezdoriga.com\/internacional\/trump-declarara-emergencia-nacional-usara-ejercito-deportacion-migrantes\/\" target=\"_blank\" rel=\"noreferrer noopener\">deportaciones masivas<\/a>&nbsp;de migrantes cuando asuma el poder.<\/p>\n\n\n\n<p>Este domingo los indocumentados se reunieron para repasar su plan de acci\u00f3n y definir la etapas de su andar. La caravana la integran personas, en su mayor\u00eda, de&nbsp;<strong>Venezuela<\/strong>,&nbsp;<strong>Cuba<\/strong>,&nbsp;<strong>Ecuador<\/strong>,&nbsp;<strong>Nicaragua<\/strong>,&nbsp;<strong>Rep\u00fablica Dominicana<\/strong>,&nbsp;<strong>Colombia<\/strong>&nbsp;y de pa\u00edses de Centroam\u00e9rica.<\/p>\n\n\n\n<p>Miguel \u00c1ngel, un migrante de Ecuador, cont\u00f3 a EFE que en los \u00faltimos d\u00edas se ha aumentado el n\u00famero de personas que deciden salir de Tapachula por la inseguridad, por la aglomeraci\u00f3n de migrantes y la desesperaci\u00f3n de llegar a un lugar donde puedan establecerse y conseguir un empleo.<\/p>\n\n\n\n<p>Dijo que los migrantes ya no conf\u00edan en el Instituto Nacional de Migraci\u00f3n (INM), dependiente de la Secretar\u00eda de Gobernaci\u00f3n.<\/p>\n\n\n\n<p>\u201cVoy ha ser honesto, no hay en quien confiar, hemos sido testigos cuando los agentes migratorios dicen que nos van ayudar, pero es mentira y nos detienen tres d\u00edas y no nos ayudan con documentos, ni nada, por eso es que no confiamos en nadie, solo vamos con la ayuda de dios\u201d, apunt\u00f3.<\/p>\n\n\n\n<p>En tanto, un migrante de El Salvador, Elieser, dijo a EFE que tienen un mes y 10 d\u00edas de estancia en Tapachula, tiempo en el que ya hubiera recorrido los poco m\u00e1s de mil 100 kil\u00f3metros que hay de distancia entre Tapachula y la Ciudad de M\u00e9xico, capital del pa\u00eds.<\/p>\n\n\n\n<p>\u201cLa gente est\u00e1 cansada de estar en Tapachula, no hay trabajo, no hay hospedajes para dormir, no hay dinero y las personas llevan entre cuatro y cinco meses en espera y no consiguen nada en esta ciudad\u201d, expres\u00f3.<\/p>\n\n\n\n<p>Se\u00f1al\u00f3 que ellos saben que hay muchos obst\u00e1culos para llegar a la Ciudad de M\u00e9xico y advirtieron que no se dejar\u00e1n intimar o aceptar\u00e1n ning\u00fan trato de las autoridades mexicanas ya que su objetivo es caminar contrarreloj a la frontera con Estados Unidos.<\/p>\n\n\n\n<p>Los migrantes pactaron llegar desde el domingo por la noche al parque Bicentenario, en Tapachula, para que durante las primeras horas del lunes partan con la esperanza de poder llegar a la Ciudad de M\u00e9xico.<\/p>\n\n\n\n<p>Otro migrante de Venezuela, Bryan, relat\u00f3 que han decido organizar esta caravana porque desde Tapachula no pueden salir en autob\u00fas y no cuentan con empleo, mientras esperan la cita de CBP ONE, para poder solicitar asilo en Estados Unidos.<\/p>\n\n\n\n<p>\u201cSaldremos caminando el lunes en la madrugada, le pedimos al gobierno de Estados Unidos que nos abran la puerta, vamos all\u00e1 para trabajar, no importa el presidente que est\u00e9\u201d, apunt\u00f3.<\/p>\n\n\n\n<p>Este domingo la caravana que sali\u00f3 de Tapachula el pasado 20 de noviembre avanza por el municipio de Arriaga, Chiapas, a unos 250 kil\u00f3metros de Tapachula, con el objetivo de cruzar hacia Oaxaca, vecino de Chiapas, para seguir su camino a la Ciudad de M\u00e9xico.<\/p>\n\n\n\n<p>En total, M\u00e9xico detect\u00f3 un r\u00e9cord de 925 mil 85 migrantes irregulares de enero a agosto de 2024, un incremento del 131.86 por ciento ante los 398 mil 991 del mismo lapso del a\u00f1o anterior.<\/p>\n\n\n\n<p><strong>Con informaci\u00f3n de EFE<\/strong><\/p>\n","protected":false},"excerpt":{"rendered":"<p>Una nueva caravana de al menos dos mil migrantes partir\u00e1 este lunes desde Tapachula hacia<\/p>\n","protected":false},"author":1,"featured_media":12438,"comment_status":"open","ping_status":"open","sticky":false,"template":"","format":"standard","meta":{"om_disable_all_campaigns":false,"_monsterinsights_skip_tracking":false,"_monsterinsights_sitenote_active":false,"_monsterinsights_sitenote_note":"","_monsterinsights_sitenote_category":0,"_jetpack_memberships_contains_paid_content":false,"footnotes":"","jetpack_publicize_message":"","jetpack_publicize_feature_enabled":true,"jetpack_social_post_already_shared":false,"jetpack_social_options":{"image_generator_settings":{"template":"highway","enabled":false},"version":2}},"categories":[5],"tags":[],"class_list":["post-12437","post","type-post","status-publish","format-standard","has-post-thumbnail","hentry","category-nacional"],"jetpack_publicize_connections":[],"aioseo_notices":[],"jetpack_featured_media_url":"https:\/\/samanoticiasdurango.com\/wp-content\/uploads\/acordonamiento-policial-tras-masacre-en-vivienda-de-jiutepec-morelos.webp","featured_image_urls":{"full":["https:\/\/samanoticiasdurango.com\/wp-content\/uploads\/acordonamiento-policial-tras-masacre-en-vivienda-de-jiutepec-morelos.webp",800,450,false],"thumbnail":["https:\/\/samanoticiasdurango.com\/wp-content\/uploads\/acordonamiento-policial-tras-masacre-en-vivienda-de-jiutepec-morelos-150x150.webp",150,150,true],"medium":["https:\/\/samanoticiasdurango.com\/wp-content\/uploads\/acordonamiento-policial-tras-masacre-en-vivienda-de-jiutepec-morelos-300x169.webp",300,169,true],"medium_large":["https:\/\/samanoticiasdurango.com\/wp-content\/uploads\/acordonamiento-policial-tras-masacre-en-vivienda-de-jiutepec-morelos-768x432.webp",640,360,true],"large":["https:\/\/samanoticiasdurango.com\/wp-content\/uploads\/acordonamiento-policial-tras-masacre-en-vivienda-de-jiutepec-morelos.webp",640,360,false],"1536x1536":["https:\/\/samanoticiasdurango.com\/wp-content\/uploads\/acordonamiento-policial-tras-masacre-en-vivienda-de-jiutepec-morelos.webp",800,450,false],"2048x2048":["https:\/\/samanoticiasdurango.com\/wp-content\/uploads\/acordonamiento-policial-tras-masacre-en-vivienda-de-jiutepec-morelos.webp",800,450,false],"chromenews-featured":["https:\/\/samanoticiasdurango.com\/wp-content\/uploads\/acordonamiento-policial-tras-masacre-en-vivienda-de-jiutepec-morelos.webp",800,450,false],"chromenews-large":["https:\/\/samanoticiasdurango.com\/wp-content\/uploads\/acordonamiento-policial-tras-masacre-en-vivienda-de-jiutepec-morelos.webp",800,450,false],"chromenews-medium":["https:\/\/samanoticiasdurango.com\/wp-content\/uploads\/acordonamiento-policial-tras-masacre-en-vivienda-de-jiutepec-morelos-590x410.webp",590,410,true]},"author_info":{"display_name":"Redacci\u00f3n","author_link":"https:\/\/samanoticiasdurango.com\/index.php\/author\/jjsama13gmail-com\/"},"category_info":"<a href=\"https:\/\/samanoticiasdurango.com\/index.php\/category\/nacional\/\" rel=\"category tag\">NACIONAL<\/a>","tag_info":"NACIONAL","comment_count":"0","jetpack_sharing_enabled":true,"_links":{"self":[{"href":"https:\/\/samanoticiasdurango.com\/index.php\/wp-json\/wp\/v2\/posts\/12437","targetHints":{"allow":["GET"]}}],"collection":[{"href":"https:\/\/samanoticiasdurango.com\/index.php\/wp-json\/wp\/v2\/posts"}],"about":[{"href":"https:\/\/samanoticiasdurango.com\/index.php\/wp-json\/wp\/v2\/types\/post"}],"author":[{"embeddable":true,"href":"https:\/\/samanoticiasdurango.com\/index.php\/wp-json\/wp\/v2\/users\/1"}],"replies":[{"embeddable":true,"href":"https:\/\/samanoticiasdurango.com\/index.php\/wp-json\/wp\/v2\/comments?post=12437"}],"version-history":[{"count":1,"href":"https:\/\/samanoticiasdurango.com\/index.php\/wp-json\/wp\/v2\/posts\/12437\/revisions"}],"predecessor-version":[{"id":12439,"href":"https:\/\/samanoticiasdurango.com\/index.php\/wp-json\/wp\/v2\/posts\/12437\/revisions\/12439"}],"wp:featuredmedia":[{"embeddable":true,"href":"https:\/\/samanoticiasdurango.com\/index.php\/wp-json\/wp\/v2\/media\/12438"}],"wp:attachment":[{"href":"https:\/\/samanoticiasdurango.com\/index.php\/wp-json\/wp\/v2\/media?parent=12437"}],"wp:term":[{"taxonomy":"category","embeddable":true,"href":"https:\/\/samanoticiasdurango.com\/index.php\/wp-json\/wp\/v2\/categories?post=12437"},{"taxonomy":"post_tag","embeddable":true,"href":"https:\/\/samanoticiasdurango.com\/index.php\/wp-json\/wp\/v2\/tags?post=12437"}],"curies":[{"name":"wp","href":"https:\/\/api.w.org\/{rel}","templated":true}]}}