{"id":12447,"date":"2024-12-03T21:34:22","date_gmt":"2024-12-03T21:34:22","guid":{"rendered":"https:\/\/samanoticiasdurango.com\/?p=12447"},"modified":"2024-12-03T21:34:41","modified_gmt":"2024-12-03T21:34:41","slug":"personas-con-discapacidad-merecenuna-sociedad-incluyente-cynthia-mont","status":"publish","type":"post","link":"https:\/\/samanoticiasdurango.com\/index.php\/2024\/12\/03\/personas-con-discapacidad-merecenuna-sociedad-incluyente-cynthia-mont\/","title":{"rendered":"Personas con discapacidad merecen una sociedad incluyente: Cynthia Mont"},"content":{"rendered":"\n<p>En el marco del D\u00eda Internacional de las Personas con Discapacidad, la diputada Cynthia Montserrat Hern\u00e1ndez Qui\u00f1ones, present\u00f3 una iniciativa para crear la Ley para la Consulta Activa e Inclusiva en Materia de Personas con Discapacidad en el Estado para garantizar su participaci\u00f3n en la formulaci\u00f3n, implementaci\u00f3n, monitoreo y evaluaci\u00f3n de pol\u00edticas p\u00fablicas, leyes, programas y acciones que impacten sus derechos.<\/p>\n\n\n\n<p>\u201cEsta propuesta busca que toda acci\u00f3n legislativa y gubernamental relacionada con este sector sea consultada de manera obligatoria y vinculante, bajo principios de inclusi\u00f3n, accesibilidad universal, participaci\u00f3n activa y respeto a los derechos humanos\u201d, precis\u00f3 al realizar la ampliaci\u00f3n de motivos.<\/p>\n\n\n\n<p>A nombre del Grupo Parlamentario de Morena, explic\u00f3 que la propuesta legislativa est\u00e1 sustentada en compromisos internacionales como la Convenci\u00f3n sobre los Derechos de las Personas con Discapacidad (CDPD).<\/p>\n\n\n\n<p>\u201cDurango puede y debe convertirse en un referente en gobernanza inclusiva, reconociendo y respondiendo a las deudas hist\u00f3ricas con este sector de la poblaci\u00f3n\u201d, destac\u00f3 la diputada.<\/p>\n\n\n\n<p>Agreg\u00f3 que la propuesta central establecer un proceso obligatorio y reglamentado para consultas p\u00fablicas con personas con discapacidad, y promueve la inclusi\u00f3n efectiva de mujeres, ni\u00f1os, j\u00f3venes e ind\u00edgenas con discapacidad en todos los procesos consultivos.<\/p>\n\n\n\n<p>Explic\u00f3 que los ejes del proceso de consulta prev\u00e9n que las convocatorias deber\u00e1n hacerse con al menos 60 d\u00edas de anticipaci\u00f3n, asegurar la accesibilidad en el dise\u00f1o de los mecanismos de consulta y representaci\u00f3n equitativa.<\/p>\n\n\n\n<p>Adem\u00e1s de realizaci\u00f3n de foros regionales accesibles, usar tecnolog\u00edas inclusivas y formatos adaptados, como lengua de se\u00f1as, braille y lectura f\u00e1cil, donde la validaci\u00f3n de resultados deber\u00e1 realizarse por organizaciones representativas de personas con discapacidad (OPD).<\/p>\n\n\n\n<p>\u201cCon esta propuesta, Durango da un paso importante hacia la construcci\u00f3n de una sociedad m\u00e1s equitativa y solidaria, poniendo en el centro los derechos y necesidades de las personas con discapacidad\u201d, concluy\u00f3.<\/p>\n","protected":false},"excerpt":{"rendered":"<p>En el marco del D\u00eda Internacional de las Personas con Discapacidad, la diputada Cynthia Montserrat<\/p>\n","protected":false},"author":1,"featured_media":12448,"comment_status":"open","ping_status":"open","sticky":false,"template":"","format":"standard","meta":{"om_disable_all_campaigns":false,"_monsterinsights_skip_tracking":false,"_monsterinsights_sitenote_active":false,"_monsterinsights_sitenote_note":"","_monsterinsights_sitenote_category":0,"_jetpack_memberships_contains_paid_content":false,"footnotes":"","jetpack_publicize_message":"","jetpack_publicize_feature_enabled":true,"jetpack_social_post_already_shared":false,"jetpack_social_options":{"image_generator_settings":{"template":"highway","enabled":false},"version":2}},"categories":[1],"tags":[],"class_list":["post-12447","post","type-post","status-publish","format-standard","has-post-thumbnail","hentry","category-archivo"],"jetpack_publicize_connections":[],"aioseo_notices":[],"jetpack_featured_media_url":"https:\/\/samanoticiasdurango.com\/wp-content\/uploads\/WhatsApp-Image-2024-12-03-at-3.04.31-PM.jpeg","featured_image_urls":{"full":["https:\/\/samanoticiasdurango.com\/wp-content\/uploads\/WhatsApp-Image-2024-12-03-at-3.04.31-PM.jpeg",1280,1192,false],"thumbnail":["https:\/\/samanoticiasdurango.com\/wp-content\/uploads\/WhatsApp-Image-2024-12-03-at-3.04.31-PM-150x150.jpeg",150,150,true],"medium":["https:\/\/samanoticiasdurango.com\/wp-content\/uploads\/WhatsApp-Image-2024-12-03-at-3.04.31-PM-300x279.jpeg",300,279,true],"medium_large":["https:\/\/samanoticiasdurango.com\/wp-content\/uploads\/WhatsApp-Image-2024-12-03-at-3.04.31-PM-768x715.jpeg",640,596,true],"large":["https:\/\/samanoticiasdurango.com\/wp-content\/uploads\/WhatsApp-Image-2024-12-03-at-3.04.31-PM-1024x954.jpeg",640,596,true],"1536x1536":["https:\/\/samanoticiasdurango.com\/wp-content\/uploads\/WhatsApp-Image-2024-12-03-at-3.04.31-PM.jpeg",1280,1192,false],"2048x2048":["https:\/\/samanoticiasdurango.com\/wp-content\/uploads\/WhatsApp-Image-2024-12-03-at-3.04.31-PM.jpeg",1280,1192,false],"chromenews-featured":["https:\/\/samanoticiasdurango.com\/wp-content\/uploads\/WhatsApp-Image-2024-12-03-at-3.04.31-PM-1024x954.jpeg",1024,954,true],"chromenews-large":["https:\/\/samanoticiasdurango.com\/wp-content\/uploads\/WhatsApp-Image-2024-12-03-at-3.04.31-PM-825x575.jpeg",825,575,true],"chromenews-medium":["https:\/\/samanoticiasdurango.com\/wp-content\/uploads\/WhatsApp-Image-2024-12-03-at-3.04.31-PM-590x410.jpeg",590,410,true]},"author_info":{"display_name":"Redacci\u00f3n","author_link":"https:\/\/samanoticiasdurango.com\/index.php\/author\/jjsama13gmail-com\/"},"category_info":"<a href=\"https:\/\/samanoticiasdurango.com\/index.php\/category\/archivo\/\" rel=\"category tag\">DURANGO<\/a>","tag_info":"DURANGO","comment_count":"0","jetpack_sharing_enabled":true,"_links":{"self":[{"href":"https:\/\/samanoticiasdurango.com\/index.php\/wp-json\/wp\/v2\/posts\/12447","targetHints":{"allow":["GET"]}}],"collection":[{"href":"https:\/\/samanoticiasdurango.com\/index.php\/wp-json\/wp\/v2\/posts"}],"about":[{"href":"https:\/\/samanoticiasdurango.com\/index.php\/wp-json\/wp\/v2\/types\/post"}],"author":[{"embeddable":true,"href":"https:\/\/samanoticiasdurango.com\/index.php\/wp-json\/wp\/v2\/users\/1"}],"replies":[{"embeddable":true,"href":"https:\/\/samanoticiasdurango.com\/index.php\/wp-json\/wp\/v2\/comments?post=12447"}],"version-history":[{"count":2,"href":"https:\/\/samanoticiasdurango.com\/index.php\/wp-json\/wp\/v2\/posts\/12447\/revisions"}],"predecessor-version":[{"id":12451,"href":"https:\/\/samanoticiasdurango.com\/index.php\/wp-json\/wp\/v2\/posts\/12447\/revisions\/12451"}],"wp:featuredmedia":[{"embeddable":true,"href":"https:\/\/samanoticiasdurango.com\/index.php\/wp-json\/wp\/v2\/media\/12448"}],"wp:attachment":[{"href":"https:\/\/samanoticiasdurango.com\/index.php\/wp-json\/wp\/v2\/media?parent=12447"}],"wp:term":[{"taxonomy":"category","embeddable":true,"href":"https:\/\/samanoticiasdurango.com\/index.php\/wp-json\/wp\/v2\/categories?post=12447"},{"taxonomy":"post_tag","embeddable":true,"href":"https:\/\/samanoticiasdurango.com\/index.php\/wp-json\/wp\/v2\/tags?post=12447"}],"curies":[{"name":"wp","href":"https:\/\/api.w.org\/{rel}","templated":true}]}}