{"id":1246,"date":"2022-06-03T17:04:50","date_gmt":"2022-06-03T17:04:50","guid":{"rendered":"http:\/\/samanoticiasdurango.com\/?p=1246"},"modified":"2022-06-03T17:04:53","modified_gmt":"2022-06-03T17:04:53","slug":"la-encuesta-sera-el-metodo-que-decidira-la-eliminacion-o-no-del-horario-de-verano-adelanto-el-presidente-lopez-obrador","status":"publish","type":"post","link":"https:\/\/samanoticiasdurango.com\/index.php\/2022\/06\/03\/la-encuesta-sera-el-metodo-que-decidira-la-eliminacion-o-no-del-horario-de-verano-adelanto-el-presidente-lopez-obrador\/","title":{"rendered":"<strong>La encuesta ser\u00e1 el m\u00e9todo que decidir\u00e1 la eliminaci\u00f3n o no del Horario de Verano, adelant\u00f3 el presidente L\u00f3pez Obrador<\/strong>"},"content":{"rendered":"\n<p>Andr\u00e9s Manuel L\u00f3pez Obrador dijo que la propuesta de eliminar el Horario de Verano se dar\u00e1 a conocer<br>a m\u00e1s tardar la pr\u00f3xima semana; ya se tienen los estudios y prev\u00e9 que, en lugar de una consulta, se<br>enviar\u00e1 una iniciativa.<\/p>\n\n\n\n<p><br>\u25cf Apunt\u00f3 que el horario que quedar\u00eda ser\u00eda el Horario de Invierno o el llamado Horario de Dios. Indic\u00f3 que se realizar\u00e1 una encuesta y se van a aclarar los ahorros obtenidos en cada estado.<\/p>\n\n\n\n<p><br>\u25cf Afirm\u00f3 que tambi\u00e9n se presentar\u00e1n los estudios que demuestran que el cambio de horario genera<br>da\u00f1os a la salud.<\/p>\n","protected":false},"excerpt":{"rendered":"<p>Andr\u00e9s Manuel L\u00f3pez Obrador dijo que la propuesta de eliminar el Horario de Verano se<\/p>\n","protected":false},"author":1,"featured_media":1247,"comment_status":"open","ping_status":"open","sticky":false,"template":"","format":"standard","meta":{"om_disable_all_campaigns":false,"_monsterinsights_skip_tracking":false,"_monsterinsights_sitenote_active":false,"_monsterinsights_sitenote_note":"","_monsterinsights_sitenote_category":0,"_jetpack_memberships_contains_paid_content":false,"footnotes":"","jetpack_publicize_message":"","jetpack_publicize_feature_enabled":true,"jetpack_social_post_already_shared":false,"jetpack_social_options":{"image_generator_settings":{"template":"highway","enabled":false},"version":2}},"categories":[5],"tags":[],"class_list":["post-1246","post","type-post","status-publish","format-standard","has-post-thumbnail","hentry","category-nacional"],"jetpack_publicize_connections":[],"aioseo_notices":[],"jetpack_featured_media_url":"https:\/\/samanoticiasdurango.com\/wp-content\/uploads\/2022\/06\/AMLO-Cambio-de-horario-1024x612-1.jpg","featured_image_urls":{"full":["https:\/\/samanoticiasdurango.com\/wp-content\/uploads\/2022\/06\/AMLO-Cambio-de-horario-1024x612-1.jpg",1024,612,false],"thumbnail":["https:\/\/samanoticiasdurango.com\/wp-content\/uploads\/2022\/06\/AMLO-Cambio-de-horario-1024x612-1-150x150.jpg",150,150,true],"medium":["https:\/\/samanoticiasdurango.com\/wp-content\/uploads\/2022\/06\/AMLO-Cambio-de-horario-1024x612-1-300x179.jpg",300,179,true],"medium_large":["https:\/\/samanoticiasdurango.com\/wp-content\/uploads\/2022\/06\/AMLO-Cambio-de-horario-1024x612-1-768x459.jpg",640,383,true],"large":["https:\/\/samanoticiasdurango.com\/wp-content\/uploads\/2022\/06\/AMLO-Cambio-de-horario-1024x612-1.jpg",640,383,false],"1536x1536":["https:\/\/samanoticiasdurango.com\/wp-content\/uploads\/2022\/06\/AMLO-Cambio-de-horario-1024x612-1.jpg",1024,612,false],"2048x2048":["https:\/\/samanoticiasdurango.com\/wp-content\/uploads\/2022\/06\/AMLO-Cambio-de-horario-1024x612-1.jpg",1024,612,false],"chromenews-featured":["https:\/\/samanoticiasdurango.com\/wp-content\/uploads\/2022\/06\/AMLO-Cambio-de-horario-1024x612-1.jpg",1024,612,false],"chromenews-large":["https:\/\/samanoticiasdurango.com\/wp-content\/uploads\/2022\/06\/AMLO-Cambio-de-horario-1024x612-1-825x575.jpg",825,575,true],"chromenews-medium":["https:\/\/samanoticiasdurango.com\/wp-content\/uploads\/2022\/06\/AMLO-Cambio-de-horario-1024x612-1-590x410.jpg",590,410,true]},"author_info":{"display_name":"Redacci\u00f3n","author_link":"https:\/\/samanoticiasdurango.com\/index.php\/author\/jjsama13gmail-com\/"},"category_info":"<a href=\"https:\/\/samanoticiasdurango.com\/index.php\/category\/nacional\/\" rel=\"category tag\">NACIONAL<\/a>","tag_info":"NACIONAL","comment_count":"0","jetpack_sharing_enabled":true,"_links":{"self":[{"href":"https:\/\/samanoticiasdurango.com\/index.php\/wp-json\/wp\/v2\/posts\/1246","targetHints":{"allow":["GET"]}}],"collection":[{"href":"https:\/\/samanoticiasdurango.com\/index.php\/wp-json\/wp\/v2\/posts"}],"about":[{"href":"https:\/\/samanoticiasdurango.com\/index.php\/wp-json\/wp\/v2\/types\/post"}],"author":[{"embeddable":true,"href":"https:\/\/samanoticiasdurango.com\/index.php\/wp-json\/wp\/v2\/users\/1"}],"replies":[{"embeddable":true,"href":"https:\/\/samanoticiasdurango.com\/index.php\/wp-json\/wp\/v2\/comments?post=1246"}],"version-history":[{"count":1,"href":"https:\/\/samanoticiasdurango.com\/index.php\/wp-json\/wp\/v2\/posts\/1246\/revisions"}],"predecessor-version":[{"id":1248,"href":"https:\/\/samanoticiasdurango.com\/index.php\/wp-json\/wp\/v2\/posts\/1246\/revisions\/1248"}],"wp:featuredmedia":[{"embeddable":true,"href":"https:\/\/samanoticiasdurango.com\/index.php\/wp-json\/wp\/v2\/media\/1247"}],"wp:attachment":[{"href":"https:\/\/samanoticiasdurango.com\/index.php\/wp-json\/wp\/v2\/media?parent=1246"}],"wp:term":[{"taxonomy":"category","embeddable":true,"href":"https:\/\/samanoticiasdurango.com\/index.php\/wp-json\/wp\/v2\/categories?post=1246"},{"taxonomy":"post_tag","embeddable":true,"href":"https:\/\/samanoticiasdurango.com\/index.php\/wp-json\/wp\/v2\/tags?post=1246"}],"curies":[{"name":"wp","href":"https:\/\/api.w.org\/{rel}","templated":true}]}}