{"id":12481,"date":"2024-12-12T23:27:50","date_gmt":"2024-12-12T23:27:50","guid":{"rendered":"https:\/\/samanoticiasdurango.com\/?p=12481"},"modified":"2024-12-12T23:27:52","modified_gmt":"2024-12-12T23:27:52","slug":"imss-durango-informa-sobre-causas-de-problemas-de-crecimiento-en-ninos-y-ninas","status":"publish","type":"post","link":"https:\/\/samanoticiasdurango.com\/index.php\/2024\/12\/12\/imss-durango-informa-sobre-causas-de-problemas-de-crecimiento-en-ninos-y-ninas\/","title":{"rendered":"IMSS Durango informa sobre causas de problemas de crecimiento en ni\u00f1os y ni\u00f1as."},"content":{"rendered":"\n<p>El Instituto Mexicano del Seguro Social (IMSS) en Durango, da a conocer algunas de las causas que generan problemas en el crecimiento de las ni\u00f1as y los ni\u00f1os.<\/p>\n\n\n\n<p><br>La coordinadora de Auxiliar M\u00e9dico de Vigilancia Epidemiol\u00f3gica en el IMSS, Gilari Ba\u00f1ales \u00c1lvarez, dijo que un problema de crecimiento significa que una ni\u00f1a o ni\u00f1o se encuentra por debajo o por encima del rango promedio de crecimiento para su edad, sexo, antecedentes familiares u origen racial del ni\u00f1o.<\/p>\n\n\n\n<p><br>Los trastornos del crecimiento pueden tener muchas causas, entre las que se encuentran: estatura baja familiar, retraso constitucional del crecimiento y el desarrollo puberal, enfermedades que afectan a todo el cuerpo como de ri\u00f1\u00f3n, digestivas, del coraz\u00f3n, enfermedades hormonales o trastornos gen\u00e9ticos.<\/p>\n\n\n\n<p><br>Coment\u00f3 que en IMSS Durango se tiene el registro que en el a\u00f1o 2022, se brindaron 739 consultas por motivo de crecimiento en menores, en el a\u00f1o 2023, fueron 960 consultas y en lo que va del 2024, se han brindado 283 consultas por este padecimiento.<\/p>\n\n\n\n<p><br>La mayor\u00eda de los problemas de salud se detectan cuando el ni\u00f1o parece m\u00e1s peque\u00f1o que sus compa\u00f1eros de clase, o cuando el crecimiento se desacelera durante varios meses, una se\u00f1al principal de un problema de crecimiento es cuando un ni\u00f1o crece menos de 3,5 cm al a\u00f1o despu\u00e9s de su tercer cumplea\u00f1os.<\/p>\n\n\n\n<p>DURANGO<\/p>\n\n\n\n<p>Los problemas de crecimiento pueden ser parte de otros problemas o afecciones<br>de salud, por lo que es de gran importancia que las y los menores acudan<br>peri\u00f3dicamente con su m\u00e9dico familiar, quien determinar\u00e1 si est\u00e1 bien el menor de<br>talla y peso conforme a su edad.<\/p>\n","protected":false},"excerpt":{"rendered":"<p>El Instituto Mexicano del Seguro Social (IMSS) en Durango, da a conocer algunas de las<\/p>\n","protected":false},"author":1,"featured_media":12482,"comment_status":"open","ping_status":"open","sticky":false,"template":"","format":"standard","meta":{"om_disable_all_campaigns":false,"_monsterinsights_skip_tracking":false,"_monsterinsights_sitenote_active":false,"_monsterinsights_sitenote_note":"","_monsterinsights_sitenote_category":0,"_jetpack_memberships_contains_paid_content":false,"footnotes":"","jetpack_publicize_message":"","jetpack_publicize_feature_enabled":true,"jetpack_social_post_already_shared":false,"jetpack_social_options":{"image_generator_settings":{"template":"highway","enabled":false},"version":2}},"categories":[1],"tags":[],"class_list":["post-12481","post","type-post","status-publish","format-standard","has-post-thumbnail","hentry","category-archivo"],"jetpack_publicize_connections":[],"aioseo_notices":[],"jetpack_featured_media_url":"https:\/\/samanoticiasdurango.com\/wp-content\/uploads\/21212121.jpg","featured_image_urls":{"full":["https:\/\/samanoticiasdurango.com\/wp-content\/uploads\/21212121.jpg",700,450,false],"thumbnail":["https:\/\/samanoticiasdurango.com\/wp-content\/uploads\/21212121-150x150.jpg",150,150,true],"medium":["https:\/\/samanoticiasdurango.com\/wp-content\/uploads\/21212121-300x193.jpg",300,193,true],"medium_large":["https:\/\/samanoticiasdurango.com\/wp-content\/uploads\/21212121.jpg",640,411,false],"large":["https:\/\/samanoticiasdurango.com\/wp-content\/uploads\/21212121.jpg",640,411,false],"1536x1536":["https:\/\/samanoticiasdurango.com\/wp-content\/uploads\/21212121.jpg",700,450,false],"2048x2048":["https:\/\/samanoticiasdurango.com\/wp-content\/uploads\/21212121.jpg",700,450,false],"chromenews-featured":["https:\/\/samanoticiasdurango.com\/wp-content\/uploads\/21212121.jpg",700,450,false],"chromenews-large":["https:\/\/samanoticiasdurango.com\/wp-content\/uploads\/21212121.jpg",700,450,false],"chromenews-medium":["https:\/\/samanoticiasdurango.com\/wp-content\/uploads\/21212121-590x410.jpg",590,410,true]},"author_info":{"display_name":"Redacci\u00f3n","author_link":"https:\/\/samanoticiasdurango.com\/index.php\/author\/jjsama13gmail-com\/"},"category_info":"<a href=\"https:\/\/samanoticiasdurango.com\/index.php\/category\/archivo\/\" rel=\"category tag\">DURANGO<\/a>","tag_info":"DURANGO","comment_count":"0","jetpack_sharing_enabled":true,"_links":{"self":[{"href":"https:\/\/samanoticiasdurango.com\/index.php\/wp-json\/wp\/v2\/posts\/12481","targetHints":{"allow":["GET"]}}],"collection":[{"href":"https:\/\/samanoticiasdurango.com\/index.php\/wp-json\/wp\/v2\/posts"}],"about":[{"href":"https:\/\/samanoticiasdurango.com\/index.php\/wp-json\/wp\/v2\/types\/post"}],"author":[{"embeddable":true,"href":"https:\/\/samanoticiasdurango.com\/index.php\/wp-json\/wp\/v2\/users\/1"}],"replies":[{"embeddable":true,"href":"https:\/\/samanoticiasdurango.com\/index.php\/wp-json\/wp\/v2\/comments?post=12481"}],"version-history":[{"count":1,"href":"https:\/\/samanoticiasdurango.com\/index.php\/wp-json\/wp\/v2\/posts\/12481\/revisions"}],"predecessor-version":[{"id":12483,"href":"https:\/\/samanoticiasdurango.com\/index.php\/wp-json\/wp\/v2\/posts\/12481\/revisions\/12483"}],"wp:featuredmedia":[{"embeddable":true,"href":"https:\/\/samanoticiasdurango.com\/index.php\/wp-json\/wp\/v2\/media\/12482"}],"wp:attachment":[{"href":"https:\/\/samanoticiasdurango.com\/index.php\/wp-json\/wp\/v2\/media?parent=12481"}],"wp:term":[{"taxonomy":"category","embeddable":true,"href":"https:\/\/samanoticiasdurango.com\/index.php\/wp-json\/wp\/v2\/categories?post=12481"},{"taxonomy":"post_tag","embeddable":true,"href":"https:\/\/samanoticiasdurango.com\/index.php\/wp-json\/wp\/v2\/tags?post=12481"}],"curies":[{"name":"wp","href":"https:\/\/api.w.org\/{rel}","templated":true}]}}