{"id":1251,"date":"2022-06-04T00:55:35","date_gmt":"2022-06-04T00:55:35","guid":{"rendered":"http:\/\/samanoticiasdurango.com\/?p=1251"},"modified":"2022-06-04T00:55:38","modified_gmt":"2022-06-04T00:55:38","slug":"lider-de-la-luz-del-mundo-se-declara-culpable-de-abuso-sexual-en-eu","status":"publish","type":"post","link":"https:\/\/samanoticiasdurango.com\/index.php\/2022\/06\/04\/lider-de-la-luz-del-mundo-se-declara-culpable-de-abuso-sexual-en-eu\/","title":{"rendered":"L\u00edder de La Luz del Mundo se declara culpable de abuso sexual en EU"},"content":{"rendered":"\n<p>Naas\u00f3n Joaqu\u00edn Garc\u00eda, l\u00edder de la Iglesia de la Luz del Mundo fue detenido este martes en Sacramento, California, por los delitos de trata de personas y producci\u00f3n de pornograf\u00eda infantil, violaci\u00f3n de un menor y otros delitos; la organizaci\u00f3n asegur\u00f3 que conf\u00eda en las instituciones de Estados Unidos, aunque neg\u00f3 que Garc\u00eda sea responsable.&nbsp;&nbsp;<\/p>\n\n\n\n<p>Tras el anuncio de la captura, televisoras mostraron a seguidores de la Iglesia congreg\u00e1ndose afuera de un templo en Guadalajara, Jalisco.<\/p>\n\n\n\n<p>De acuerdo con el fiscal general de California, los delitos ocurrieron entre 2015 y 2018, mientras Garc\u00eda lideraba la organizaci\u00f3n religiosa nacida en M\u00e9xico y que tiene m\u00e1s de un mill\u00f3n de seguidores alrededor del mundo.<\/p>\n\n\n\n<p>\u201cCr\u00edmenes como los se\u00f1alados en esta queja no tienen lugar en nuestra sociedad. Punto\u201d, dijo el procurador general de California, Xavier Becerra.<\/p>\n\n\n\n<p><a target=\"_blank\" href=\"https:\/\/www.animalpolitico.com\/2019\/05\/homenaje-lider-religioso-bellas-artes\/\" rel=\"noreferrer noopener\"><em>Lee: Avisamos con tiempo al INBAL que se har\u00eda un reconocimiento a l\u00edder religioso, dice senador del Verde<\/em><\/a><\/p>\n\n\n\n<p>\u201cNo debemos hacer la vista gorda ante la violencia sexual y el tr\u00e1fico en nuestro estado. En el Departamento de Justicia de California, haremos todo lo posible para prevenir y combatir estos cr\u00edmenes atroces para que nuestras comunidades est\u00e9n seguras. Si ve algo, inf\u00f3rmelo y buscaremos vigorosamente la justicia \u201c, a\u00f1adi\u00f3 en un comunicado.<\/p>\n\n\n\n<p>El \u00e1rea de comunicaci\u00f3n de la Luz del Mundo, en tanto, neg\u00f3 las acusaciones contra su l\u00edder.<\/p>\n\n\n\n<p><strong>\u201cNegamos de manera categ\u00f3rica las falsas imputaciones que se han realizado en contra del presidente internacional de la Iglesia de la Luz del Mundo, nuestro hermano Naas\u00f3n Joaqu\u00edn Garc\u00eda\u201d<\/strong>, expres\u00f3 la organizaci\u00f3n, de acuerdo con&nbsp;<em>Reforma.&nbsp;<\/em><\/p>\n\n\n\n<p>\u201cComo Iglesia, rechazamos toda conducta que violente el debido respeto a la dignidad de las personas. Conocemos de primera mano y de toda nuestra vida, la conducta, honorabilidad y ejemplo del Ap\u00f3stol Naas\u00f3n Joaqu\u00edn\u201d, agreg\u00f3.<\/p>\n\n\n\n<p>En la denuncia penal presentada ante el Tribunal Superior del Condado de Los \u00c1ngeles, el Departamento de Justicia de California se\u00f1ala que Joaqu\u00edn Garc\u00eda y sus coacusados \u200b\u200bcometieron 26 delitos graves en el sur de California en un periodo de aproximadamente cuatro a\u00f1os.<\/p>\n\n\n\n<p>Seg\u00fan la denuncia Joaqu\u00edn Garc\u00eda y sus coacusados \u200b\u200bpresuntamente coaccionaron a las v\u00edctimas para que realizaran actos sexuales al decirles que si iban en contra de cualquiera de sus deseos o los deseos del \u201cAp\u00f3stol\u201d, estaban yendo en contra de Dios.<\/p>\n\n\n\n<p>Junto con Joaqu\u00edn Garc\u00eda tambi\u00e9n fueron detenidos Alondra Ocampo y Susana Medina Oaxaca, integrantes de la misma iglesia. Tambi\u00e9n se emiti\u00f3 una orden de arresto para Azalea Rangel Mel\u00e9ndez. El vocero de la Iglesia, Eliezer Guti\u00e9rrez, dijo a&nbsp;<em>Milenio TV<\/em>&nbsp;que desconoce quien son estas mujeres.&nbsp;<\/p>\n\n\n\n<p>Joaqu\u00edn Garc\u00eda deber\u00e1 pagar una fianza de 25 millones de d\u00f3lares.&nbsp;Las detenciones de los integrantes del grupo religioso son resultado de una investigaci\u00f3n iniciada por el Departamento de Justicia de California en 2018.<\/p>\n\n\n\n<p>El pasado 15 de mayo, se celebr\u00f3 un concierto oper\u00edstico llamado \u201cEl Guardi\u00e1n del Espejo\u201d, convocado por la Asociaci\u00f3n de Profesionistas y Empresarios de M\u00e9xico (APEM) que lo difundi\u00f3 como un evento art\u00edstico, pero los carteles de promoci\u00f3n mencionaban que se har\u00eda un&nbsp;<a target=\"_blank\" href=\"https:\/\/www.animalpolitico.com\/2019\/05\/homenaje-lider-religioso-bellas-artes\/\" rel=\"noreferrer noopener\">homenaje a Naas\u00f3n Joaqu\u00edn Garc\u00eda, l\u00edder de la Iglesia de La luz del mundo en Bellas Artes.<\/a><\/p>\n\n\n\n<p>Por ello, a trav\u00e9s de un comunicado, el&nbsp;<a target=\"_blank\" href=\"https:\/\/www.inba.gob.mx\/prensa\/12231\/el-inbal-no-permitira-ninguna-actividad-que-vulnere-la-institucionalidad-de-sus-recintos-culturales\" rel=\"noreferrer noopener\">Instituto Nacional de Bellas Artes y Literatura (INBAL)<\/a>&nbsp;neg\u00f3 haber incumplido con su propia norma, pues dijo que el convenio para el uso del Sal\u00f3n Principal se hizo a petici\u00f3n del senador del Partido Verde Ecologista de M\u00e9xico (PVEM) Rogelio Zamora Guzm\u00e1n, y que se acord\u00f3 solamente una \u201cRepresentaci\u00f3n Cultural y Art\u00edstica Musical, gratuita\u201d.<\/p>\n","protected":false},"excerpt":{"rendered":"<p>Naas\u00f3n Joaqu\u00edn Garc\u00eda, l\u00edder de la Iglesia de la Luz del Mundo fue detenido este<\/p>\n","protected":false},"author":1,"featured_media":1252,"comment_status":"open","ping_status":"open","sticky":false,"template":"","format":"standard","meta":{"om_disable_all_campaigns":false,"_monsterinsights_skip_tracking":false,"_monsterinsights_sitenote_active":false,"_monsterinsights_sitenote_note":"","_monsterinsights_sitenote_category":0,"_jetpack_memberships_contains_paid_content":false,"footnotes":"","jetpack_publicize_message":"","jetpack_publicize_feature_enabled":true,"jetpack_social_post_already_shared":false,"jetpack_social_options":{"image_generator_settings":{"template":"highway","enabled":false},"version":2}},"categories":[6],"tags":[],"class_list":["post-1251","post","type-post","status-publish","format-standard","has-post-thumbnail","hentry","category-internacional"],"jetpack_publicize_connections":[],"aioseo_notices":[],"jetpack_featured_media_url":"https:\/\/samanoticiasdurango.com\/wp-content\/uploads\/2022\/06\/Lider-de-la-Luz-del-Mundo-se-declaro-no-culpable-de-los-cargos-por-abuso-sexual-y-violacion.jpg","featured_image_urls":{"full":["https:\/\/samanoticiasdurango.com\/wp-content\/uploads\/2022\/06\/Lider-de-la-Luz-del-Mundo-se-declaro-no-culpable-de-los-cargos-por-abuso-sexual-y-violacion.jpg",1200,675,false],"thumbnail":["https:\/\/samanoticiasdurango.com\/wp-content\/uploads\/2022\/06\/Lider-de-la-Luz-del-Mundo-se-declaro-no-culpable-de-los-cargos-por-abuso-sexual-y-violacion-150x150.jpg",150,150,true],"medium":["https:\/\/samanoticiasdurango.com\/wp-content\/uploads\/2022\/06\/Lider-de-la-Luz-del-Mundo-se-declaro-no-culpable-de-los-cargos-por-abuso-sexual-y-violacion-300x169.jpg",300,169,true],"medium_large":["https:\/\/samanoticiasdurango.com\/wp-content\/uploads\/2022\/06\/Lider-de-la-Luz-del-Mundo-se-declaro-no-culpable-de-los-cargos-por-abuso-sexual-y-violacion-768x432.jpg",640,360,true],"large":["https:\/\/samanoticiasdurango.com\/wp-content\/uploads\/2022\/06\/Lider-de-la-Luz-del-Mundo-se-declaro-no-culpable-de-los-cargos-por-abuso-sexual-y-violacion-1024x576.jpg",640,360,true],"1536x1536":["https:\/\/samanoticiasdurango.com\/wp-content\/uploads\/2022\/06\/Lider-de-la-Luz-del-Mundo-se-declaro-no-culpable-de-los-cargos-por-abuso-sexual-y-violacion.jpg",1200,675,false],"2048x2048":["https:\/\/samanoticiasdurango.com\/wp-content\/uploads\/2022\/06\/Lider-de-la-Luz-del-Mundo-se-declaro-no-culpable-de-los-cargos-por-abuso-sexual-y-violacion.jpg",1200,675,false],"chromenews-featured":["https:\/\/samanoticiasdurango.com\/wp-content\/uploads\/2022\/06\/Lider-de-la-Luz-del-Mundo-se-declaro-no-culpable-de-los-cargos-por-abuso-sexual-y-violacion-1024x576.jpg",1024,576,true],"chromenews-large":["https:\/\/samanoticiasdurango.com\/wp-content\/uploads\/2022\/06\/Lider-de-la-Luz-del-Mundo-se-declaro-no-culpable-de-los-cargos-por-abuso-sexual-y-violacion-825x575.jpg",825,575,true],"chromenews-medium":["https:\/\/samanoticiasdurango.com\/wp-content\/uploads\/2022\/06\/Lider-de-la-Luz-del-Mundo-se-declaro-no-culpable-de-los-cargos-por-abuso-sexual-y-violacion-590x410.jpg",590,410,true]},"author_info":{"display_name":"Redacci\u00f3n","author_link":"https:\/\/samanoticiasdurango.com\/index.php\/author\/jjsama13gmail-com\/"},"category_info":"<a href=\"https:\/\/samanoticiasdurango.com\/index.php\/category\/internacional\/\" rel=\"category tag\">INTERNACIONAL<\/a>","tag_info":"INTERNACIONAL","comment_count":"0","jetpack_sharing_enabled":true,"_links":{"self":[{"href":"https:\/\/samanoticiasdurango.com\/index.php\/wp-json\/wp\/v2\/posts\/1251","targetHints":{"allow":["GET"]}}],"collection":[{"href":"https:\/\/samanoticiasdurango.com\/index.php\/wp-json\/wp\/v2\/posts"}],"about":[{"href":"https:\/\/samanoticiasdurango.com\/index.php\/wp-json\/wp\/v2\/types\/post"}],"author":[{"embeddable":true,"href":"https:\/\/samanoticiasdurango.com\/index.php\/wp-json\/wp\/v2\/users\/1"}],"replies":[{"embeddable":true,"href":"https:\/\/samanoticiasdurango.com\/index.php\/wp-json\/wp\/v2\/comments?post=1251"}],"version-history":[{"count":1,"href":"https:\/\/samanoticiasdurango.com\/index.php\/wp-json\/wp\/v2\/posts\/1251\/revisions"}],"predecessor-version":[{"id":1253,"href":"https:\/\/samanoticiasdurango.com\/index.php\/wp-json\/wp\/v2\/posts\/1251\/revisions\/1253"}],"wp:featuredmedia":[{"embeddable":true,"href":"https:\/\/samanoticiasdurango.com\/index.php\/wp-json\/wp\/v2\/media\/1252"}],"wp:attachment":[{"href":"https:\/\/samanoticiasdurango.com\/index.php\/wp-json\/wp\/v2\/media?parent=1251"}],"wp:term":[{"taxonomy":"category","embeddable":true,"href":"https:\/\/samanoticiasdurango.com\/index.php\/wp-json\/wp\/v2\/categories?post=1251"},{"taxonomy":"post_tag","embeddable":true,"href":"https:\/\/samanoticiasdurango.com\/index.php\/wp-json\/wp\/v2\/tags?post=1251"}],"curies":[{"name":"wp","href":"https:\/\/api.w.org\/{rel}","templated":true}]}}