{"id":1254,"date":"2022-06-04T03:55:39","date_gmt":"2022-06-04T03:55:39","guid":{"rendered":"http:\/\/samanoticiasdurango.com\/?p=1254"},"modified":"2022-06-04T03:55:41","modified_gmt":"2022-06-04T03:55:41","slug":"sep-publica-calendario-escolar-2022-2023-tendra-190-dias-de-clases-y-dos-periodos-vacacionales","status":"publish","type":"post","link":"https:\/\/samanoticiasdurango.com\/index.php\/2022\/06\/04\/sep-publica-calendario-escolar-2022-2023-tendra-190-dias-de-clases-y-dos-periodos-vacacionales\/","title":{"rendered":"SEP publica calendario escolar 2022-2023;\u00a0tendr\u00e1 190 d\u00edas\u00a0de clases y dos periodos vacacionales."},"content":{"rendered":"\n<p>ste viernes, la Secretar\u00eda de Educaci\u00f3n P\u00fablica (<strong>SEP<\/strong>) public\u00f3 el&nbsp;<strong>calendario<\/strong>&nbsp;para el ciclo escolar&nbsp;<strong>2022-2023<\/strong>, el cual se aplicar\u00e1 en todas las escuelas de nivel preescolar, primaria y secundaria p\u00fablicas o privadas incorporadas al Sistema Educativo Nacional.<\/p>\n\n\n\n<p>El nuevo calendario contar\u00e1 con<strong>&nbsp;190 d\u00edas de clases<\/strong>, 8 d\u00edas de suspensi\u00f3n de labores y dos periodos vacacionales. Te decimos cu\u00e1les son todas las fechas importantes.<\/p>\n\n\n\n<h3 class=\"wp-block-heading\">As\u00ed est\u00e1 compuesto el calendario de la SEP<\/h3>\n\n\n\n<p>Este&nbsp;<a href=\"https:\/\/www.gob.mx\/sep\/articulos\/boletin-sep-no-129-publica-sep-calendario-escolar-2022-2023-de-educacion-basica-y-normal?state=published\">calendario<\/a>&nbsp;se\u00f1ala que las clases de este ciclo comenzar\u00e1n el lunes&nbsp;<strong>29 de agosto<\/strong>&nbsp;de este a\u00f1o y finalizar\u00e1n el mi\u00e9rcoles 26 de julio de 2023, a lo largo del cual tendr\u00e1 lugar la formaci\u00f3n intensiva de profesores en 13 sesiones.<\/p>\n\n\n\n<p>Esta formaci\u00f3n ser\u00e1 en&nbsp;<strong>tres periodos<\/strong>: del 2 al 6 de enero; del 5 al 9 de junio, y el 27 y 28 de julio de 2023; adem\u00e1s del Consejo T\u00e9cnico Escolar que tiene lugar todos los \u00faltimos viernes de mes.<\/p>\n\n\n\n<h4 class=\"wp-block-heading\">Te puede interesar:&nbsp;<a href=\"https:\/\/www.reporteindigo.com\/reporte\/hay-puentes-o-suspension-de-clases-en-junio-esto-dice-el-calendario-escolar-de-la-sep\/\" target=\"_blank\" rel=\"noreferrer noopener\">\u00bfHay puentes o suspensi\u00f3n de clases en junio?\u2026 Esto dice el calendario escolar de la SEP<\/a><\/h4>\n\n\n\n<p>Lo anterior, debido a que, por primera vez, se contemplan&nbsp;<strong>talleres intensivos<\/strong>&nbsp;de formaci\u00f3n continua para docentes sobre el nuevo plan y programas de estudio de Educaci\u00f3n B\u00e1sica, as\u00ed como un adicional que contar\u00e1 con la presencia de los alumnos.<\/p>\n\n\n\n<p>Sobre la&nbsp;<strong>suspensi\u00f3n<\/strong>&nbsp;<strong>de labores<\/strong>&nbsp;docentes, el calendario marca que ser\u00e1n los d\u00edas: 16 de septiembre; 2 y 21 de noviembre de 2022; 6 de febrero, 20 de marzo, as\u00ed como 1, 5 y 15 de mayo de 2023.<\/p>\n\n\n\n<p>Adem\u00e1s, el ciclo escolar 2022-2023 tambi\u00e9n contempla dos&nbsp;<strong>periodos vacacionales,<\/strong>&nbsp;los cuales tendr\u00e1n lugar del pr\u00f3ximo 19 al 30 de diciembre de 2022 y del 3 al 14 de abril del 2023.<\/p>\n","protected":false},"excerpt":{"rendered":"<p>ste viernes, la Secretar\u00eda de Educaci\u00f3n P\u00fablica (SEP) public\u00f3 el&nbsp;calendario&nbsp;para el ciclo escolar&nbsp;2022-2023, el cual<\/p>\n","protected":false},"author":1,"featured_media":1255,"comment_status":"open","ping_status":"open","sticky":false,"template":"","format":"standard","meta":{"om_disable_all_campaigns":false,"_monsterinsights_skip_tracking":false,"_monsterinsights_sitenote_active":false,"_monsterinsights_sitenote_note":"","_monsterinsights_sitenote_category":0,"_jetpack_memberships_contains_paid_content":false,"footnotes":"","jetpack_publicize_message":"","jetpack_publicize_feature_enabled":true,"jetpack_social_post_already_shared":false,"jetpack_social_options":{"image_generator_settings":{"template":"highway","enabled":false},"version":2}},"categories":[5],"tags":[],"class_list":["post-1254","post","type-post","status-publish","format-standard","has-post-thumbnail","hentry","category-nacional"],"jetpack_publicize_connections":[],"aioseo_notices":[],"jetpack_featured_media_url":"https:\/\/samanoticiasdurango.com\/wp-content\/uploads\/2022\/06\/Calendario-SEP-2022-2023-1024x791-1.jpg","featured_image_urls":{"full":["https:\/\/samanoticiasdurango.com\/wp-content\/uploads\/2022\/06\/Calendario-SEP-2022-2023-1024x791-1.jpg",1024,791,false],"thumbnail":["https:\/\/samanoticiasdurango.com\/wp-content\/uploads\/2022\/06\/Calendario-SEP-2022-2023-1024x791-1-150x150.jpg",150,150,true],"medium":["https:\/\/samanoticiasdurango.com\/wp-content\/uploads\/2022\/06\/Calendario-SEP-2022-2023-1024x791-1-300x232.jpg",300,232,true],"medium_large":["https:\/\/samanoticiasdurango.com\/wp-content\/uploads\/2022\/06\/Calendario-SEP-2022-2023-1024x791-1-768x593.jpg",640,494,true],"large":["https:\/\/samanoticiasdurango.com\/wp-content\/uploads\/2022\/06\/Calendario-SEP-2022-2023-1024x791-1.jpg",640,494,false],"1536x1536":["https:\/\/samanoticiasdurango.com\/wp-content\/uploads\/2022\/06\/Calendario-SEP-2022-2023-1024x791-1.jpg",1024,791,false],"2048x2048":["https:\/\/samanoticiasdurango.com\/wp-content\/uploads\/2022\/06\/Calendario-SEP-2022-2023-1024x791-1.jpg",1024,791,false],"chromenews-featured":["https:\/\/samanoticiasdurango.com\/wp-content\/uploads\/2022\/06\/Calendario-SEP-2022-2023-1024x791-1.jpg",1024,791,false],"chromenews-large":["https:\/\/samanoticiasdurango.com\/wp-content\/uploads\/2022\/06\/Calendario-SEP-2022-2023-1024x791-1-825x575.jpg",825,575,true],"chromenews-medium":["https:\/\/samanoticiasdurango.com\/wp-content\/uploads\/2022\/06\/Calendario-SEP-2022-2023-1024x791-1-590x410.jpg",590,410,true]},"author_info":{"display_name":"Redacci\u00f3n","author_link":"https:\/\/samanoticiasdurango.com\/index.php\/author\/jjsama13gmail-com\/"},"category_info":"<a href=\"https:\/\/samanoticiasdurango.com\/index.php\/category\/nacional\/\" rel=\"category tag\">NACIONAL<\/a>","tag_info":"NACIONAL","comment_count":"0","jetpack_sharing_enabled":true,"_links":{"self":[{"href":"https:\/\/samanoticiasdurango.com\/index.php\/wp-json\/wp\/v2\/posts\/1254","targetHints":{"allow":["GET"]}}],"collection":[{"href":"https:\/\/samanoticiasdurango.com\/index.php\/wp-json\/wp\/v2\/posts"}],"about":[{"href":"https:\/\/samanoticiasdurango.com\/index.php\/wp-json\/wp\/v2\/types\/post"}],"author":[{"embeddable":true,"href":"https:\/\/samanoticiasdurango.com\/index.php\/wp-json\/wp\/v2\/users\/1"}],"replies":[{"embeddable":true,"href":"https:\/\/samanoticiasdurango.com\/index.php\/wp-json\/wp\/v2\/comments?post=1254"}],"version-history":[{"count":1,"href":"https:\/\/samanoticiasdurango.com\/index.php\/wp-json\/wp\/v2\/posts\/1254\/revisions"}],"predecessor-version":[{"id":1256,"href":"https:\/\/samanoticiasdurango.com\/index.php\/wp-json\/wp\/v2\/posts\/1254\/revisions\/1256"}],"wp:featuredmedia":[{"embeddable":true,"href":"https:\/\/samanoticiasdurango.com\/index.php\/wp-json\/wp\/v2\/media\/1255"}],"wp:attachment":[{"href":"https:\/\/samanoticiasdurango.com\/index.php\/wp-json\/wp\/v2\/media?parent=1254"}],"wp:term":[{"taxonomy":"category","embeddable":true,"href":"https:\/\/samanoticiasdurango.com\/index.php\/wp-json\/wp\/v2\/categories?post=1254"},{"taxonomy":"post_tag","embeddable":true,"href":"https:\/\/samanoticiasdurango.com\/index.php\/wp-json\/wp\/v2\/tags?post=1254"}],"curies":[{"name":"wp","href":"https:\/\/api.w.org\/{rel}","templated":true}]}}