{"id":1259,"date":"2022-06-04T13:05:19","date_gmt":"2022-06-04T13:05:19","guid":{"rendered":"http:\/\/samanoticiasdurango.com\/?p=1259"},"modified":"2022-06-04T13:05:21","modified_gmt":"2022-06-04T13:05:21","slug":"detienen-a-dos-mujeres-en-aeropuerto-panameno-con-narcopelucas","status":"publish","type":"post","link":"https:\/\/samanoticiasdurango.com\/index.php\/2022\/06\/04\/detienen-a-dos-mujeres-en-aeropuerto-panameno-con-narcopelucas\/","title":{"rendered":"Detienen a dos mujeres en aeropuerto paname\u00f1o con &#8220;narcopelucas&#8221;"},"content":{"rendered":"\n<p><em>Ciudad de Panam\u00e1 (AFP) \u2013&nbsp;<\/em>Dos mujeres colombianas fueron detenidas este viernes en el aeropuerto internacional de Tocumen de Panam\u00e1 cuando trataban de viajar a Espa\u00f1a con coca\u00edna escondida debajo de sendas pelucas, inform\u00f3 la Procuradur\u00eda General del pa\u00eds centroamericano.<\/p>\n\n\n\n<p>En un primer momento, la fiscal paname\u00f1a de drogas, Xiomara Rodr\u00edguez, inform\u00f3 sobre la detenci\u00f3n, en la terminal a\u00e9rea, de una mujer colombiana procedente de un vuelo de su pa\u00eds con destino a Madrid.<\/p>\n\n\n\n<p>Seg\u00fan la versi\u00f3n oficial, la polic\u00eda abord\u00f3 a esta persona tras sospechar de su peinado. Tras hacerle una prueba de esc\u00e1ner, los agentes pudieron observar que entre las trenzas de su pelo natural y una peluca que llevaba puesta escond\u00eda comprimidos de droga adheridos a su cabeza.<\/p>\n\n\n\n<p>Rodr\u00edguez indic\u00f3 que la mujer, de la que no se han dado mayores detalles, portaba debajo de la peluca &#8220;68 envoltorios negros cil\u00edndricos con polvo blanco (en el interior)&#8221;.<\/p>\n\n\n\n<p>Esta modalidad de tr\u00e1fico de drogas es &#8220;in\u00e9dita&#8221; en Panam\u00e1, agreg\u00f3 Rodr\u00edguez, en un v\u00eddeo publicado en la cuenta de Twitter de la Procuradur\u00eda de Panam\u00e1.<\/p>\n\n\n\n<p>La polic\u00eda paname\u00f1a public\u00f3 en su cuenta de Twitter una foto donde se ve a dos agentes sujetando a una persona, todos ellos de espaldas, tras una mesa con los envoltorios de la presunta droga.<\/p>\n\n\n\n<p>Horas despu\u00e9s, la Procuradur\u00eda (fiscal\u00eda) anunci\u00f3 el arresto de &#8220;una segunda mujer&#8221; con &#8220;67 envoltorios con presunta droga&#8221; escondida debajo de otra peluca. Tambi\u00e9n proced\u00eda de Colombia y ten\u00eda como destino Espa\u00f1a.<\/p>\n\n\n\n<figure class=\"wp-block-image size-full\"><img loading=\"lazy\" decoding=\"async\" width=\"1\" height=\"1\" data-attachment-id=\"1260\" data-permalink=\"https:\/\/samanoticiasdurango.com\/index.php\/2022\/06\/04\/detienen-a-dos-mujeres-en-aeropuerto-panameno-con-narcopelucas\/image\/\" data-orig-file=\"https:\/\/samanoticiasdurango.com\/wp-content\/uploads\/2022\/06\/image.gif\" data-orig-size=\"1,1\" data-comments-opened=\"1\" data-image-meta=\"{&quot;aperture&quot;:&quot;0&quot;,&quot;credit&quot;:&quot;&quot;,&quot;camera&quot;:&quot;&quot;,&quot;caption&quot;:&quot;&quot;,&quot;created_timestamp&quot;:&quot;0&quot;,&quot;copyright&quot;:&quot;&quot;,&quot;focal_length&quot;:&quot;0&quot;,&quot;iso&quot;:&quot;0&quot;,&quot;shutter_speed&quot;:&quot;0&quot;,&quot;title&quot;:&quot;&quot;,&quot;orientation&quot;:&quot;0&quot;}\" data-image-title=\"image\" data-image-description=\"\" data-image-caption=\"\" data-medium-file=\"https:\/\/samanoticiasdurango.com\/wp-content\/uploads\/2022\/06\/image.gif\" data-large-file=\"https:\/\/samanoticiasdurango.com\/wp-content\/uploads\/2022\/06\/image.gif\" tabindex=\"0\" role=\"button\" src=\"https:\/\/samanoticiasdurango.com\/wp-content\/uploads\/2022\/06\/image.gif\" alt=\"\" class=\"wp-image-1260\"\/><figcaption>Las dos mujeres detenidas el 3 de junio de 2022 en el aeropuerto Tocumen de Panam\u00e1 sospechosas de esconder coca\u00edna bajo sendas pelucas ser\u00e1n levadas ante un tribunal de garant\u00edas por presunto tr\u00e1fico internacional de drogas&nbsp;Procuradur\u00eda General de Panam\u00e1\/AFP<\/figcaption><\/figure>\n\n\n\n<p>Aunque en la informaci\u00f3n oficial no se especifica la nacionalidad de esta segunda detenida, fuentes de la Procuradur\u00eda confirmaron a la AFP que se trata de otra colombiana.<\/p>\n\n\n\n<p>Seg\u00fan las autoridades, ambas mujeres ser\u00e1n llevadas ante un tribunal de garant\u00edas por presunto tr\u00e1fico internacional de drogas.<\/p>\n\n\n\n<p>Dentro de las modalidades curiosas de tr\u00e1fico de drogas, en 2021 la polic\u00eda paname\u00f1a atrap\u00f3, en el per\u00edmetro de una c\u00e1rcel, al &#8220;narcogato&#8221;, un felino que portaba coca\u00edna, crack y marihuana amarrada a su cuello, presuntamente para introducirla en el penal.<\/p>\n\n\n\n<p>Panam\u00e1 es la entrada a Centroam\u00e9rica de la droga que va desde Am\u00e9rica del Sur, principalmente Colombia, el mayor productor mundial de coca\u00edna, hacia Estados Unidos, el mayor consumidor global de esta droga.<\/p>\n\n\n\n<p>Sin embargo, autoridades centroamericanas han advertido de un aumento significativo del tr\u00e1fico de drogas hacia Europa a trav\u00e9s, principalmente, de los puertos caribe\u00f1os de la regi\u00f3n.<\/p>\n\n\n\n<p>\u00a9 2022 AFP<\/p>\n","protected":false},"excerpt":{"rendered":"<p>Ciudad de Panam\u00e1 (AFP) \u2013&nbsp;Dos mujeres colombianas fueron detenidas este viernes en el aeropuerto internacional<\/p>\n","protected":false},"author":1,"featured_media":1261,"comment_status":"open","ping_status":"open","sticky":false,"template":"","format":"standard","meta":{"om_disable_all_campaigns":false,"_monsterinsights_skip_tracking":false,"_monsterinsights_sitenote_active":false,"_monsterinsights_sitenote_note":"","_monsterinsights_sitenote_category":0,"_jetpack_memberships_contains_paid_content":false,"footnotes":"","jetpack_publicize_message":"","jetpack_publicize_feature_enabled":true,"jetpack_social_post_already_shared":false,"jetpack_social_options":{"image_generator_settings":{"template":"highway","enabled":false},"version":2}},"categories":[1],"tags":[],"class_list":["post-1259","post","type-post","status-publish","format-standard","has-post-thumbnail","hentry","category-archivo"],"jetpack_publicize_connections":[],"aioseo_notices":[],"jetpack_featured_media_url":"https:\/\/samanoticiasdurango.com\/wp-content\/uploads\/2022\/06\/e023e1763b82bc548e235e8efc125cb1841f83c1.webp","featured_image_urls":{"full":["https:\/\/samanoticiasdurango.com\/wp-content\/uploads\/2022\/06\/e023e1763b82bc548e235e8efc125cb1841f83c1.webp",1024,576,false],"thumbnail":["https:\/\/samanoticiasdurango.com\/wp-content\/uploads\/2022\/06\/e023e1763b82bc548e235e8efc125cb1841f83c1-150x150.webp",150,150,true],"medium":["https:\/\/samanoticiasdurango.com\/wp-content\/uploads\/2022\/06\/e023e1763b82bc548e235e8efc125cb1841f83c1-300x169.webp",300,169,true],"medium_large":["https:\/\/samanoticiasdurango.com\/wp-content\/uploads\/2022\/06\/e023e1763b82bc548e235e8efc125cb1841f83c1-768x432.webp",640,360,true],"large":["https:\/\/samanoticiasdurango.com\/wp-content\/uploads\/2022\/06\/e023e1763b82bc548e235e8efc125cb1841f83c1.webp",640,360,false],"1536x1536":["https:\/\/samanoticiasdurango.com\/wp-content\/uploads\/2022\/06\/e023e1763b82bc548e235e8efc125cb1841f83c1.webp",1024,576,false],"2048x2048":["https:\/\/samanoticiasdurango.com\/wp-content\/uploads\/2022\/06\/e023e1763b82bc548e235e8efc125cb1841f83c1.webp",1024,576,false],"chromenews-featured":["https:\/\/samanoticiasdurango.com\/wp-content\/uploads\/2022\/06\/e023e1763b82bc548e235e8efc125cb1841f83c1.webp",1024,576,false],"chromenews-large":["https:\/\/samanoticiasdurango.com\/wp-content\/uploads\/2022\/06\/e023e1763b82bc548e235e8efc125cb1841f83c1-825x575.webp",825,575,true],"chromenews-medium":["https:\/\/samanoticiasdurango.com\/wp-content\/uploads\/2022\/06\/e023e1763b82bc548e235e8efc125cb1841f83c1-590x410.webp",590,410,true]},"author_info":{"display_name":"Redacci\u00f3n","author_link":"https:\/\/samanoticiasdurango.com\/index.php\/author\/jjsama13gmail-com\/"},"category_info":"<a href=\"https:\/\/samanoticiasdurango.com\/index.php\/category\/archivo\/\" rel=\"category tag\">DURANGO<\/a>","tag_info":"DURANGO","comment_count":"0","jetpack_sharing_enabled":true,"_links":{"self":[{"href":"https:\/\/samanoticiasdurango.com\/index.php\/wp-json\/wp\/v2\/posts\/1259","targetHints":{"allow":["GET"]}}],"collection":[{"href":"https:\/\/samanoticiasdurango.com\/index.php\/wp-json\/wp\/v2\/posts"}],"about":[{"href":"https:\/\/samanoticiasdurango.com\/index.php\/wp-json\/wp\/v2\/types\/post"}],"author":[{"embeddable":true,"href":"https:\/\/samanoticiasdurango.com\/index.php\/wp-json\/wp\/v2\/users\/1"}],"replies":[{"embeddable":true,"href":"https:\/\/samanoticiasdurango.com\/index.php\/wp-json\/wp\/v2\/comments?post=1259"}],"version-history":[{"count":1,"href":"https:\/\/samanoticiasdurango.com\/index.php\/wp-json\/wp\/v2\/posts\/1259\/revisions"}],"predecessor-version":[{"id":1262,"href":"https:\/\/samanoticiasdurango.com\/index.php\/wp-json\/wp\/v2\/posts\/1259\/revisions\/1262"}],"wp:featuredmedia":[{"embeddable":true,"href":"https:\/\/samanoticiasdurango.com\/index.php\/wp-json\/wp\/v2\/media\/1261"}],"wp:attachment":[{"href":"https:\/\/samanoticiasdurango.com\/index.php\/wp-json\/wp\/v2\/media?parent=1259"}],"wp:term":[{"taxonomy":"category","embeddable":true,"href":"https:\/\/samanoticiasdurango.com\/index.php\/wp-json\/wp\/v2\/categories?post=1259"},{"taxonomy":"post_tag","embeddable":true,"href":"https:\/\/samanoticiasdurango.com\/index.php\/wp-json\/wp\/v2\/tags?post=1259"}],"curies":[{"name":"wp","href":"https:\/\/api.w.org\/{rel}","templated":true}]}}