{"id":12615,"date":"2025-01-16T15:14:19","date_gmt":"2025-01-16T15:14:19","guid":{"rendered":"https:\/\/samanoticiasdurango.com\/?p=12615"},"modified":"2025-01-16T15:14:20","modified_gmt":"2025-01-16T15:14:20","slug":"tanto-academicos-como-administrativos-nunca-hemos-dejado-de-ser-universitarios","status":"publish","type":"post","link":"https:\/\/samanoticiasdurango.com\/index.php\/2025\/01\/16\/tanto-academicos-como-administrativos-nunca-hemos-dejado-de-ser-universitarios\/","title":{"rendered":"Tanto acad\u00e9micos como administrativos, nunca hemos dejado de ser universitarios."},"content":{"rendered":"\n<p>Los verdaderos universitarios han vuelto. As\u00ed lo ha dicho MSP Ram\u00f3n Garc\u00eda, Rector de la UJED; desconocemos por qu\u00e9 solo califica de valioso a su equipo de trabajo, sin tomar en cuenta a los que siempre hemos permanecido dedicados a la academia y al trabajo administrativo. <\/p>\n\n\n\n<p>Pues, desde ambas trincheras, siempre hemos cuidado y engrandecido a nuestra universidad. Tanto acad\u00e9micos como administrativos, nunca hemos dejado de ser universitarios.<\/p>\n\n\n\n<p>A un mes de su gesti\u00f3n, ha logrado que se perciba una incertidumbre laboral generalizada. El personal de la administraci\u00f3n central trabaja un d\u00eda a la vez, porque desconoce si el d\u00eda de ma\u00f1ana seguir\u00e1 en su puesto; nadie les sabe decir si seguir\u00e1n contratados. <\/p>\n\n\n\n<p>La angustia laboral ha aumentado en esta primera quincena de enero, al despedir al personal de diversas unidades acad\u00e9micas, algunos con m\u00e1s de 10 a\u00f1os laborados, sin previo aviso y sin importar su eficacia y profesionalismo. Acad\u00e9micos que han recibido un pago menor a su salario, sin explicaci\u00f3n alguna sobre por qu\u00e9 dicha reducci\u00f3n.<\/p>\n\n\n\n<p>Los institutos laboran sin direcci\u00f3n y rumbo; puestos acefalos, como tesorer\u00eda y contralor\u00eda. Vemos una nueva administraci\u00f3n sin equidad de g\u00e9nero; para muestra, la mesa de negociaciones, donde solo hay una mujer. <\/p>\n\n\n\n<p>La Comisi\u00f3n de Prevenci\u00f3n y Atenci\u00f3n de Violencia de G\u00e9nero de la UJED, que atiende un sinn\u00famero de casos de alumnas, acad\u00e9micas y trabajadoras administrativas violentadas, y que ahora quedan a la deriva y revictimizadas, exponi\u00e9ndolas como un bot\u00edn a los acosadores, al fragmentar dicha comisi\u00f3n y no encontrar justicia, debido a que han despedido al personal capacitado de dicha comisi\u00f3n.<\/p>\n\n\n\n<p><\/p>\n","protected":false},"excerpt":{"rendered":"<p>Los verdaderos universitarios han vuelto. As\u00ed lo ha dicho MSP Ram\u00f3n Garc\u00eda, Rector de la<\/p>\n","protected":false},"author":1,"featured_media":12616,"comment_status":"open","ping_status":"open","sticky":false,"template":"","format":"standard","meta":{"om_disable_all_campaigns":false,"_monsterinsights_skip_tracking":false,"_monsterinsights_sitenote_active":false,"_monsterinsights_sitenote_note":"","_monsterinsights_sitenote_category":0,"_jetpack_memberships_contains_paid_content":false,"footnotes":"","jetpack_publicize_message":"","jetpack_publicize_feature_enabled":true,"jetpack_social_post_already_shared":false,"jetpack_social_options":{"image_generator_settings":{"template":"highway","enabled":false},"version":2}},"categories":[1,18],"tags":[],"class_list":["post-12615","post","type-post","status-publish","format-standard","has-post-thumbnail","hentry","category-archivo","category-colaboracion"],"jetpack_publicize_connections":[],"aioseo_notices":[],"jetpack_featured_media_url":"https:\/\/samanoticiasdurango.com\/wp-content\/uploads\/ramo-garcia.00_00_00_23.Imagen-fija001.png","featured_image_urls":{"full":["https:\/\/samanoticiasdurango.com\/wp-content\/uploads\/ramo-garcia.00_00_00_23.Imagen-fija001.png",1280,720,false],"thumbnail":["https:\/\/samanoticiasdurango.com\/wp-content\/uploads\/ramo-garcia.00_00_00_23.Imagen-fija001-150x150.png",150,150,true],"medium":["https:\/\/samanoticiasdurango.com\/wp-content\/uploads\/ramo-garcia.00_00_00_23.Imagen-fija001-300x169.png",300,169,true],"medium_large":["https:\/\/samanoticiasdurango.com\/wp-content\/uploads\/ramo-garcia.00_00_00_23.Imagen-fija001-768x432.png",640,360,true],"large":["https:\/\/samanoticiasdurango.com\/wp-content\/uploads\/ramo-garcia.00_00_00_23.Imagen-fija001-1024x576.png",640,360,true],"1536x1536":["https:\/\/samanoticiasdurango.com\/wp-content\/uploads\/ramo-garcia.00_00_00_23.Imagen-fija001.png",1280,720,false],"2048x2048":["https:\/\/samanoticiasdurango.com\/wp-content\/uploads\/ramo-garcia.00_00_00_23.Imagen-fija001.png",1280,720,false],"chromenews-featured":["https:\/\/samanoticiasdurango.com\/wp-content\/uploads\/ramo-garcia.00_00_00_23.Imagen-fija001-1024x576.png",1024,576,true],"chromenews-large":["https:\/\/samanoticiasdurango.com\/wp-content\/uploads\/ramo-garcia.00_00_00_23.Imagen-fija001-825x575.png",825,575,true],"chromenews-medium":["https:\/\/samanoticiasdurango.com\/wp-content\/uploads\/ramo-garcia.00_00_00_23.Imagen-fija001-590x410.png",590,410,true]},"author_info":{"display_name":"Redacci\u00f3n","author_link":"https:\/\/samanoticiasdurango.com\/index.php\/author\/jjsama13gmail-com\/"},"category_info":"<a href=\"https:\/\/samanoticiasdurango.com\/index.php\/category\/archivo\/\" rel=\"category tag\">DURANGO<\/a> <a href=\"https:\/\/samanoticiasdurango.com\/index.php\/category\/colaboracion\/\" rel=\"category tag\">OPINION<\/a>","tag_info":"OPINION","comment_count":"0","jetpack_sharing_enabled":true,"_links":{"self":[{"href":"https:\/\/samanoticiasdurango.com\/index.php\/wp-json\/wp\/v2\/posts\/12615","targetHints":{"allow":["GET"]}}],"collection":[{"href":"https:\/\/samanoticiasdurango.com\/index.php\/wp-json\/wp\/v2\/posts"}],"about":[{"href":"https:\/\/samanoticiasdurango.com\/index.php\/wp-json\/wp\/v2\/types\/post"}],"author":[{"embeddable":true,"href":"https:\/\/samanoticiasdurango.com\/index.php\/wp-json\/wp\/v2\/users\/1"}],"replies":[{"embeddable":true,"href":"https:\/\/samanoticiasdurango.com\/index.php\/wp-json\/wp\/v2\/comments?post=12615"}],"version-history":[{"count":1,"href":"https:\/\/samanoticiasdurango.com\/index.php\/wp-json\/wp\/v2\/posts\/12615\/revisions"}],"predecessor-version":[{"id":12617,"href":"https:\/\/samanoticiasdurango.com\/index.php\/wp-json\/wp\/v2\/posts\/12615\/revisions\/12617"}],"wp:featuredmedia":[{"embeddable":true,"href":"https:\/\/samanoticiasdurango.com\/index.php\/wp-json\/wp\/v2\/media\/12616"}],"wp:attachment":[{"href":"https:\/\/samanoticiasdurango.com\/index.php\/wp-json\/wp\/v2\/media?parent=12615"}],"wp:term":[{"taxonomy":"category","embeddable":true,"href":"https:\/\/samanoticiasdurango.com\/index.php\/wp-json\/wp\/v2\/categories?post=12615"},{"taxonomy":"post_tag","embeddable":true,"href":"https:\/\/samanoticiasdurango.com\/index.php\/wp-json\/wp\/v2\/tags?post=12615"}],"curies":[{"name":"wp","href":"https:\/\/api.w.org\/{rel}","templated":true}]}}