{"id":12671,"date":"2025-01-23T15:42:06","date_gmt":"2025-01-23T15:42:06","guid":{"rendered":"https:\/\/samanoticiasdurango.com\/?p=12671"},"modified":"2025-01-23T15:42:06","modified_gmt":"2025-01-23T15:42:06","slug":"culiacan-percepcion-de-inseguridad-se-dispara","status":"publish","type":"post","link":"https:\/\/samanoticiasdurango.com\/index.php\/2025\/01\/23\/culiacan-percepcion-de-inseguridad-se-dispara\/","title":{"rendered":"Culiac\u00e1n: percepci\u00f3n de inseguridad se dispara\u00a0"},"content":{"rendered":"\n<p>El impacto del conflicto armado entre Los Chapitos y La Mayiza contin\u00faa evidenci\u00e1ndose en Sinaloa. Seg\u00fan la \u00faltima Encuesta Nacional de Seguridad P\u00fablica Urbana (ENSU) del Inegi, Culiac\u00e1n es la cuarta ciudad con mayor percepci\u00f3n de inseguridad en M\u00e9xico. En solo tres meses, la percepci\u00f3n aument\u00f3 del 55.7% en septiembre al 90.6% en diciembre de 2024, un incremento del 34.9%.<\/p>\n\n\n\n<p>Culiac\u00e1n comparte este preocupante lugar con Tuxtla Guti\u00e9rrez, Chiapas, y otras ciudades como Villahermosa, Tabasco (95.3%), Uruapan, Michoac\u00e1n (92.5%) y Fresnillo, Zacatecas (90.9%). Mazatl\u00e1n tambi\u00e9n vio un aumento significativo en la percepci\u00f3n de inseguridad, del 27.7%, alcanzando el 67.7%.<\/p>\n\n\n\n<p>En contraste, Los Mochis, Ahome, Sinaloa, se posiciona entre las ciudades con menor percepci\u00f3n de inseguridad a nivel nacional, con un 24.6%, junto con San Pedro Garza Garc\u00eda, Nuevo Le\u00f3n (14%), y Piedras Negras, Coahuila (18.7%).<\/p>\n\n\n\n<p>El conflicto entre las dos facciones suma m\u00e1s de cuatro meses, habiendo comenzado el 9 de septiembre de 2024 tras la detenci\u00f3n de Ismael \u2018El Mayo\u2019 Zambada. La situaci\u00f3n ha llevado al despliegue de fuerzas armadas y cambios en el gabinete de seguridad local, encabezados por Omar Garc\u00eda Harfuch, secretario de la SSPC. \ud83d\udea8\ud83d\udcf0<\/p>\n\n\n\n<p><\/p>\n","protected":false},"excerpt":{"rendered":"<p>El impacto del conflicto armado entre Los Chapitos y La Mayiza contin\u00faa evidenci\u00e1ndose en Sinaloa.<\/p>\n","protected":false},"author":1,"featured_media":12672,"comment_status":"open","ping_status":"open","sticky":false,"template":"","format":"standard","meta":{"om_disable_all_campaigns":false,"_monsterinsights_skip_tracking":false,"_monsterinsights_sitenote_active":false,"_monsterinsights_sitenote_note":"","_monsterinsights_sitenote_category":0,"_jetpack_memberships_contains_paid_content":false,"footnotes":"","jetpack_publicize_message":"","jetpack_publicize_feature_enabled":true,"jetpack_social_post_already_shared":false,"jetpack_social_options":{"image_generator_settings":{"template":"highway","enabled":false},"version":2}},"categories":[5],"tags":[],"class_list":["post-12671","post","type-post","status-publish","format-standard","has-post-thumbnail","hentry","category-nacional"],"jetpack_publicize_connections":[],"aioseo_notices":[],"jetpack_featured_media_url":"https:\/\/samanoticiasdurango.com\/wp-content\/uploads\/XOIZBXRW5ZCV7P76DXBV3GCDQU.avif","featured_image_urls":{"full":["https:\/\/samanoticiasdurango.com\/wp-content\/uploads\/XOIZBXRW5ZCV7P76DXBV3GCDQU.avif",992,558,false],"thumbnail":["https:\/\/samanoticiasdurango.com\/wp-content\/uploads\/XOIZBXRW5ZCV7P76DXBV3GCDQU-150x150.avif",150,150,true],"medium":["https:\/\/samanoticiasdurango.com\/wp-content\/uploads\/XOIZBXRW5ZCV7P76DXBV3GCDQU-300x169.avif",300,169,true],"medium_large":["https:\/\/samanoticiasdurango.com\/wp-content\/uploads\/XOIZBXRW5ZCV7P76DXBV3GCDQU-768x432.avif",640,360,true],"large":["https:\/\/samanoticiasdurango.com\/wp-content\/uploads\/XOIZBXRW5ZCV7P76DXBV3GCDQU.avif",640,360,false],"1536x1536":["https:\/\/samanoticiasdurango.com\/wp-content\/uploads\/XOIZBXRW5ZCV7P76DXBV3GCDQU.avif",992,558,false],"2048x2048":["https:\/\/samanoticiasdurango.com\/wp-content\/uploads\/XOIZBXRW5ZCV7P76DXBV3GCDQU.avif",992,558,false],"chromenews-featured":["https:\/\/samanoticiasdurango.com\/wp-content\/uploads\/XOIZBXRW5ZCV7P76DXBV3GCDQU.avif",992,558,false],"chromenews-large":["https:\/\/samanoticiasdurango.com\/wp-content\/uploads\/XOIZBXRW5ZCV7P76DXBV3GCDQU-825x558.avif",825,558,true],"chromenews-medium":["https:\/\/samanoticiasdurango.com\/wp-content\/uploads\/XOIZBXRW5ZCV7P76DXBV3GCDQU-590x410.avif",590,410,true]},"author_info":{"display_name":"Redacci\u00f3n","author_link":"https:\/\/samanoticiasdurango.com\/index.php\/author\/jjsama13gmail-com\/"},"category_info":"<a href=\"https:\/\/samanoticiasdurango.com\/index.php\/category\/nacional\/\" rel=\"category tag\">NACIONAL<\/a>","tag_info":"NACIONAL","comment_count":"0","jetpack_sharing_enabled":true,"_links":{"self":[{"href":"https:\/\/samanoticiasdurango.com\/index.php\/wp-json\/wp\/v2\/posts\/12671","targetHints":{"allow":["GET"]}}],"collection":[{"href":"https:\/\/samanoticiasdurango.com\/index.php\/wp-json\/wp\/v2\/posts"}],"about":[{"href":"https:\/\/samanoticiasdurango.com\/index.php\/wp-json\/wp\/v2\/types\/post"}],"author":[{"embeddable":true,"href":"https:\/\/samanoticiasdurango.com\/index.php\/wp-json\/wp\/v2\/users\/1"}],"replies":[{"embeddable":true,"href":"https:\/\/samanoticiasdurango.com\/index.php\/wp-json\/wp\/v2\/comments?post=12671"}],"version-history":[{"count":1,"href":"https:\/\/samanoticiasdurango.com\/index.php\/wp-json\/wp\/v2\/posts\/12671\/revisions"}],"predecessor-version":[{"id":12673,"href":"https:\/\/samanoticiasdurango.com\/index.php\/wp-json\/wp\/v2\/posts\/12671\/revisions\/12673"}],"wp:featuredmedia":[{"embeddable":true,"href":"https:\/\/samanoticiasdurango.com\/index.php\/wp-json\/wp\/v2\/media\/12672"}],"wp:attachment":[{"href":"https:\/\/samanoticiasdurango.com\/index.php\/wp-json\/wp\/v2\/media?parent=12671"}],"wp:term":[{"taxonomy":"category","embeddable":true,"href":"https:\/\/samanoticiasdurango.com\/index.php\/wp-json\/wp\/v2\/categories?post=12671"},{"taxonomy":"post_tag","embeddable":true,"href":"https:\/\/samanoticiasdurango.com\/index.php\/wp-json\/wp\/v2\/tags?post=12671"}],"curies":[{"name":"wp","href":"https:\/\/api.w.org\/{rel}","templated":true}]}}