{"id":12685,"date":"2025-01-23T23:34:31","date_gmt":"2025-01-23T23:34:31","guid":{"rendered":"https:\/\/samanoticiasdurango.com\/?p=12685"},"modified":"2025-01-23T23:34:32","modified_gmt":"2025-01-23T23:34:32","slug":"lula-y-sheinbaum-buscan-relaciones-productivas-con-ee-uu","status":"publish","type":"post","link":"https:\/\/samanoticiasdurango.com\/index.php\/2025\/01\/23\/lula-y-sheinbaum-buscan-relaciones-productivas-con-ee-uu\/","title":{"rendered":"Lula y Sheinbaum buscan relaciones productivas con EE. UU."},"content":{"rendered":"\n<p>El presidente brasile\u00f1o,&nbsp;<strong>Luiz In\u00e1cio Lula da Silva,<\/strong>&nbsp;coincidi\u00f3 este jueves en una conversaci\u00f3n telef\u00f3nica con su hom\u00f3loga mexicana, Claudia Sheinbaum, en su deseo de tener \u201crelaciones productivas\u201d con toda Am\u00e9rica, incluido Estados Unidos que ahora gobierna Donald Trump.<\/p>\n\n\n\n<blockquote class=\"wp-block-quote is-layout-flow wp-block-quote-is-layout-flow\">\n<p>\u201cReafirmaron su prop\u00f3sito de cultivar relaciones productivas con todos los pa\u00edses de las Am\u00e9ricas, incluida la nueva administraci\u00f3n de Estados Unidos, a fin de mantener la paz, fortalecer la democracia y promover el desarrollo\u201d, inform\u00f3 la Presidencia de Brasil en una nota oficial.<\/p>\n<\/blockquote>\n\n\n\n<p>Seg\u00fan el comunicado, Lula y Sheinbaum, ambos progresistas, tambi\u00e9n \u201cresaltaron la importancia de fortalecer foros como la<strong>&nbsp;Comunidad de Estados Latinoamericanos y Caribe\u00f1os (Celac)<\/strong>\u201c, que excluye a&nbsp;<strong>Estados Unidos y Canad\u00e1,<\/strong>&nbsp;y \u201cde mantener un contacto regular para ampliar la coordinaci\u00f3n entre Brasil y M\u00e9xico\u201d.<\/p>\n\n\n\n<p><\/p>\n","protected":false},"excerpt":{"rendered":"<p>El presidente brasile\u00f1o,&nbsp;Luiz In\u00e1cio Lula da Silva,&nbsp;coincidi\u00f3 este jueves en una conversaci\u00f3n telef\u00f3nica con su<\/p>\n","protected":false},"author":1,"featured_media":12686,"comment_status":"open","ping_status":"open","sticky":false,"template":"","format":"standard","meta":{"om_disable_all_campaigns":false,"_monsterinsights_skip_tracking":false,"_monsterinsights_sitenote_active":false,"_monsterinsights_sitenote_note":"","_monsterinsights_sitenote_category":0,"_jetpack_memberships_contains_paid_content":false,"footnotes":"","jetpack_publicize_message":"","jetpack_publicize_feature_enabled":true,"jetpack_social_post_already_shared":false,"jetpack_social_options":{"image_generator_settings":{"template":"highway","enabled":false},"version":2}},"categories":[5],"tags":[],"class_list":["post-12685","post","type-post","status-publish","format-standard","has-post-thumbnail","hentry","category-nacional"],"jetpack_publicize_connections":[],"aioseo_notices":[],"jetpack_featured_media_url":"https:\/\/samanoticiasdurango.com\/wp-content\/uploads\/7QPa9tgz.jpeg","featured_image_urls":{"full":["https:\/\/samanoticiasdurango.com\/wp-content\/uploads\/7QPa9tgz.jpeg",680,453,false],"thumbnail":["https:\/\/samanoticiasdurango.com\/wp-content\/uploads\/7QPa9tgz-150x150.jpeg",150,150,true],"medium":["https:\/\/samanoticiasdurango.com\/wp-content\/uploads\/7QPa9tgz-300x200.jpeg",300,200,true],"medium_large":["https:\/\/samanoticiasdurango.com\/wp-content\/uploads\/7QPa9tgz.jpeg",640,426,false],"large":["https:\/\/samanoticiasdurango.com\/wp-content\/uploads\/7QPa9tgz.jpeg",640,426,false],"1536x1536":["https:\/\/samanoticiasdurango.com\/wp-content\/uploads\/7QPa9tgz.jpeg",680,453,false],"2048x2048":["https:\/\/samanoticiasdurango.com\/wp-content\/uploads\/7QPa9tgz.jpeg",680,453,false],"chromenews-featured":["https:\/\/samanoticiasdurango.com\/wp-content\/uploads\/7QPa9tgz.jpeg",680,453,false],"chromenews-large":["https:\/\/samanoticiasdurango.com\/wp-content\/uploads\/7QPa9tgz.jpeg",680,453,false],"chromenews-medium":["https:\/\/samanoticiasdurango.com\/wp-content\/uploads\/7QPa9tgz-590x410.jpeg",590,410,true]},"author_info":{"display_name":"Redacci\u00f3n","author_link":"https:\/\/samanoticiasdurango.com\/index.php\/author\/jjsama13gmail-com\/"},"category_info":"<a href=\"https:\/\/samanoticiasdurango.com\/index.php\/category\/nacional\/\" rel=\"category tag\">NACIONAL<\/a>","tag_info":"NACIONAL","comment_count":"0","jetpack_sharing_enabled":true,"_links":{"self":[{"href":"https:\/\/samanoticiasdurango.com\/index.php\/wp-json\/wp\/v2\/posts\/12685","targetHints":{"allow":["GET"]}}],"collection":[{"href":"https:\/\/samanoticiasdurango.com\/index.php\/wp-json\/wp\/v2\/posts"}],"about":[{"href":"https:\/\/samanoticiasdurango.com\/index.php\/wp-json\/wp\/v2\/types\/post"}],"author":[{"embeddable":true,"href":"https:\/\/samanoticiasdurango.com\/index.php\/wp-json\/wp\/v2\/users\/1"}],"replies":[{"embeddable":true,"href":"https:\/\/samanoticiasdurango.com\/index.php\/wp-json\/wp\/v2\/comments?post=12685"}],"version-history":[{"count":1,"href":"https:\/\/samanoticiasdurango.com\/index.php\/wp-json\/wp\/v2\/posts\/12685\/revisions"}],"predecessor-version":[{"id":12687,"href":"https:\/\/samanoticiasdurango.com\/index.php\/wp-json\/wp\/v2\/posts\/12685\/revisions\/12687"}],"wp:featuredmedia":[{"embeddable":true,"href":"https:\/\/samanoticiasdurango.com\/index.php\/wp-json\/wp\/v2\/media\/12686"}],"wp:attachment":[{"href":"https:\/\/samanoticiasdurango.com\/index.php\/wp-json\/wp\/v2\/media?parent=12685"}],"wp:term":[{"taxonomy":"category","embeddable":true,"href":"https:\/\/samanoticiasdurango.com\/index.php\/wp-json\/wp\/v2\/categories?post=12685"},{"taxonomy":"post_tag","embeddable":true,"href":"https:\/\/samanoticiasdurango.com\/index.php\/wp-json\/wp\/v2\/tags?post=12685"}],"curies":[{"name":"wp","href":"https:\/\/api.w.org\/{rel}","templated":true}]}}