{"id":12790,"date":"2025-02-07T15:48:57","date_gmt":"2025-02-07T15:48:57","guid":{"rendered":"https:\/\/samanoticiasdurango.com\/?p=12790"},"modified":"2025-02-07T15:48:58","modified_gmt":"2025-02-07T15:48:58","slug":"la-encrucijada-de-la-alianza-pri-pan-en-durango-entre-estrategias-y-tensiones-internas","status":"publish","type":"post","link":"https:\/\/samanoticiasdurango.com\/index.php\/2025\/02\/07\/la-encrucijada-de-la-alianza-pri-pan-en-durango-entre-estrategias-y-tensiones-internas\/","title":{"rendered":"La Encrucijada de la Alianza PRI-PAN en Durango: Entre Estrategias y Tensiones Internas"},"content":{"rendered":"\n<p><\/p>\n\n\n\n<p>La indefinici\u00f3n sobre la candidatura com\u00fan entre el PRI y el PAN en Durango ha dejado al descubierto mucho m\u00e1s que una simple indecisi\u00f3n electoral. Este escenario pol\u00edtico revela las profundas tensiones que existen dentro de la alianza entre ambos partidos, exponiendo las diferentes corrientes y lealtades que confluyen en la pol\u00edtica local duranguense.<\/p>\n\n\n\n<p>El Papel del Gobernador y las Preferencias Partidistas<\/p>\n\n\n\n<p>El gobernador Esteban Villegas ha mostrado se\u00f1ales claras de su inclinaci\u00f3n hacia el panista To\u00f1o Ochoa como posible candidato. Esta preferencia no es casual y responde a una serie de c\u00e1lculos pol\u00edticos que van m\u00e1s all\u00e1 de las simples afinidades partidistas. Sin embargo, esta postura ha generado reacciones diversas dentro de las filas de ambos partidos, especialmente en el PRI, donde algunas voces importantes mantienen sus reservas.<\/p>\n\n\n\n<p>La Postura del PRI y el Factor Alicia Gamboa<\/p>\n\n\n\n<p>En el otro extremo de la ecuaci\u00f3n se encuentra Alicia Gamboa, figura prominente del PRI, quien ha manifestado p\u00fablicamente que la decisi\u00f3n sobre la candidatura a\u00fan est\u00e1 en el aire, particularmente en lo que respecta al g\u00e9nero de quien encabezar\u00e1 la alianza. Su posici\u00f3n no es menor, considerando que sus movimientos pol\u00edticos est\u00e1n estrechamente vinculados a directrices superiores dentro de la estructura partidista.<\/p>\n\n\n\n<p>Las Implicaciones para la Alianza<\/p>\n\n\n\n<p>Esta situaci\u00f3n de indefinici\u00f3n no solo afecta la estrategia electoral inmediata, sino que tambi\u00e9n pone en evidencia las fracturas existentes en la alianza PRI-PAN. Las tensiones entre las diferentes corrientes pol\u00edticas podr\u00edan tener consecuencias significativas para la cohesi\u00f3n de la coalici\u00f3n y su efectividad en futuros procesos electorales.<\/p>\n\n\n\n<p>El debate sobre la candidatura com\u00fan ha trascendido la mera decisi\u00f3n electoral para convertirse en un term\u00f3metro de las relaciones entre ambos partidos. La manera en que se resuelva esta situaci\u00f3n podr\u00eda sentar precedentes importantes para futuras negociaciones y acuerdos pol\u00edticos en Durango.<\/p>\n\n\n\n<p>Mientras el tiempo avanza y las definiciones se vuelven m\u00e1s urgentes, tanto el PRI como el PAN deber\u00e1n encontrar un punto de equilibrio que satisfaga a las diferentes corrientes internas sin comprometer la viabilidad de su alianza. La decisi\u00f3n final no solo determinar\u00e1 el rumbo de la pr\u00f3xima contienda electoral, sino que tambi\u00e9n podr\u00eda redefinir el futuro de la colaboraci\u00f3n entre ambos partidos en el estado.<\/p>\n","protected":false},"excerpt":{"rendered":"<p>La indefinici\u00f3n sobre la candidatura com\u00fan entre el PRI y el PAN en Durango ha<\/p>\n","protected":false},"author":1,"featured_media":12791,"comment_status":"open","ping_status":"open","sticky":false,"template":"","format":"standard","meta":{"om_disable_all_campaigns":false,"_monsterinsights_skip_tracking":false,"_monsterinsights_sitenote_active":false,"_monsterinsights_sitenote_note":"","_monsterinsights_sitenote_category":0,"_jetpack_memberships_contains_paid_content":false,"footnotes":"","jetpack_publicize_message":"","jetpack_publicize_feature_enabled":true,"jetpack_social_post_already_shared":false,"jetpack_social_options":{"image_generator_settings":{"template":"highway","enabled":false},"version":2}},"categories":[1],"tags":[],"class_list":["post-12790","post","type-post","status-publish","format-standard","has-post-thumbnail","hentry","category-archivo"],"jetpack_publicize_connections":[],"aioseo_notices":[],"jetpack_featured_media_url":"https:\/\/samanoticiasdurango.com\/wp-content\/uploads\/prian-dos.jpg","featured_image_urls":{"full":["https:\/\/samanoticiasdurango.com\/wp-content\/uploads\/prian-dos.jpg",1000,522,false],"thumbnail":["https:\/\/samanoticiasdurango.com\/wp-content\/uploads\/prian-dos-150x150.jpg",150,150,true],"medium":["https:\/\/samanoticiasdurango.com\/wp-content\/uploads\/prian-dos-300x157.jpg",300,157,true],"medium_large":["https:\/\/samanoticiasdurango.com\/wp-content\/uploads\/prian-dos-768x401.jpg",640,334,true],"large":["https:\/\/samanoticiasdurango.com\/wp-content\/uploads\/prian-dos.jpg",640,334,false],"1536x1536":["https:\/\/samanoticiasdurango.com\/wp-content\/uploads\/prian-dos.jpg",1000,522,false],"2048x2048":["https:\/\/samanoticiasdurango.com\/wp-content\/uploads\/prian-dos.jpg",1000,522,false],"chromenews-featured":["https:\/\/samanoticiasdurango.com\/wp-content\/uploads\/prian-dos.jpg",1000,522,false],"chromenews-large":["https:\/\/samanoticiasdurango.com\/wp-content\/uploads\/prian-dos-825x522.jpg",825,522,true],"chromenews-medium":["https:\/\/samanoticiasdurango.com\/wp-content\/uploads\/prian-dos-590x410.jpg",590,410,true]},"author_info":{"display_name":"Redacci\u00f3n","author_link":"https:\/\/samanoticiasdurango.com\/index.php\/author\/jjsama13gmail-com\/"},"category_info":"<a href=\"https:\/\/samanoticiasdurango.com\/index.php\/category\/archivo\/\" rel=\"category tag\">DURANGO<\/a>","tag_info":"DURANGO","comment_count":"0","jetpack_sharing_enabled":true,"_links":{"self":[{"href":"https:\/\/samanoticiasdurango.com\/index.php\/wp-json\/wp\/v2\/posts\/12790","targetHints":{"allow":["GET"]}}],"collection":[{"href":"https:\/\/samanoticiasdurango.com\/index.php\/wp-json\/wp\/v2\/posts"}],"about":[{"href":"https:\/\/samanoticiasdurango.com\/index.php\/wp-json\/wp\/v2\/types\/post"}],"author":[{"embeddable":true,"href":"https:\/\/samanoticiasdurango.com\/index.php\/wp-json\/wp\/v2\/users\/1"}],"replies":[{"embeddable":true,"href":"https:\/\/samanoticiasdurango.com\/index.php\/wp-json\/wp\/v2\/comments?post=12790"}],"version-history":[{"count":1,"href":"https:\/\/samanoticiasdurango.com\/index.php\/wp-json\/wp\/v2\/posts\/12790\/revisions"}],"predecessor-version":[{"id":12792,"href":"https:\/\/samanoticiasdurango.com\/index.php\/wp-json\/wp\/v2\/posts\/12790\/revisions\/12792"}],"wp:featuredmedia":[{"embeddable":true,"href":"https:\/\/samanoticiasdurango.com\/index.php\/wp-json\/wp\/v2\/media\/12791"}],"wp:attachment":[{"href":"https:\/\/samanoticiasdurango.com\/index.php\/wp-json\/wp\/v2\/media?parent=12790"}],"wp:term":[{"taxonomy":"category","embeddable":true,"href":"https:\/\/samanoticiasdurango.com\/index.php\/wp-json\/wp\/v2\/categories?post=12790"},{"taxonomy":"post_tag","embeddable":true,"href":"https:\/\/samanoticiasdurango.com\/index.php\/wp-json\/wp\/v2\/tags?post=12790"}],"curies":[{"name":"wp","href":"https:\/\/api.w.org\/{rel}","templated":true}]}}