{"id":12798,"date":"2025-02-08T00:16:58","date_gmt":"2025-02-08T00:16:58","guid":{"rendered":"https:\/\/samanoticiasdurango.com\/?p=12798"},"modified":"2025-02-08T00:16:59","modified_gmt":"2025-02-08T00:16:59","slug":"mas-de-un-millon-de-llantas-usadas-el-desafio-del-basurero-municipal-de-durango","status":"publish","type":"post","link":"https:\/\/samanoticiasdurango.com\/index.php\/2025\/02\/08\/mas-de-un-millon-de-llantas-usadas-el-desafio-del-basurero-municipal-de-durango\/","title":{"rendered":"M\u00e1s de un mill\u00f3n de llantas usadas: el desaf\u00edo del basurero municipal de Durango."},"content":{"rendered":"\n<p><\/p>\n\n\n\n<p>Las llantas usadas son un problema creciente en muchas ciudades, y Durango no es la excepci\u00f3n. En su basurero municipal se estima que hay m\u00e1s de un mill\u00f3n de llantas en desuso, lo que representa un serio desaf\u00edo ambiental y de salud p\u00fablica. El manejo adecuado de estos desechos es un asunto pendiente para la actual administraci\u00f3n municipal, y es crucial abordar esta problem\u00e1tica de manera efectiva.<\/p>\n\n\n\n<h3 class=\"wp-block-heading\">La situaci\u00f3n actual: un mar de llantas en Durango<\/h3>\n\n\n\n<p>El basurero municipal de Durango, que ya enfrenta problemas significativos de capacidad y manejo de residuos, se ha convertido en un dep\u00f3sito de llantas que, adem\u00e1s de ocupar espacio valioso, genera riesgos ambientales. Las llantas pueden acumular agua de lluvia, convirti\u00e9ndose en criaderos de mosquitos y propagadores de enfermedades como el dengue. Adem\u00e1s, su descomposici\u00f3n es un proceso prolongado que contribuye a la contaminaci\u00f3n del suelo y del agua.<\/p>\n\n\n\n<h3 class=\"wp-block-heading\">La falta de una estrategia adecuada<\/h3>\n\n\n\n<p>A pesar de ser un problema bien conocido, el manejo de las llantas usadas contin\u00faa siendo una tarea pendiente para la administraci\u00f3n municipal. Actualmente, no existe una estrategia clara y eficaz para su recolecci\u00f3n y disposici\u00f3n final. Este vac\u00edo ha llevado a que las llantas se acumulen sin control, lo que no solo perjudica al medio ambiente, sino que tambi\u00e9n puede afectar la calidad de vida de los habitantes de Durango.<\/p>\n\n\n\n<h3 class=\"wp-block-heading\">Posibles soluciones: hacia un futuro m\u00e1s sostenible<\/h3>\n\n\n\n<p>Es fundamental que las autoridades municipales pongan en marcha un plan de acci\u00f3n que contemple la recolecci\u00f3n, reutilizaci\u00f3n y reciclaje de las llantas en desuso. Algunas iniciativas podr\u00edan incluir la creaci\u00f3n de centros de acopio donde los ciudadanos puedan llevar sus llantas viejas, as\u00ed como campa\u00f1as de concienciaci\u00f3n que incentiven la correcta disposici\u00f3n de estos materiales. Adem\u00e1s, involucrar a la comunidad en proyectos de reciclaje podr\u00eda no solo ayudar a resolver el problema, sino tambi\u00e9n fomentar un sentido de responsabilidad ambiental entre los duranguenses.<\/p>\n\n\n\n<h3 class=\"wp-block-heading\">Una oportunidad para el cambio<\/h3>\n\n\n\n<p>Abordar la situaci\u00f3n de las llantas usadas en Durango no solo es una cuesti\u00f3n de limpieza y salud p\u00fablica, sino tambi\u00e9n una oportunidad para implementar pr\u00e1cticas m\u00e1s sostenibles y responsables con el medio ambiente. La colaboraci\u00f3n entre el gobierno municipal, la ciudadan\u00eda y las organizaciones locales podr\u00eda transformar este desaf\u00edo en una ventaja para mejorar la calidad de vida en la ciudad.<\/p>\n\n\n\n<p>En conclusi\u00f3n, el tema de las llantas usadas en el basurero municipal de Durango es un claro ejemplo de c\u00f3mo una problem\u00e1tica ambiental puede afectar a toda una comunidad. Es hora de que la administraci\u00f3n municipal tome cartas en el asunto y trabaje en una soluci\u00f3n integral que garantice un futuro m\u00e1s limpio y sostenible para todos. La gesti\u00f3n responsable de estos residuos es primordial para construir un entorno saludable y preservar nuestro planeta para las generaciones venideras.<\/p>\n\n\n\n<p><\/p>\n","protected":false},"excerpt":{"rendered":"<p>Las llantas usadas son un problema creciente en muchas ciudades, y Durango no es la<\/p>\n","protected":false},"author":1,"featured_media":12799,"comment_status":"open","ping_status":"open","sticky":false,"template":"","format":"standard","meta":{"om_disable_all_campaigns":false,"_monsterinsights_skip_tracking":false,"_monsterinsights_sitenote_active":false,"_monsterinsights_sitenote_note":"","_monsterinsights_sitenote_category":0,"_jetpack_memberships_contains_paid_content":false,"footnotes":"","jetpack_publicize_message":"","jetpack_publicize_feature_enabled":true,"jetpack_social_post_already_shared":false,"jetpack_social_options":{"image_generator_settings":{"template":"highway","enabled":false},"version":2}},"categories":[1],"tags":[],"class_list":["post-12798","post","type-post","status-publish","format-standard","has-post-thumbnail","hentry","category-archivo"],"jetpack_publicize_connections":[],"aioseo_notices":[],"jetpack_featured_media_url":"https:\/\/samanoticiasdurango.com\/wp-content\/uploads\/FACEBOOK.00_00_01_14.Imagen-fija011.jpg","featured_image_urls":{"full":["https:\/\/samanoticiasdurango.com\/wp-content\/uploads\/FACEBOOK.00_00_01_14.Imagen-fija011.jpg",1000,522,false],"thumbnail":["https:\/\/samanoticiasdurango.com\/wp-content\/uploads\/FACEBOOK.00_00_01_14.Imagen-fija011-150x150.jpg",150,150,true],"medium":["https:\/\/samanoticiasdurango.com\/wp-content\/uploads\/FACEBOOK.00_00_01_14.Imagen-fija011-300x157.jpg",300,157,true],"medium_large":["https:\/\/samanoticiasdurango.com\/wp-content\/uploads\/FACEBOOK.00_00_01_14.Imagen-fija011-768x401.jpg",640,334,true],"large":["https:\/\/samanoticiasdurango.com\/wp-content\/uploads\/FACEBOOK.00_00_01_14.Imagen-fija011.jpg",640,334,false],"1536x1536":["https:\/\/samanoticiasdurango.com\/wp-content\/uploads\/FACEBOOK.00_00_01_14.Imagen-fija011.jpg",1000,522,false],"2048x2048":["https:\/\/samanoticiasdurango.com\/wp-content\/uploads\/FACEBOOK.00_00_01_14.Imagen-fija011.jpg",1000,522,false],"chromenews-featured":["https:\/\/samanoticiasdurango.com\/wp-content\/uploads\/FACEBOOK.00_00_01_14.Imagen-fija011.jpg",1000,522,false],"chromenews-large":["https:\/\/samanoticiasdurango.com\/wp-content\/uploads\/FACEBOOK.00_00_01_14.Imagen-fija011-825x522.jpg",825,522,true],"chromenews-medium":["https:\/\/samanoticiasdurango.com\/wp-content\/uploads\/FACEBOOK.00_00_01_14.Imagen-fija011-590x410.jpg",590,410,true]},"author_info":{"display_name":"Redacci\u00f3n","author_link":"https:\/\/samanoticiasdurango.com\/index.php\/author\/jjsama13gmail-com\/"},"category_info":"<a href=\"https:\/\/samanoticiasdurango.com\/index.php\/category\/archivo\/\" rel=\"category tag\">DURANGO<\/a>","tag_info":"DURANGO","comment_count":"0","jetpack_sharing_enabled":true,"_links":{"self":[{"href":"https:\/\/samanoticiasdurango.com\/index.php\/wp-json\/wp\/v2\/posts\/12798","targetHints":{"allow":["GET"]}}],"collection":[{"href":"https:\/\/samanoticiasdurango.com\/index.php\/wp-json\/wp\/v2\/posts"}],"about":[{"href":"https:\/\/samanoticiasdurango.com\/index.php\/wp-json\/wp\/v2\/types\/post"}],"author":[{"embeddable":true,"href":"https:\/\/samanoticiasdurango.com\/index.php\/wp-json\/wp\/v2\/users\/1"}],"replies":[{"embeddable":true,"href":"https:\/\/samanoticiasdurango.com\/index.php\/wp-json\/wp\/v2\/comments?post=12798"}],"version-history":[{"count":1,"href":"https:\/\/samanoticiasdurango.com\/index.php\/wp-json\/wp\/v2\/posts\/12798\/revisions"}],"predecessor-version":[{"id":12800,"href":"https:\/\/samanoticiasdurango.com\/index.php\/wp-json\/wp\/v2\/posts\/12798\/revisions\/12800"}],"wp:featuredmedia":[{"embeddable":true,"href":"https:\/\/samanoticiasdurango.com\/index.php\/wp-json\/wp\/v2\/media\/12799"}],"wp:attachment":[{"href":"https:\/\/samanoticiasdurango.com\/index.php\/wp-json\/wp\/v2\/media?parent=12798"}],"wp:term":[{"taxonomy":"category","embeddable":true,"href":"https:\/\/samanoticiasdurango.com\/index.php\/wp-json\/wp\/v2\/categories?post=12798"},{"taxonomy":"post_tag","embeddable":true,"href":"https:\/\/samanoticiasdurango.com\/index.php\/wp-json\/wp\/v2\/tags?post=12798"}],"curies":[{"name":"wp","href":"https:\/\/api.w.org\/{rel}","templated":true}]}}