{"id":12866,"date":"2025-02-20T20:35:11","date_gmt":"2025-02-20T20:35:11","guid":{"rendered":"https:\/\/samanoticiasdurango.com\/?p=12866"},"modified":"2025-02-20T20:35:11","modified_gmt":"2025-02-20T20:35:11","slug":"propone-martin-vivanco-vales-culturales-para-estudiantes","status":"publish","type":"post","link":"https:\/\/samanoticiasdurango.com\/index.php\/2025\/02\/20\/propone-martin-vivanco-vales-culturales-para-estudiantes\/","title":{"rendered":"Propone Mart\u00edn Vivanco vales culturales para estudiantes"},"content":{"rendered":"\n<p>Para garantizar el acceso a la cultura y fortalecer su impacto en las infancias y juventudes, el diputado de Movimiento Ciudadano, Mart\u00edn Vivanco, propuso reformar la Constituci\u00f3n Pol\u00edtica del Estado para proporcionar a las y los estudiantes de educaci\u00f3n b\u00e1sica, media superior y superior vales culturales que les permita participar en estas actividades.<\/p>\n\n\n\n<p>Al hacer uso de la tribuna, detall\u00f3 que esta medida, se pretende acercar la oferta cultural a la poblaci\u00f3n estudiantil y generar un impacto positivo en sus familias y comunidades, fortaleciendo el ecosistema cultural de Durango.<\/p>\n\n\n\n<p>El legislador destac\u00f3 que, aunque M\u00e9xico es un pa\u00eds con una riqueza cultural inigualable, los recortes presupuestarios a nivel federal han debilitado este sector en los \u00faltimos a\u00f1os. En contraste, Durango ha fortalecido al Instituto de Cultura del Estado de Durango (ICED), incrementando progresivamente su presupuesto y promoviendo diversas actividades culturales.<\/p>\n\n\n\n<p>\u201cEs fundamental no solo aumentar los recursos destinados a la cultura, sino dise\u00f1ar estrategias que eliminen brechas sociales y fomenten la inversi\u00f3n en este sector. La cultura es un motor de desarrollo econ\u00f3mico y social, y debemos garantizar que llegue a todas y todos\u201d, afirm\u00f3 Vivanco.<\/p>\n\n\n\n<p>El diputado subray\u00f3 que incentivar la participaci\u00f3n de ni\u00f1as, ni\u00f1os y j\u00f3venes en actividades culturales generar\u00e1 un c\u00edrculo virtuoso en la sociedad, donde la cultura se convierta en un pilar del desarrollo de Durango.<\/p>\n\n\n\n<p>\u201cSi logramos que los estudiantes accedan a la cultura, sus familias y comunidades tambi\u00e9n se beneficiar\u00e1n, impulsando la econom\u00eda y el desarrollo cultural del estado\u201d, concluy\u00f3.<\/p>\n\n\n\n<p>La iniciativa se tun\u00f3 para su estudio y dictaminaci\u00f3n con la expectativa de fortalecer el acceso equitativo a la cultura y consolidar a Durango como un referente en el fomento de las artes y las expresiones culturales.<\/p>\n","protected":false},"excerpt":{"rendered":"<p>Para garantizar el acceso a la cultura y fortalecer su impacto en las infancias y<\/p>\n","protected":false},"author":1,"featured_media":12867,"comment_status":"open","ping_status":"open","sticky":false,"template":"","format":"standard","meta":{"om_disable_all_campaigns":false,"_monsterinsights_skip_tracking":false,"_monsterinsights_sitenote_active":false,"_monsterinsights_sitenote_note":"","_monsterinsights_sitenote_category":0,"_jetpack_memberships_contains_paid_content":false,"footnotes":"","jetpack_publicize_message":"","jetpack_publicize_feature_enabled":true,"jetpack_social_post_already_shared":false,"jetpack_social_options":{"image_generator_settings":{"template":"highway","enabled":false},"version":2}},"categories":[1],"tags":[],"class_list":["post-12866","post","type-post","status-publish","format-standard","has-post-thumbnail","hentry","category-archivo"],"jetpack_publicize_connections":[],"aioseo_notices":[],"jetpack_featured_media_url":"https:\/\/samanoticiasdurango.com\/wp-content\/uploads\/VICANCO.jpeg","featured_image_urls":{"full":["https:\/\/samanoticiasdurango.com\/wp-content\/uploads\/VICANCO.jpeg",1280,853,false],"thumbnail":["https:\/\/samanoticiasdurango.com\/wp-content\/uploads\/VICANCO-150x150.jpeg",150,150,true],"medium":["https:\/\/samanoticiasdurango.com\/wp-content\/uploads\/VICANCO-300x200.jpeg",300,200,true],"medium_large":["https:\/\/samanoticiasdurango.com\/wp-content\/uploads\/VICANCO-768x512.jpeg",640,427,true],"large":["https:\/\/samanoticiasdurango.com\/wp-content\/uploads\/VICANCO-1024x682.jpeg",640,426,true],"1536x1536":["https:\/\/samanoticiasdurango.com\/wp-content\/uploads\/VICANCO.jpeg",1280,853,false],"2048x2048":["https:\/\/samanoticiasdurango.com\/wp-content\/uploads\/VICANCO.jpeg",1280,853,false],"chromenews-featured":["https:\/\/samanoticiasdurango.com\/wp-content\/uploads\/VICANCO-1024x682.jpeg",1024,682,true],"chromenews-large":["https:\/\/samanoticiasdurango.com\/wp-content\/uploads\/VICANCO-825x575.jpeg",825,575,true],"chromenews-medium":["https:\/\/samanoticiasdurango.com\/wp-content\/uploads\/VICANCO-590x410.jpeg",590,410,true]},"author_info":{"display_name":"Redacci\u00f3n","author_link":"https:\/\/samanoticiasdurango.com\/index.php\/author\/jjsama13gmail-com\/"},"category_info":"<a href=\"https:\/\/samanoticiasdurango.com\/index.php\/category\/archivo\/\" rel=\"category tag\">DURANGO<\/a>","tag_info":"DURANGO","comment_count":"0","jetpack_sharing_enabled":true,"_links":{"self":[{"href":"https:\/\/samanoticiasdurango.com\/index.php\/wp-json\/wp\/v2\/posts\/12866","targetHints":{"allow":["GET"]}}],"collection":[{"href":"https:\/\/samanoticiasdurango.com\/index.php\/wp-json\/wp\/v2\/posts"}],"about":[{"href":"https:\/\/samanoticiasdurango.com\/index.php\/wp-json\/wp\/v2\/types\/post"}],"author":[{"embeddable":true,"href":"https:\/\/samanoticiasdurango.com\/index.php\/wp-json\/wp\/v2\/users\/1"}],"replies":[{"embeddable":true,"href":"https:\/\/samanoticiasdurango.com\/index.php\/wp-json\/wp\/v2\/comments?post=12866"}],"version-history":[{"count":1,"href":"https:\/\/samanoticiasdurango.com\/index.php\/wp-json\/wp\/v2\/posts\/12866\/revisions"}],"predecessor-version":[{"id":12868,"href":"https:\/\/samanoticiasdurango.com\/index.php\/wp-json\/wp\/v2\/posts\/12866\/revisions\/12868"}],"wp:featuredmedia":[{"embeddable":true,"href":"https:\/\/samanoticiasdurango.com\/index.php\/wp-json\/wp\/v2\/media\/12867"}],"wp:attachment":[{"href":"https:\/\/samanoticiasdurango.com\/index.php\/wp-json\/wp\/v2\/media?parent=12866"}],"wp:term":[{"taxonomy":"category","embeddable":true,"href":"https:\/\/samanoticiasdurango.com\/index.php\/wp-json\/wp\/v2\/categories?post=12866"},{"taxonomy":"post_tag","embeddable":true,"href":"https:\/\/samanoticiasdurango.com\/index.php\/wp-json\/wp\/v2\/tags?post=12866"}],"curies":[{"name":"wp","href":"https:\/\/api.w.org\/{rel}","templated":true}]}}