{"id":12870,"date":"2025-02-21T14:59:36","date_gmt":"2025-02-21T14:59:36","guid":{"rendered":"https:\/\/samanoticiasdurango.com\/?p=12870"},"modified":"2025-02-21T14:59:37","modified_gmt":"2025-02-21T14:59:37","slug":"la-jefa-de-gobierno-claudia-sheinbaum-solicita-a-la-fgr-evaluar-la-solicitud-del-mayo-zambada-para-repatriacion","status":"publish","type":"post","link":"https:\/\/samanoticiasdurango.com\/index.php\/2025\/02\/21\/la-jefa-de-gobierno-claudia-sheinbaum-solicita-a-la-fgr-evaluar-la-solicitud-del-mayo-zambada-para-repatriacion\/","title":{"rendered":"La jefa de Gobierno, Claudia Sheinbaum, solicita a la FGR evaluar la solicitud del \u2018Mayo\u2019 Zambada para repatriaci\u00f3n."},"content":{"rendered":"\n<p>Tras revelarse la&nbsp;<strong>petici\u00f3n<\/strong>&nbsp;del narcotraficante&nbsp;<strong>Ismael&nbsp;<em>Mayo<\/em>&nbsp;Zambada<\/strong>&nbsp;de que el Gobierno mexicano intervenga para&nbsp;<strong>repatriarlo<\/strong>, la presidenta&nbsp;<a href=\"https:\/\/x.com\/Claudiashein\" target=\"_blank\" rel=\"noreferrer noopener\"><strong>Claudia<\/strong><\/a><strong>&nbsp;Sheinbaum Pardo<\/strong>&nbsp;apunt\u00f3 que el tema se plantear\u00e1 ante la Fiscal\u00eda General de la Rep\u00fablica (<strong>FGR<\/strong>).<\/p>\n\n\n\n<p>En la conferencia matutina de Palacio Nacional, Sheinbaum Pardo explic\u00f3 que la Secretar\u00eda de Relaciones Exteriores fue quien recibi\u00f3 la solicitud del l\u00edder delincuencial.<\/p>\n\n\n\n<blockquote class=\"wp-block-quote is-layout-flow wp-block-quote-is-layout-flow\">\n<p>En efecto fue recibida en el consulado de Nueva York, esta solicitud. Lo estamos planteando a la FGR (\u2026) Lo vamos a revisar, m\u00e1s all\u00e1 de esta persona y los delitos que haya cometido, el asunto es el derecho de un ciudadano mexicano frente a ser juzgado all\u00e1 sin haber seguido todo el procedimiento\u201d, dijo.<\/p>\n<\/blockquote>\n\n\n\n<p>\u201cS\u00ed hay un tema en la carta que (Zambada) est\u00e1 enviando, que tiene que ver con la soberan\u00eda y el juicio. Repito, nadie est\u00e1 defendiendo al personaje sino el hecho. Entonces la Fiscal\u00eda ha trabajado este tema y lo vamos a revisar cn el fiscal, y el martes que viene a la ma\u00f1anera de Seguridad que pueda informarnos\u201d, refiri\u00f3.<\/p>\n\n\n\n<p>\u201cEso es otro tema y no lo creo, el tema aqu\u00ed es el cumplimiento de la ley y de la Constituci\u00f3n, entonces ah\u00ed es donde interviene de manera importante la Fiscal\u00eda\u201d, sostuvo.<\/p>\n\n\n\n<p>El diario Reforma revel\u00f3 este viernes que el narcotraficante Ismael&nbsp;<em>Mayo<\/em>&nbsp;Zambada, quien se encuentra preso en los EE.UU. desde julio del a\u00f1o pasado, pidi\u00f3 al Gobierno mexicano su repatriaci\u00f3n.<\/p>\n\n\n\n<p>La petici\u00f3n del l\u00edder del C\u00e1rtel de Sinaloa fue presentada en el&nbsp;<strong>Consulado General de M\u00e9xico en Nueva York<\/strong>, donde apunt\u00f3 que de no hacerlo la relaci\u00f3n entre los dos pa\u00edses sufrir\u00e1 un \u201ccolapso\u201d.<\/p>\n\n\n\n<p>\u201cDebe intervenir (el Gobierno) a fin de que el presente asunto no resulte en un colapso en la relaci\u00f3n bilateral entre ambos pa\u00edses, puesto que no se debe perder de vista la irregular e ilegal manera en que el suscrito fui puesto a disposici\u00f3n de las autoridades de Estados Unidos\u201d, refiri\u00f3 Zambada Garc\u00eda en su petici\u00f3n.<\/p>\n\n\n\n<p>El l\u00edder delincuencial fue detenido el 25 de julio de 2024 en un aeropuerto de Nuevo M\u00e9xico, en EE.UU., tras padecer un enga\u00f1o de Joaqu\u00edn Guzm\u00e1n L\u00f3pez, hijo del&nbsp;<em>Chapo<\/em>&nbsp;Guzm\u00e1n, luego de ser secuestrado en Culiac\u00e1n, Sinaloa.<\/p>\n\n\n\n<p>El narcotraficante enfrenta en la Uni\u00f3n Americana cargos por delincuencia organizada, homicidio, narcotr\u00e1fico en gran escala y lavado de dinero, entre otros.<\/p>\n\n\n\n<p>Este hecho ocurre un d\u00eda despu\u00e9s de la designaci\u00f3n oficial de Estados Unidos de seis c\u00e1rteles mexicanos como&nbsp;<a href=\"https:\/\/lopezdoriga.com\/internacional\/eeuu-oficializa-designacion-carteles-mexicanos-organizaciones-terroristas\/\" target=\"_blank\" rel=\"noreferrer noopener\"><strong>organizaciones terroristas<\/strong><\/a>, entre los que se encuentran el de Sinaloa y el C\u00e1rtel Jalisco Nueva Generaci\u00f3n (CJNG).<\/p>\n\n\n\n<p><strong>Con informaci\u00f3n de L\u00f3pez-D\u00f3riga Digital<\/strong><\/p>\n\n\n\n<p><\/p>\n","protected":false},"excerpt":{"rendered":"<p>Tras revelarse la&nbsp;petici\u00f3n&nbsp;del narcotraficante&nbsp;Ismael&nbsp;Mayo&nbsp;Zambada&nbsp;de que el Gobierno mexicano intervenga para&nbsp;repatriarlo, la presidenta&nbsp;Claudia&nbsp;Sheinbaum Pardo&nbsp;apunt\u00f3 que el<\/p>\n","protected":false},"author":1,"featured_media":12872,"comment_status":"open","ping_status":"open","sticky":false,"template":"","format":"standard","meta":{"om_disable_all_campaigns":false,"_monsterinsights_skip_tracking":false,"_monsterinsights_sitenote_active":false,"_monsterinsights_sitenote_note":"","_monsterinsights_sitenote_category":0,"_jetpack_memberships_contains_paid_content":false,"footnotes":"","jetpack_publicize_message":"","jetpack_publicize_feature_enabled":true,"jetpack_social_post_already_shared":false,"jetpack_social_options":{"image_generator_settings":{"template":"highway","enabled":false},"version":2}},"categories":[5],"tags":[],"class_list":["post-12870","post","type-post","status-publish","format-standard","has-post-thumbnail","hentry","category-nacional"],"jetpack_publicize_connections":[],"aioseo_notices":[],"jetpack_featured_media_url":"https:\/\/samanoticiasdurango.com\/wp-content\/uploads\/W-E-B-.00_00_03_28.Imagen-fija001.jpg","featured_image_urls":{"full":["https:\/\/samanoticiasdurango.com\/wp-content\/uploads\/W-E-B-.00_00_03_28.Imagen-fija001.jpg",1200,675,false],"thumbnail":["https:\/\/samanoticiasdurango.com\/wp-content\/uploads\/W-E-B-.00_00_03_28.Imagen-fija001-150x150.jpg",150,150,true],"medium":["https:\/\/samanoticiasdurango.com\/wp-content\/uploads\/W-E-B-.00_00_03_28.Imagen-fija001-300x169.jpg",300,169,true],"medium_large":["https:\/\/samanoticiasdurango.com\/wp-content\/uploads\/W-E-B-.00_00_03_28.Imagen-fija001-768x432.jpg",640,360,true],"large":["https:\/\/samanoticiasdurango.com\/wp-content\/uploads\/W-E-B-.00_00_03_28.Imagen-fija001-1024x576.jpg",640,360,true],"1536x1536":["https:\/\/samanoticiasdurango.com\/wp-content\/uploads\/W-E-B-.00_00_03_28.Imagen-fija001.jpg",1200,675,false],"2048x2048":["https:\/\/samanoticiasdurango.com\/wp-content\/uploads\/W-E-B-.00_00_03_28.Imagen-fija001.jpg",1200,675,false],"chromenews-featured":["https:\/\/samanoticiasdurango.com\/wp-content\/uploads\/W-E-B-.00_00_03_28.Imagen-fija001-1024x576.jpg",1024,576,true],"chromenews-large":["https:\/\/samanoticiasdurango.com\/wp-content\/uploads\/W-E-B-.00_00_03_28.Imagen-fija001-825x575.jpg",825,575,true],"chromenews-medium":["https:\/\/samanoticiasdurango.com\/wp-content\/uploads\/W-E-B-.00_00_03_28.Imagen-fija001-590x410.jpg",590,410,true]},"author_info":{"display_name":"Redacci\u00f3n","author_link":"https:\/\/samanoticiasdurango.com\/index.php\/author\/jjsama13gmail-com\/"},"category_info":"<a href=\"https:\/\/samanoticiasdurango.com\/index.php\/category\/nacional\/\" rel=\"category tag\">NACIONAL<\/a>","tag_info":"NACIONAL","comment_count":"0","jetpack_sharing_enabled":true,"_links":{"self":[{"href":"https:\/\/samanoticiasdurango.com\/index.php\/wp-json\/wp\/v2\/posts\/12870","targetHints":{"allow":["GET"]}}],"collection":[{"href":"https:\/\/samanoticiasdurango.com\/index.php\/wp-json\/wp\/v2\/posts"}],"about":[{"href":"https:\/\/samanoticiasdurango.com\/index.php\/wp-json\/wp\/v2\/types\/post"}],"author":[{"embeddable":true,"href":"https:\/\/samanoticiasdurango.com\/index.php\/wp-json\/wp\/v2\/users\/1"}],"replies":[{"embeddable":true,"href":"https:\/\/samanoticiasdurango.com\/index.php\/wp-json\/wp\/v2\/comments?post=12870"}],"version-history":[{"count":1,"href":"https:\/\/samanoticiasdurango.com\/index.php\/wp-json\/wp\/v2\/posts\/12870\/revisions"}],"predecessor-version":[{"id":12873,"href":"https:\/\/samanoticiasdurango.com\/index.php\/wp-json\/wp\/v2\/posts\/12870\/revisions\/12873"}],"wp:featuredmedia":[{"embeddable":true,"href":"https:\/\/samanoticiasdurango.com\/index.php\/wp-json\/wp\/v2\/media\/12872"}],"wp:attachment":[{"href":"https:\/\/samanoticiasdurango.com\/index.php\/wp-json\/wp\/v2\/media?parent=12870"}],"wp:term":[{"taxonomy":"category","embeddable":true,"href":"https:\/\/samanoticiasdurango.com\/index.php\/wp-json\/wp\/v2\/categories?post=12870"},{"taxonomy":"post_tag","embeddable":true,"href":"https:\/\/samanoticiasdurango.com\/index.php\/wp-json\/wp\/v2\/tags?post=12870"}],"curies":[{"name":"wp","href":"https:\/\/api.w.org\/{rel}","templated":true}]}}