{"id":12912,"date":"2025-02-25T22:52:45","date_gmt":"2025-02-25T22:52:45","guid":{"rendered":"https:\/\/samanoticiasdurango.com\/?p=12912"},"modified":"2025-02-25T22:52:47","modified_gmt":"2025-02-25T22:52:47","slug":"una-de-cada-cuatro-adolescentes-mexicanas-ha-padecido-violencia-en-el-noviazgo","status":"publish","type":"post","link":"https:\/\/samanoticiasdurango.com\/index.php\/2025\/02\/25\/una-de-cada-cuatro-adolescentes-mexicanas-ha-padecido-violencia-en-el-noviazgo\/","title":{"rendered":"Una de cada cuatro adolescentes mexicanas ha padecido violencia en el noviazgo"},"content":{"rendered":"\n<p><br>Un informe explica las tres fases c\u00edclicas de la violencia en el noviazgo para identificarla y actuar en consecuencia<\/p>\n\n\n\n<p>febrero 25, 2025<\/p>\n\n\n\n<p>Una de cada cuatro mujeres de 15 a 19 a\u00f1os que han tenido pareja han padecido&nbsp;<strong>violencia<\/strong>&nbsp;en el&nbsp;<strong>noviazgo<\/strong>&nbsp;en&nbsp;<strong>M\u00e9xico<\/strong>, revel\u00f3 un estudio presentado por las organizaciones civiles Mexicanos Primero y Fundaci\u00f3n Nan\u00e1.<\/p>\n\n\n\n<p>El informe \u2018<a href=\"https:\/\/www.mexicanosprimero.org\/comunicado.php?url=mexicanos-primero-y-fundacion-nana-presentan-el-estudio-violencia-en-el-noviazgo-desde-la-perspectiva-escolar-250225\" target=\"_blank\" rel=\"noreferrer noopener\">Violencia en el Noviazgo desde la Perspectiva Escolar<\/a>\u2018 advierte adem\u00e1s que la&nbsp;<strong>violencia<\/strong>&nbsp;en la pareja&nbsp;<strong>se intensifica<\/strong>&nbsp;con la&nbsp;<strong>edad<\/strong>, afectando a siete de cada 10 mujeres mexicanas en todos los rangos de edad.<\/p>\n\n\n\n<p>https:\/\/platform.twitter.com\/embed\/Tweet.html?creatorScreenName=lopezdoriga&#038;dnt=false&#038;embedId=twitter-widget-0&#038;features=eyJ0ZndfdGltZWxpbmVfbGlzdCI6eyJidWNrZXQiOltdLCJ2ZXJzaW9uIjpudWxsfSwidGZ3X2ZvbGxvd2VyX2NvdW50X3N1bnNldCI6eyJidWNrZXQiOnRydWUsInZlcnNpb24iOm51bGx9LCJ0ZndfdHdlZXRfZWRpdF9iYWNrZW5kIjp7ImJ1Y2tldCI6Im9uIiwidmVyc2lvbiI6bnVsbH0sInRmd19yZWZzcmNfc2Vzc2lvbiI6eyJidWNrZXQiOiJvbiIsInZlcnNpb24iOm51bGx9LCJ0ZndfZm9zbnJfc29mdF9pbnRlcnZlbnRpb25zX2VuYWJsZWQiOnsiYnVja2V0Ijoib24iLCJ2ZXJzaW9uIjpudWxsfSwidGZ3X21peGVkX21lZGlhXzE1ODk3Ijp7ImJ1Y2tldCI6InRyZWF0bWVudCIsInZlcnNpb24iOm51bGx9LCJ0ZndfZXhwZXJpbWVudHNfY29va2llX2V4cGlyYXRpb24iOnsiYnVja2V0IjoxMjA5NjAwLCJ2ZXJzaW9uIjpudWxsfSwidGZ3X3Nob3dfYmlyZHdhdGNoX3Bpdm90c19lbmFibGVkIjp7ImJ1Y2tldCI6Im9uIiwidmVyc2lvbiI6bnVsbH0sInRmd19kdXBsaWNhdGVfc2NyaWJlc190b19zZXR0aW5ncyI6eyJidWNrZXQiOiJvbiIsInZlcnNpb24iOm51bGx9LCJ0ZndfdXNlX3Byb2ZpbGVfaW1hZ2Vfc2hhcGVfZW5hYmxlZCI6eyJidWNrZXQiOiJvbiIsInZlcnNpb24iOm51bGx9LCJ0ZndfdmlkZW9faGxzX2R5bmFtaWNfbWFuaWZlc3RzXzE1MDgyIjp7ImJ1Y2tldCI6InRydWVfYml0cmF0ZSIsInZlcnNpb24iOm51bGx9LCJ0ZndfbGVnYWN5X3RpbWVsaW5lX3N1bnNldCI6eyJidWNrZXQiOnRydWUsInZlcnNpb24iOm51bGx9LCJ0ZndfdHdlZXRfZWRpdF9mcm9udGVuZCI6eyJidWNrZXQiOiJvbiIsInZlcnNpb24iOm51bGx9fQ%3D%3D&#038;frame=false&#038;hideCard=false&#038;hideThread=true&#038;id=1894478233837736440&#038;lang=es&#038;origin=https%3A%2F%2Flopezdoriga.com%2Fnacional%2Fmexico-una-cada-cuatro-adolescentes-padece-violencia-noviazgo%2F&#038;sessionId=10ffbaf2433fd709e5e8f97f76df010266320c0d&#038;siteScreenName=lopezdoriga&#038;theme=light&#038;widgetsVersion=2615f7e52b7e0%3A1702314776716&#038;width=550px<\/p>\n\n\n\n<p>Asimismo, alerta que el 11.5 por ciento de las ni\u00f1as y adolescentes v\u00edctimas de feminicidio ten\u00edan menos de 17 a\u00f1os.<\/p>\n\n\n\n<p>La presidenta de la Fundaci\u00f3n Nan\u00e1, Ximena C\u00e9spedes, record\u00f3 que su hija, Ana Mar\u00eda Serrano C\u00e9spedes, fue v\u00edctima de&nbsp;<strong>feminicidio<\/strong>&nbsp;a los 18 a\u00f1os por parte de su exnovio, en septiembre de 2023, caso que sirve como punto de partida del estudio.<\/p>\n\n\n\n<p>El informe tambi\u00e9n explica las<strong>&nbsp;tres fases c\u00edclicas<\/strong>&nbsp;de la&nbsp;<strong>violencia<\/strong>&nbsp;en el&nbsp;<strong>noviazgo<\/strong>&nbsp;para que las estudiantes cuenten con elementos para identificarla.<\/p>\n\n\n\n<p>La primera fase se llama&nbsp;<strong>tensi\u00f3n<\/strong>, es decir, cuando la pareja se enoja o irrita; la segunda, es la&nbsp;<strong>explosi\u00f3n<\/strong>, cuando ejerce violencia, y la tercera, es la&nbsp;<strong>luna de miel<\/strong>, cuando se muestra arrepentido, pide perd\u00f3n y promete \u201ccambiar\u201d.<\/p>\n\n\n\n<p>Adem\u00e1s, el documento incluye la herramienta de apoyo \u2018<strong>Las banderas rojas en tu relaci\u00f3n<\/strong>\u2018, que contiene sugerencias did\u00e1cticas para abordarse desde el sal\u00f3n de clases para detectar conductas de riesgo en las relaciones afectivas.<\/p>\n\n\n\n<p>El objetivo del estudio es concienciar a la comunidad educativa para que pueda identificar y&nbsp;<strong>actuar<\/strong>&nbsp;ante las primeras&nbsp;<strong>se\u00f1ales de violencia<\/strong>&nbsp;en las<strong>&nbsp;relaciones de pareja<\/strong>&nbsp;para que ninguna otra joven sea v\u00edctima de feminicidio, destac\u00f3 C\u00e9spedes.<\/p>\n\n\n\n<p>Por su parte, Patricia V\u00e1zquez, presidenta ejecutiva de Mexicanos Primero, resalt\u00f3 la urgencia de detectar y prevenir la violencia en entornos escolares, en un pa\u00eds con un promedio de m\u00e1s de 10 mujeres asesinadas al d\u00eda.<\/p>\n\n\n\n<p>\u201cLas y los estudiantes necesitan herramientas que les ayuden a detectar la violencia en sus relaciones personales. Las autoridades y figuras responsables debemos garantizarles redes de apoyo y mecanismos de atenci\u00f3n con una absoluta perspectiva de derechos humanos\u201d, expuso.<\/p>\n\n\n\n<p>El estudio tambi\u00e9n arroj\u00f3 que 32 por ciento de las mujeres de 15 a\u00f1os y m\u00e1s han sufrido alguna&nbsp;<strong>violencia<\/strong>&nbsp;durante su&nbsp;<strong>trayectoria<\/strong>&nbsp;<strong>escolar<\/strong>.<\/p>\n\n\n\n<p>El estudio no es una encuesta, sino una revisi\u00f3n de datos oficiales de diferentes dependencias, tanto del Instituto Nacional de Estad\u00edstica y Geograf\u00eda (Inegi), como de programas sectoriales de la Secretar\u00eda de Educaci\u00f3n P\u00fablica (SEP).<\/p>\n\n\n\n<p><strong>Con informaci\u00f3n de EFE<\/strong><\/p>\n\n\n\n<p><\/p>\n","protected":false},"excerpt":{"rendered":"<p>Un informe explica las tres fases c\u00edclicas de la violencia en el noviazgo para identificarla<\/p>\n","protected":false},"author":1,"featured_media":12913,"comment_status":"open","ping_status":"open","sticky":false,"template":"","format":"standard","meta":{"om_disable_all_campaigns":false,"_monsterinsights_skip_tracking":false,"_monsterinsights_sitenote_active":false,"_monsterinsights_sitenote_note":"","_monsterinsights_sitenote_category":0,"_jetpack_memberships_contains_paid_content":false,"footnotes":"","jetpack_publicize_message":"","jetpack_publicize_feature_enabled":true,"jetpack_social_post_already_shared":false,"jetpack_social_options":{"image_generator_settings":{"template":"highway","enabled":false},"version":2}},"categories":[5],"tags":[],"class_list":["post-12912","post","type-post","status-publish","format-standard","has-post-thumbnail","hentry","category-nacional"],"jetpack_publicize_connections":[],"aioseo_notices":[],"jetpack_featured_media_url":"https:\/\/samanoticiasdurango.com\/wp-content\/uploads\/pareja-en-la-ciudad-de-mexico.webp","featured_image_urls":{"full":["https:\/\/samanoticiasdurango.com\/wp-content\/uploads\/pareja-en-la-ciudad-de-mexico.webp",1920,1280,false],"thumbnail":["https:\/\/samanoticiasdurango.com\/wp-content\/uploads\/pareja-en-la-ciudad-de-mexico-150x150.webp",150,150,true],"medium":["https:\/\/samanoticiasdurango.com\/wp-content\/uploads\/pareja-en-la-ciudad-de-mexico-300x200.webp",300,200,true],"medium_large":["https:\/\/samanoticiasdurango.com\/wp-content\/uploads\/pareja-en-la-ciudad-de-mexico-768x512.webp",640,427,true],"large":["https:\/\/samanoticiasdurango.com\/wp-content\/uploads\/pareja-en-la-ciudad-de-mexico-1024x683.webp",640,427,true],"1536x1536":["https:\/\/samanoticiasdurango.com\/wp-content\/uploads\/pareja-en-la-ciudad-de-mexico-1536x1024.webp",1536,1024,true],"2048x2048":["https:\/\/samanoticiasdurango.com\/wp-content\/uploads\/pareja-en-la-ciudad-de-mexico.webp",1920,1280,false],"chromenews-featured":["https:\/\/samanoticiasdurango.com\/wp-content\/uploads\/pareja-en-la-ciudad-de-mexico-1024x683.webp",1024,683,true],"chromenews-large":["https:\/\/samanoticiasdurango.com\/wp-content\/uploads\/pareja-en-la-ciudad-de-mexico-825x575.webp",825,575,true],"chromenews-medium":["https:\/\/samanoticiasdurango.com\/wp-content\/uploads\/pareja-en-la-ciudad-de-mexico-590x410.webp",590,410,true]},"author_info":{"display_name":"Redacci\u00f3n","author_link":"https:\/\/samanoticiasdurango.com\/index.php\/author\/jjsama13gmail-com\/"},"category_info":"<a href=\"https:\/\/samanoticiasdurango.com\/index.php\/category\/nacional\/\" rel=\"category tag\">NACIONAL<\/a>","tag_info":"NACIONAL","comment_count":"0","jetpack_sharing_enabled":true,"_links":{"self":[{"href":"https:\/\/samanoticiasdurango.com\/index.php\/wp-json\/wp\/v2\/posts\/12912","targetHints":{"allow":["GET"]}}],"collection":[{"href":"https:\/\/samanoticiasdurango.com\/index.php\/wp-json\/wp\/v2\/posts"}],"about":[{"href":"https:\/\/samanoticiasdurango.com\/index.php\/wp-json\/wp\/v2\/types\/post"}],"author":[{"embeddable":true,"href":"https:\/\/samanoticiasdurango.com\/index.php\/wp-json\/wp\/v2\/users\/1"}],"replies":[{"embeddable":true,"href":"https:\/\/samanoticiasdurango.com\/index.php\/wp-json\/wp\/v2\/comments?post=12912"}],"version-history":[{"count":1,"href":"https:\/\/samanoticiasdurango.com\/index.php\/wp-json\/wp\/v2\/posts\/12912\/revisions"}],"predecessor-version":[{"id":12914,"href":"https:\/\/samanoticiasdurango.com\/index.php\/wp-json\/wp\/v2\/posts\/12912\/revisions\/12914"}],"wp:featuredmedia":[{"embeddable":true,"href":"https:\/\/samanoticiasdurango.com\/index.php\/wp-json\/wp\/v2\/media\/12913"}],"wp:attachment":[{"href":"https:\/\/samanoticiasdurango.com\/index.php\/wp-json\/wp\/v2\/media?parent=12912"}],"wp:term":[{"taxonomy":"category","embeddable":true,"href":"https:\/\/samanoticiasdurango.com\/index.php\/wp-json\/wp\/v2\/categories?post=12912"},{"taxonomy":"post_tag","embeddable":true,"href":"https:\/\/samanoticiasdurango.com\/index.php\/wp-json\/wp\/v2\/tags?post=12912"}],"curies":[{"name":"wp","href":"https:\/\/api.w.org\/{rel}","templated":true}]}}