{"id":12956,"date":"2025-03-07T05:23:44","date_gmt":"2025-03-07T05:23:44","guid":{"rendered":"https:\/\/samanoticiasdurango.com\/?p=12956"},"modified":"2025-03-07T05:24:23","modified_gmt":"2025-03-07T05:24:23","slug":"congreso-abre-dialogo-sobre-ladespenalizacion-del-aborto","status":"publish","type":"post","link":"https:\/\/samanoticiasdurango.com\/index.php\/2025\/03\/07\/congreso-abre-dialogo-sobre-ladespenalizacion-del-aborto\/","title":{"rendered":"Congreso abre di\u00e1logo sobre la despenalizaci\u00f3n del aborto"},"content":{"rendered":"\n<p>En un ejercicio de apertura y di\u00e1logo, las Comisiones Unidas de Justicia y Equidad de G\u00e9nero del Congreso del Estado realizaron un conversatorio sobre la iniciativa de despenalizaci\u00f3n del aborto; encuentro que reuni\u00f3 a especialistas en derechos reproductivos, activistas y autoridades, con el objetivo de analizar la viabilidad de las reformas propuestas y su impacto en la sociedad duranguense.<\/p>\n\n\n\n<p>En este primer foro sobre el tema, tambi\u00e9n participaron Ninde Molre, especialista en derechos sexuales y reproductivos y directora de AbortistasMX, as\u00ed como Julieta Hern\u00e1ndez Camargo, presidenta de la organizaci\u00f3n \u201cS\u00ed Hay Mujeres en Durango\u201d.<\/p>\n\n\n\n<p>Durante su intervenci\u00f3n, la diputada Delia Enr\u00edquez, presidenta de la Comisi\u00f3n de Equidad de G\u00e9nero, subray\u00f3 su compromiso con la causa y destac\u00f3 que esta legislatura tiene la oportunidad de saldar una deuda hist\u00f3rica con las mujeres.<\/p>\n\n\n\n<p>\u201cEstamos cumpliendo una deuda de otras legislaturas que fallaron. Recolectamos m\u00e1s de siete mil firmas en aquella ocasi\u00f3n y nuestro objetivo es no criminalizar a las mujeres. Desde Morena, buscamos estar del lado del pueblo y de las mujeres\u201d, afirm\u00f3.<\/p>\n\n\n\n<p>Por su parte, el diputado Otniel Garc\u00eda, presidente de la Comisi\u00f3n de Justicia, asegur\u00f3 que el an\u00e1lisis de la iniciativa incluir\u00e1 la participaci\u00f3n de todos los sectores de la socidad. \u201cVamos a escuchar todas las posturas y garantizar que la votaci\u00f3n refleje la mayor\u00eda del Congreso para que pueda ser discutida en el Pleno\u201d, expres\u00f3.<\/p>\n\n\n\n<p>La directora de AbortistasMX, Ninde Molre, calific\u00f3 este momento como trascendental para Durango. \u201cDurango es el estado con mayor persecuci\u00f3n por aborto. Es fundamental que el Congreso escuche todas las voces, priorizando los derechos humanos por encima de creencias personales\u201d, enfatiz\u00f3.<\/p>\n\n\n\n<p>Se\u00f1al\u00f3 que, aunque la Suprema Corte de Justicia de la Naci\u00f3n (SCJN) determin\u00f3 en 2021 que la criminalizaci\u00f3n absoluta del aborto es inconstitucional, la penalizaci\u00f3n sigue vigente en los c\u00f3digos penales estatales. Actualmente, 22 estados del pa\u00eds han avanzado en su despenalizaci\u00f3n, y Durango se encuentra en un momento importante para sumarse a este cambio legislativo.<\/p>\n\n\n\n<p>En el mismo sentido, Julieta Hern\u00e1ndez, defensora de los derechos humanos, reconoci\u00f3 la relevancia de la iniciativa presentada por Morena. \u201cNegar el acceso al aborto vulnera la autonom\u00eda de las mujeres y viola varios derechos fundamentales. Adem\u00e1s, es un tema de salud p\u00fablica y justicia social. El aborto clandestino es la cuarta causa de muerte materna y afecta principalmente a las mujeres en situaci\u00f3n de pobreza\u201d, subray\u00f3.<\/p>\n","protected":false},"excerpt":{"rendered":"<p>En un ejercicio de apertura y di\u00e1logo, las Comisiones Unidas de Justicia y Equidad de<\/p>\n","protected":false},"author":1,"featured_media":12957,"comment_status":"open","ping_status":"open","sticky":false,"template":"","format":"standard","meta":{"om_disable_all_campaigns":false,"_monsterinsights_skip_tracking":false,"_monsterinsights_sitenote_active":false,"_monsterinsights_sitenote_note":"","_monsterinsights_sitenote_category":0,"_jetpack_memberships_contains_paid_content":false,"footnotes":"","jetpack_publicize_message":"","jetpack_publicize_feature_enabled":true,"jetpack_social_post_already_shared":false,"jetpack_social_options":{"image_generator_settings":{"template":"highway","enabled":false},"version":2}},"categories":[1],"tags":[],"class_list":["post-12956","post","type-post","status-publish","format-standard","has-post-thumbnail","hentry","category-archivo"],"jetpack_publicize_connections":[],"aioseo_notices":[],"jetpack_featured_media_url":"https:\/\/samanoticiasdurango.com\/wp-content\/uploads\/26e10ce9-ef13-4dec-9901-94a02b3bc390.jpeg","featured_image_urls":{"full":["https:\/\/samanoticiasdurango.com\/wp-content\/uploads\/26e10ce9-ef13-4dec-9901-94a02b3bc390.jpeg",1280,853,false],"thumbnail":["https:\/\/samanoticiasdurango.com\/wp-content\/uploads\/26e10ce9-ef13-4dec-9901-94a02b3bc390-150x150.jpeg",150,150,true],"medium":["https:\/\/samanoticiasdurango.com\/wp-content\/uploads\/26e10ce9-ef13-4dec-9901-94a02b3bc390-300x200.jpeg",300,200,true],"medium_large":["https:\/\/samanoticiasdurango.com\/wp-content\/uploads\/26e10ce9-ef13-4dec-9901-94a02b3bc390-768x512.jpeg",640,427,true],"large":["https:\/\/samanoticiasdurango.com\/wp-content\/uploads\/26e10ce9-ef13-4dec-9901-94a02b3bc390-1024x682.jpeg",640,426,true],"1536x1536":["https:\/\/samanoticiasdurango.com\/wp-content\/uploads\/26e10ce9-ef13-4dec-9901-94a02b3bc390.jpeg",1280,853,false],"2048x2048":["https:\/\/samanoticiasdurango.com\/wp-content\/uploads\/26e10ce9-ef13-4dec-9901-94a02b3bc390.jpeg",1280,853,false],"chromenews-featured":["https:\/\/samanoticiasdurango.com\/wp-content\/uploads\/26e10ce9-ef13-4dec-9901-94a02b3bc390-1024x682.jpeg",1024,682,true],"chromenews-large":["https:\/\/samanoticiasdurango.com\/wp-content\/uploads\/26e10ce9-ef13-4dec-9901-94a02b3bc390-825x575.jpeg",825,575,true],"chromenews-medium":["https:\/\/samanoticiasdurango.com\/wp-content\/uploads\/26e10ce9-ef13-4dec-9901-94a02b3bc390-590x410.jpeg",590,410,true]},"author_info":{"display_name":"Redacci\u00f3n","author_link":"https:\/\/samanoticiasdurango.com\/index.php\/author\/jjsama13gmail-com\/"},"category_info":"<a href=\"https:\/\/samanoticiasdurango.com\/index.php\/category\/archivo\/\" rel=\"category tag\">DURANGO<\/a>","tag_info":"DURANGO","comment_count":"0","jetpack_sharing_enabled":true,"_links":{"self":[{"href":"https:\/\/samanoticiasdurango.com\/index.php\/wp-json\/wp\/v2\/posts\/12956","targetHints":{"allow":["GET"]}}],"collection":[{"href":"https:\/\/samanoticiasdurango.com\/index.php\/wp-json\/wp\/v2\/posts"}],"about":[{"href":"https:\/\/samanoticiasdurango.com\/index.php\/wp-json\/wp\/v2\/types\/post"}],"author":[{"embeddable":true,"href":"https:\/\/samanoticiasdurango.com\/index.php\/wp-json\/wp\/v2\/users\/1"}],"replies":[{"embeddable":true,"href":"https:\/\/samanoticiasdurango.com\/index.php\/wp-json\/wp\/v2\/comments?post=12956"}],"version-history":[{"count":2,"href":"https:\/\/samanoticiasdurango.com\/index.php\/wp-json\/wp\/v2\/posts\/12956\/revisions"}],"predecessor-version":[{"id":12959,"href":"https:\/\/samanoticiasdurango.com\/index.php\/wp-json\/wp\/v2\/posts\/12956\/revisions\/12959"}],"wp:featuredmedia":[{"embeddable":true,"href":"https:\/\/samanoticiasdurango.com\/index.php\/wp-json\/wp\/v2\/media\/12957"}],"wp:attachment":[{"href":"https:\/\/samanoticiasdurango.com\/index.php\/wp-json\/wp\/v2\/media?parent=12956"}],"wp:term":[{"taxonomy":"category","embeddable":true,"href":"https:\/\/samanoticiasdurango.com\/index.php\/wp-json\/wp\/v2\/categories?post=12956"},{"taxonomy":"post_tag","embeddable":true,"href":"https:\/\/samanoticiasdurango.com\/index.php\/wp-json\/wp\/v2\/tags?post=12956"}],"curies":[{"name":"wp","href":"https:\/\/api.w.org\/{rel}","templated":true}]}}