{"id":12997,"date":"2025-03-18T04:56:51","date_gmt":"2025-03-18T04:56:51","guid":{"rendered":"https:\/\/samanoticiasdurango.com\/?p=12997"},"modified":"2025-03-18T04:56:52","modified_gmt":"2025-03-18T04:56:52","slug":"plantea-sandra-amaya-sancionar-venta-de-candidaturas","status":"publish","type":"post","link":"https:\/\/samanoticiasdurango.com\/index.php\/2025\/03\/18\/plantea-sandra-amaya-sancionar-venta-de-candidaturas\/","title":{"rendered":"Plantea Sandra Amaya sancionar venta de candidaturas"},"content":{"rendered":"\n<p>[3:11 p.m., 17\/3\/2025] Juvenal: Con el objetivo de garantizar que el acceso a cargos de elecci\u00f3n popular se base en la capacidad, \u00e9tica y compromiso de las personas, y no en intereses econ\u00f3micos o influencias pol\u00edticas, la diputada Sandra Amaya Rosales present\u00f3 la iniciativa para tipificar y sancionar de manera contundente la venta de candidaturas.<\/p>\n\n\n\n<p>Al realizar la ampliaci\u00f3n de motivos, estac\u00f3 la urgencia de combatir la corrupci\u00f3n en los procesos electorales y fortalecer la transparencia en la selecci\u00f3n de candidaturas. En este sentido, record\u00f3 que la lucha contra la corrupci\u00f3n es una prioridad del movimiento de la Cuarta Transformaci\u00f3n, encabezado por la presidenta Claudia Sheinbaum Pardo, y advirti\u00f3 que la compra de candidaturas distorsiona la voluntad del pueblo, debilita la democracia y favorece intereses particulares.<\/p>\n\n\n\n<p>Explic\u00f3 que la propuesta de reformas al C\u00f3digo Penal del Estado contempla sanciones severas, incluyendo multas de 50 a 200 cuotas, as\u00ed como penas de prisi\u00f3n de uno a siete a\u00f1os para quienes incurran en esta pr\u00e1ctica. En el caso de servidores p\u00fablicos, las penas se duplicar\u00e1n, con destituci\u00f3n inmediata e inhabilitaci\u00f3n para ocupar cargos p\u00fablicos.<\/p>\n\n\n\n<p>\u201cLa transparencia en los procesos electorales no es solo una demanda del pueblo, sino una necesidad fundamental para el buen funcionamiento de nuestra democracia. Con esta iniciativa damos un paso firme para garantizar que el poder est\u00e9 verdaderamente al servicio de la gente\u201d, enfatiz\u00f3 la legisladora.<\/p>\n\n\n\n<p>Finalmente, Amaya hizo un llamado a sus compa\u00f1eras y compa\u00f1eros legisladores para respaldar la propuesta, reiterando el compromiso de la Cuarta Transformaci\u00f3n con un Durango donde la honestidad y la justicia sean los pilares de la pol\u00edtica.<br>[3:11 p.m., 17\/3\/2025] Juvenal: Continua atenci\u00f3n oportuna a la salud<br>mental en Durango: diputados PAN<\/p>\n\n\n\n<ul class=\"wp-block-list\">\n<li>Gobierno estatal y municipal unieron esfuerzos con la \u201cL\u00ednea AMA\u201d y la \u201cL\u00ednea Amarilla\u201d para brindar apoyo psicol\u00f3gico oportuno<br>La diputada Ver\u00f3nica Gonz\u00e1lez del Grupo Parlamentario de Acci\u00f3n Nacional reconoci\u00f3 la implementaci\u00f3n y el impacto positivo de la &#8220;L\u00ednea AMA&#8221; y la &#8220;L\u00ednea Amarilla&#8221;, dos programas fundamentales para la atenci\u00f3n y prevenci\u00f3n de crisis emocionales en la entidad, estas iniciativas reflejan el compromiso del gobierno estatal y municipal para ofrecer apoyo psicol\u00f3gico accesible y efectivo a la ciudadan\u00eda.<\/li>\n<\/ul>\n\n\n\n<p>\u201cLa salud mental no puede seguir siendo un tema secundario. Gracias a la coordinaci\u00f3n entre el Gobierno del Estado y el Municipio de Durango, hoy contamos con herr\u2026<\/p>\n","protected":false},"excerpt":{"rendered":"<p>[3:11 p.m., 17\/3\/2025] Juvenal: Con el objetivo de garantizar que el acceso a cargos de<\/p>\n","protected":false},"author":1,"featured_media":12998,"comment_status":"open","ping_status":"open","sticky":false,"template":"","format":"standard","meta":{"om_disable_all_campaigns":false,"_monsterinsights_skip_tracking":false,"_monsterinsights_sitenote_active":false,"_monsterinsights_sitenote_note":"","_monsterinsights_sitenote_category":0,"_jetpack_memberships_contains_paid_content":false,"footnotes":"","jetpack_publicize_message":"","jetpack_publicize_feature_enabled":true,"jetpack_social_post_already_shared":false,"jetpack_social_options":{"image_generator_settings":{"template":"highway","enabled":false},"version":2}},"categories":[1],"tags":[],"class_list":["post-12997","post","type-post","status-publish","format-standard","has-post-thumbnail","hentry","category-archivo"],"jetpack_publicize_connections":[],"aioseo_notices":[],"jetpack_featured_media_url":"https:\/\/samanoticiasdurango.com\/wp-content\/uploads\/61cb1505-7698-4c2c-8184-0621fcafb04f.jpeg","featured_image_urls":{"full":["https:\/\/samanoticiasdurango.com\/wp-content\/uploads\/61cb1505-7698-4c2c-8184-0621fcafb04f.jpeg",1280,853,false],"thumbnail":["https:\/\/samanoticiasdurango.com\/wp-content\/uploads\/61cb1505-7698-4c2c-8184-0621fcafb04f-150x150.jpeg",150,150,true],"medium":["https:\/\/samanoticiasdurango.com\/wp-content\/uploads\/61cb1505-7698-4c2c-8184-0621fcafb04f-300x200.jpeg",300,200,true],"medium_large":["https:\/\/samanoticiasdurango.com\/wp-content\/uploads\/61cb1505-7698-4c2c-8184-0621fcafb04f-768x512.jpeg",640,427,true],"large":["https:\/\/samanoticiasdurango.com\/wp-content\/uploads\/61cb1505-7698-4c2c-8184-0621fcafb04f-1024x682.jpeg",640,426,true],"1536x1536":["https:\/\/samanoticiasdurango.com\/wp-content\/uploads\/61cb1505-7698-4c2c-8184-0621fcafb04f.jpeg",1280,853,false],"2048x2048":["https:\/\/samanoticiasdurango.com\/wp-content\/uploads\/61cb1505-7698-4c2c-8184-0621fcafb04f.jpeg",1280,853,false],"chromenews-featured":["https:\/\/samanoticiasdurango.com\/wp-content\/uploads\/61cb1505-7698-4c2c-8184-0621fcafb04f-1024x682.jpeg",1024,682,true],"chromenews-large":["https:\/\/samanoticiasdurango.com\/wp-content\/uploads\/61cb1505-7698-4c2c-8184-0621fcafb04f-825x575.jpeg",825,575,true],"chromenews-medium":["https:\/\/samanoticiasdurango.com\/wp-content\/uploads\/61cb1505-7698-4c2c-8184-0621fcafb04f-590x410.jpeg",590,410,true]},"author_info":{"display_name":"Redacci\u00f3n","author_link":"https:\/\/samanoticiasdurango.com\/index.php\/author\/jjsama13gmail-com\/"},"category_info":"<a href=\"https:\/\/samanoticiasdurango.com\/index.php\/category\/archivo\/\" rel=\"category tag\">DURANGO<\/a>","tag_info":"DURANGO","comment_count":"0","jetpack_sharing_enabled":true,"_links":{"self":[{"href":"https:\/\/samanoticiasdurango.com\/index.php\/wp-json\/wp\/v2\/posts\/12997","targetHints":{"allow":["GET"]}}],"collection":[{"href":"https:\/\/samanoticiasdurango.com\/index.php\/wp-json\/wp\/v2\/posts"}],"about":[{"href":"https:\/\/samanoticiasdurango.com\/index.php\/wp-json\/wp\/v2\/types\/post"}],"author":[{"embeddable":true,"href":"https:\/\/samanoticiasdurango.com\/index.php\/wp-json\/wp\/v2\/users\/1"}],"replies":[{"embeddable":true,"href":"https:\/\/samanoticiasdurango.com\/index.php\/wp-json\/wp\/v2\/comments?post=12997"}],"version-history":[{"count":1,"href":"https:\/\/samanoticiasdurango.com\/index.php\/wp-json\/wp\/v2\/posts\/12997\/revisions"}],"predecessor-version":[{"id":12999,"href":"https:\/\/samanoticiasdurango.com\/index.php\/wp-json\/wp\/v2\/posts\/12997\/revisions\/12999"}],"wp:featuredmedia":[{"embeddable":true,"href":"https:\/\/samanoticiasdurango.com\/index.php\/wp-json\/wp\/v2\/media\/12998"}],"wp:attachment":[{"href":"https:\/\/samanoticiasdurango.com\/index.php\/wp-json\/wp\/v2\/media?parent=12997"}],"wp:term":[{"taxonomy":"category","embeddable":true,"href":"https:\/\/samanoticiasdurango.com\/index.php\/wp-json\/wp\/v2\/categories?post=12997"},{"taxonomy":"post_tag","embeddable":true,"href":"https:\/\/samanoticiasdurango.com\/index.php\/wp-json\/wp\/v2\/tags?post=12997"}],"curies":[{"name":"wp","href":"https:\/\/api.w.org\/{rel}","templated":true}]}}