{"id":13000,"date":"2025-03-18T05:01:16","date_gmt":"2025-03-18T05:01:16","guid":{"rendered":"https:\/\/samanoticiasdurango.com\/?p=13000"},"modified":"2025-03-18T05:01:17","modified_gmt":"2025-03-18T05:01:17","slug":"continua-atencion-oportuna-a-la-salud-mental-en-durango-diputados-pan","status":"publish","type":"post","link":"https:\/\/samanoticiasdurango.com\/index.php\/2025\/03\/18\/continua-atencion-oportuna-a-la-salud-mental-en-durango-diputados-pan\/","title":{"rendered":"Continua atenci\u00f3n oportuna a la salud mental en Durango: diputados PAN"},"content":{"rendered":"\n<p>La diputada Ver\u00f3nica Gonz\u00e1lez del Grupo Parlamentario de Acci\u00f3n Nacional reconoci\u00f3 la implementaci\u00f3n y el impacto positivo de la &#8220;L\u00ednea AMA&#8221; y la &#8220;L\u00ednea Amarilla&#8221;, dos programas fundamentales para la atenci\u00f3n y prevenci\u00f3n de crisis emocionales en la entidad, estas iniciativas reflejan el compromiso del gobierno estatal y municipal para ofrecer apoyo psicol\u00f3gico accesible y efectivo a la ciudadan\u00eda.<\/p>\n\n\n\n<p>\u201cLa salud mental no puede seguir siendo un tema secundario. Gracias a la coordinaci\u00f3n entre el Gobierno del Estado y el Municipio de Durango, hoy contamos con herramientas reales para atender la ansiedad, la depresi\u00f3n y la ideaci\u00f3n suicida. La &#8216;L\u00ednea AMA&#8217; y la &#8216;L\u00ednea Amarilla&#8217; son un claro ejemplo de que, cuando hay voluntad, se pueden salvar vidas\u201d, afirm\u00f3 al hacer uso de la tribuna en el Congreso del Estado.<\/p>\n\n\n\n<p>Desde su puesta en marcha el 10 de septiembre de 2024, la &#8220;L\u00ednea AMA&#8221; ha recibido m\u00e1s de 1,500 llamadas, siendo el 72.84% de las solicitudes de apoyo de mujeres y el 27.16% de hombres. Entre los principales motivos de consulta se encuentran problemas econ\u00f3micos, conflictos de pareja, rupturas amorosas, adicciones y s\u00edntomas de depresi\u00f3n. Adem\u00e1s, se han realizado m\u00e1s de 600 intervenciones, incluyendo seguimiento de casos y autopsias psicol\u00f3gicas.<\/p>\n\n\n\n<p>Por su parte, la &#8220;L\u00ednea Amarilla&#8221;, operada desde el n\u00famero de emergencia 911, ha atendido entre una y dos crisis diarias de ideaci\u00f3n suicida, principalmente en hombres j\u00f3venes de 14 a 35 a\u00f1os. De acuerdo con datos recientes, el 80% de las personas que buscaron ayuda presentaban pensamientos suicidas, mientras que el 20% hab\u00eda intentado quitarse la vida.<\/p>\n\n\n\n<p>\u201cNo podemos ignorar esta realidad. La prevenci\u00f3n del suicidio debe ser una prioridad, y estas l\u00edneas de atenci\u00f3n han demostrado ser un recurso invaluable para quienes m\u00e1s lo necesitan\u201d, subray\u00f3 la diputada.<\/p>\n\n\n\n<p>Reiter\u00f3 el compromiso del Grupo Parlamentario del PAN para seguir impulsando pol\u00edticas p\u00fablicas que fortalezcan la atenci\u00f3n a la salud mental y llam\u00f3 a la ciudadan\u00eda a utilizar estos servicios en caso de requerir ayuda.<\/p>\n\n\n\n<p>\u201cUna llamada puede marcar la diferencia entre la desesperanza y la esperanza, entre la vida y la muerte. En Durango, la vida es nuestro valor supremo y seguiremos trabajando para protegerla\u201d, finaliz\u00f3.<\/p>\n","protected":false},"excerpt":{"rendered":"<p>La diputada Ver\u00f3nica Gonz\u00e1lez del Grupo Parlamentario de Acci\u00f3n Nacional reconoci\u00f3 la implementaci\u00f3n y el<\/p>\n","protected":false},"author":1,"featured_media":13001,"comment_status":"open","ping_status":"open","sticky":false,"template":"","format":"standard","meta":{"om_disable_all_campaigns":false,"_monsterinsights_skip_tracking":false,"_monsterinsights_sitenote_active":false,"_monsterinsights_sitenote_note":"","_monsterinsights_sitenote_category":0,"_jetpack_memberships_contains_paid_content":false,"footnotes":"","jetpack_publicize_message":"","jetpack_publicize_feature_enabled":true,"jetpack_social_post_already_shared":false,"jetpack_social_options":{"image_generator_settings":{"template":"highway","enabled":false},"version":2}},"categories":[1],"tags":[],"class_list":["post-13000","post","type-post","status-publish","format-standard","has-post-thumbnail","hentry","category-archivo"],"jetpack_publicize_connections":[],"aioseo_notices":[],"jetpack_featured_media_url":"https:\/\/samanoticiasdurango.com\/wp-content\/uploads\/455521e5-3d55-4398-9b15-900bff5498a5.jpeg","featured_image_urls":{"full":["https:\/\/samanoticiasdurango.com\/wp-content\/uploads\/455521e5-3d55-4398-9b15-900bff5498a5.jpeg",853,1280,false],"thumbnail":["https:\/\/samanoticiasdurango.com\/wp-content\/uploads\/455521e5-3d55-4398-9b15-900bff5498a5-150x150.jpeg",150,150,true],"medium":["https:\/\/samanoticiasdurango.com\/wp-content\/uploads\/455521e5-3d55-4398-9b15-900bff5498a5-200x300.jpeg",200,300,true],"medium_large":["https:\/\/samanoticiasdurango.com\/wp-content\/uploads\/455521e5-3d55-4398-9b15-900bff5498a5-768x1152.jpeg",640,960,true],"large":["https:\/\/samanoticiasdurango.com\/wp-content\/uploads\/455521e5-3d55-4398-9b15-900bff5498a5-682x1024.jpeg",640,961,true],"1536x1536":["https:\/\/samanoticiasdurango.com\/wp-content\/uploads\/455521e5-3d55-4398-9b15-900bff5498a5.jpeg",853,1280,false],"2048x2048":["https:\/\/samanoticiasdurango.com\/wp-content\/uploads\/455521e5-3d55-4398-9b15-900bff5498a5.jpeg",853,1280,false],"chromenews-featured":["https:\/\/samanoticiasdurango.com\/wp-content\/uploads\/455521e5-3d55-4398-9b15-900bff5498a5.jpeg",853,1280,false],"chromenews-large":["https:\/\/samanoticiasdurango.com\/wp-content\/uploads\/455521e5-3d55-4398-9b15-900bff5498a5-825x575.jpeg",825,575,true],"chromenews-medium":["https:\/\/samanoticiasdurango.com\/wp-content\/uploads\/455521e5-3d55-4398-9b15-900bff5498a5-590x410.jpeg",590,410,true]},"author_info":{"display_name":"Redacci\u00f3n","author_link":"https:\/\/samanoticiasdurango.com\/index.php\/author\/jjsama13gmail-com\/"},"category_info":"<a href=\"https:\/\/samanoticiasdurango.com\/index.php\/category\/archivo\/\" rel=\"category tag\">DURANGO<\/a>","tag_info":"DURANGO","comment_count":"0","jetpack_sharing_enabled":true,"_links":{"self":[{"href":"https:\/\/samanoticiasdurango.com\/index.php\/wp-json\/wp\/v2\/posts\/13000","targetHints":{"allow":["GET"]}}],"collection":[{"href":"https:\/\/samanoticiasdurango.com\/index.php\/wp-json\/wp\/v2\/posts"}],"about":[{"href":"https:\/\/samanoticiasdurango.com\/index.php\/wp-json\/wp\/v2\/types\/post"}],"author":[{"embeddable":true,"href":"https:\/\/samanoticiasdurango.com\/index.php\/wp-json\/wp\/v2\/users\/1"}],"replies":[{"embeddable":true,"href":"https:\/\/samanoticiasdurango.com\/index.php\/wp-json\/wp\/v2\/comments?post=13000"}],"version-history":[{"count":1,"href":"https:\/\/samanoticiasdurango.com\/index.php\/wp-json\/wp\/v2\/posts\/13000\/revisions"}],"predecessor-version":[{"id":13002,"href":"https:\/\/samanoticiasdurango.com\/index.php\/wp-json\/wp\/v2\/posts\/13000\/revisions\/13002"}],"wp:featuredmedia":[{"embeddable":true,"href":"https:\/\/samanoticiasdurango.com\/index.php\/wp-json\/wp\/v2\/media\/13001"}],"wp:attachment":[{"href":"https:\/\/samanoticiasdurango.com\/index.php\/wp-json\/wp\/v2\/media?parent=13000"}],"wp:term":[{"taxonomy":"category","embeddable":true,"href":"https:\/\/samanoticiasdurango.com\/index.php\/wp-json\/wp\/v2\/categories?post=13000"},{"taxonomy":"post_tag","embeddable":true,"href":"https:\/\/samanoticiasdurango.com\/index.php\/wp-json\/wp\/v2\/tags?post=13000"}],"curies":[{"name":"wp","href":"https:\/\/api.w.org\/{rel}","templated":true}]}}