{"id":13004,"date":"2025-03-18T15:38:18","date_gmt":"2025-03-18T15:38:18","guid":{"rendered":"https:\/\/samanoticiasdurango.com\/?p=13004"},"modified":"2025-03-18T15:38:20","modified_gmt":"2025-03-18T15:38:20","slug":"en-mexico-el-20-de-la-poblacion-indigena-es-analfabeta-afectando-a-1-3-millones-de-personas","status":"publish","type":"post","link":"https:\/\/samanoticiasdurango.com\/index.php\/2025\/03\/18\/en-mexico-el-20-de-la-poblacion-indigena-es-analfabeta-afectando-a-1-3-millones-de-personas\/","title":{"rendered":"En M\u00e9xico, el 20% de la poblaci\u00f3n ind\u00edgena es analfabeta, afectando a 1.3 millones de personas.\u00a0"},"content":{"rendered":"\n<p>El anuncio de la secretaria mexicana de Cultura, Claudia Curiel, sobre el Programa de Educaci\u00f3n Ind\u00edgena refleja un intento significativo por abordar el rezago educativo en comunidades ind\u00edgenas, que ha sido hist\u00f3ricamente alarmante. <\/p>\n\n\n\n<p>Seg\u00fan datos del Coneval, un 76.8% de los hablantes de lenguas ind\u00edgenas enfrenta pobreza y un 47% no asiste a la escuela. Carolina S\u00e1nchez Garc\u00eda, experta en diversidad cultural, subraya que las carencias econ\u00f3micas y la falta de infraestructura educativa agravan esta situaci\u00f3n. <\/p>\n\n\n\n<p>A pesar de la existencia de leyes que protegen sus derechos, las realidades muestran que el acceso a la educaci\u00f3n superior es escasamente alcanzable, con solo un 17% de j\u00f3venes ind\u00edgenas ingresando a la universidad. <\/p>\n\n\n\n<p>Para cambiar este panorama, se requiere una pol\u00edtica educativa integral que contemple un estudio exhaustivo de las condiciones reales de estas comunidades y busque erradicar el trabajo infantil, garantizando as\u00ed el acceso a una educaci\u00f3n de calidad.<\/p>\n","protected":false},"excerpt":{"rendered":"<p>El anuncio de la secretaria mexicana de Cultura, Claudia Curiel, sobre el Programa de Educaci\u00f3n<\/p>\n","protected":false},"author":1,"featured_media":13005,"comment_status":"open","ping_status":"open","sticky":false,"template":"","format":"standard","meta":{"om_disable_all_campaigns":false,"_monsterinsights_skip_tracking":false,"_monsterinsights_sitenote_active":false,"_monsterinsights_sitenote_note":"","_monsterinsights_sitenote_category":0,"_jetpack_memberships_contains_paid_content":false,"footnotes":"","jetpack_publicize_message":"","jetpack_publicize_feature_enabled":true,"jetpack_social_post_already_shared":false,"jetpack_social_options":{"image_generator_settings":{"template":"highway","enabled":false},"version":2}},"categories":[5],"tags":[],"class_list":["post-13004","post","type-post","status-publish","format-standard","has-post-thumbnail","hentry","category-nacional"],"jetpack_publicize_connections":[],"aioseo_notices":[],"jetpack_featured_media_url":"https:\/\/samanoticiasdurango.com\/wp-content\/uploads\/W-E-B-1200675.00_00_05_26.Imagen-fija001.jpg","featured_image_urls":{"full":["https:\/\/samanoticiasdurango.com\/wp-content\/uploads\/W-E-B-1200675.00_00_05_26.Imagen-fija001.jpg",1200,675,false],"thumbnail":["https:\/\/samanoticiasdurango.com\/wp-content\/uploads\/W-E-B-1200675.00_00_05_26.Imagen-fija001-150x150.jpg",150,150,true],"medium":["https:\/\/samanoticiasdurango.com\/wp-content\/uploads\/W-E-B-1200675.00_00_05_26.Imagen-fija001-300x169.jpg",300,169,true],"medium_large":["https:\/\/samanoticiasdurango.com\/wp-content\/uploads\/W-E-B-1200675.00_00_05_26.Imagen-fija001-768x432.jpg",640,360,true],"large":["https:\/\/samanoticiasdurango.com\/wp-content\/uploads\/W-E-B-1200675.00_00_05_26.Imagen-fija001-1024x576.jpg",640,360,true],"1536x1536":["https:\/\/samanoticiasdurango.com\/wp-content\/uploads\/W-E-B-1200675.00_00_05_26.Imagen-fija001.jpg",1200,675,false],"2048x2048":["https:\/\/samanoticiasdurango.com\/wp-content\/uploads\/W-E-B-1200675.00_00_05_26.Imagen-fija001.jpg",1200,675,false],"chromenews-featured":["https:\/\/samanoticiasdurango.com\/wp-content\/uploads\/W-E-B-1200675.00_00_05_26.Imagen-fija001-1024x576.jpg",1024,576,true],"chromenews-large":["https:\/\/samanoticiasdurango.com\/wp-content\/uploads\/W-E-B-1200675.00_00_05_26.Imagen-fija001-825x575.jpg",825,575,true],"chromenews-medium":["https:\/\/samanoticiasdurango.com\/wp-content\/uploads\/W-E-B-1200675.00_00_05_26.Imagen-fija001-590x410.jpg",590,410,true]},"author_info":{"display_name":"Redacci\u00f3n","author_link":"https:\/\/samanoticiasdurango.com\/index.php\/author\/jjsama13gmail-com\/"},"category_info":"<a href=\"https:\/\/samanoticiasdurango.com\/index.php\/category\/nacional\/\" rel=\"category tag\">NACIONAL<\/a>","tag_info":"NACIONAL","comment_count":"0","jetpack_sharing_enabled":true,"_links":{"self":[{"href":"https:\/\/samanoticiasdurango.com\/index.php\/wp-json\/wp\/v2\/posts\/13004","targetHints":{"allow":["GET"]}}],"collection":[{"href":"https:\/\/samanoticiasdurango.com\/index.php\/wp-json\/wp\/v2\/posts"}],"about":[{"href":"https:\/\/samanoticiasdurango.com\/index.php\/wp-json\/wp\/v2\/types\/post"}],"author":[{"embeddable":true,"href":"https:\/\/samanoticiasdurango.com\/index.php\/wp-json\/wp\/v2\/users\/1"}],"replies":[{"embeddable":true,"href":"https:\/\/samanoticiasdurango.com\/index.php\/wp-json\/wp\/v2\/comments?post=13004"}],"version-history":[{"count":1,"href":"https:\/\/samanoticiasdurango.com\/index.php\/wp-json\/wp\/v2\/posts\/13004\/revisions"}],"predecessor-version":[{"id":13006,"href":"https:\/\/samanoticiasdurango.com\/index.php\/wp-json\/wp\/v2\/posts\/13004\/revisions\/13006"}],"wp:featuredmedia":[{"embeddable":true,"href":"https:\/\/samanoticiasdurango.com\/index.php\/wp-json\/wp\/v2\/media\/13005"}],"wp:attachment":[{"href":"https:\/\/samanoticiasdurango.com\/index.php\/wp-json\/wp\/v2\/media?parent=13004"}],"wp:term":[{"taxonomy":"category","embeddable":true,"href":"https:\/\/samanoticiasdurango.com\/index.php\/wp-json\/wp\/v2\/categories?post=13004"},{"taxonomy":"post_tag","embeddable":true,"href":"https:\/\/samanoticiasdurango.com\/index.php\/wp-json\/wp\/v2\/tags?post=13004"}],"curies":[{"name":"wp","href":"https:\/\/api.w.org\/{rel}","templated":true}]}}