{"id":13024,"date":"2025-03-26T13:34:22","date_gmt":"2025-03-26T13:34:22","guid":{"rendered":"https:\/\/samanoticiasdurango.com\/?p=13024"},"modified":"2025-03-26T13:34:23","modified_gmt":"2025-03-26T13:34:23","slug":"salud-mental-debe-ser-tratada-sin-estigmas-alejandro-mojica","status":"publish","type":"post","link":"https:\/\/samanoticiasdurango.com\/index.php\/2025\/03\/26\/salud-mental-debe-ser-tratada-sin-estigmas-alejandro-mojica\/","title":{"rendered":"Salud mental debe ser tratada sin estigmas: Alejandro Mojica"},"content":{"rendered":"\n<p>El Grupo Parlamentario del Partido Acci\u00f3n Nacional (PAN) en el Congreso del Estado de Durango a trav\u00e9s de su coordinador Alejandro Mojica Narv\u00e1ez present\u00f3 la iniciativa para reforzar la prevenci\u00f3n y atenci\u00f3n temprana de los trastornos de salud mental, las adicciones y la tendencia suicida.<\/p>\n\n\n\n<p>Al hacer uso de la tribuna, explic\u00f3 que se busca modificar el art\u00edculo 3 de la Ley de Salud Mental para incluir la difusi\u00f3n de terapias, t\u00e9cnicas y conocimientos en ciencias del comportamiento como herramientas fundamentales en la salud p\u00fablica.<\/p>\n\n\n\n<p>Mojica Narvaez destac\u00f3 la urgencia de romper el estigma que impide a muchas personas buscar ayuda profesional. \u201cLa salud mental es un derecho, y garantizar su atenci\u00f3n no es opcional, es una necesidad urgente. Necesitamos fomentar el conocimiento de terapias efectivas y promover una cultura de apoyo y prevenci\u00f3n\u201d, afirm\u00f3.<\/p>\n\n\n\n<p>Detall\u00f3 que la reforma propone la incorporaci\u00f3n de programas de terapia de grupo y terapia familiar como estrategias clave para fortalecer la red de apoyo a quienes enfrentan problemas de salud mental y adicciones.<\/p>\n\n\n\n<p>\u201cSabemos que el acompa\u00f1amiento y la comprensi\u00f3n de quienes nos rodean son esenciales para la recuperaci\u00f3n. La terapia familiar y los grupos de apoyo pueden marcar la diferencia en muchas vidas\u201d, subray\u00f3 Mojica.<\/p>\n\n\n\n<p>Asimismo, se enfatiz\u00f3 la importancia de la intervenci\u00f3n temprana y la capacitaci\u00f3n en primeros auxilios psicol\u00f3gicos como medidas clave para la prevenci\u00f3n del suicidio. \u201cCada conversaci\u00f3n abierta sobre salud mental es un paso hacia una sociedad m\u00e1s emp\u00e1tica y consciente. La educaci\u00f3n y la sensibilizaci\u00f3n pueden salvar vidas\u201d, puntualiz\u00f3 el legislador.<\/p>\n\n\n\n<p>\u201cNo podemos ignorar la crisis de salud mental que vivimos. La prevenci\u00f3n y la atenci\u00f3n oportuna deben ser una prioridad en la agenda p\u00fablica\u201d, concluy\u00f3.<\/p>\n","protected":false},"excerpt":{"rendered":"<p>El Grupo Parlamentario del Partido Acci\u00f3n Nacional (PAN) en el Congreso del Estado de Durango<\/p>\n","protected":false},"author":1,"featured_media":13025,"comment_status":"open","ping_status":"open","sticky":false,"template":"","format":"standard","meta":{"om_disable_all_campaigns":false,"_monsterinsights_skip_tracking":false,"_monsterinsights_sitenote_active":false,"_monsterinsights_sitenote_note":"","_monsterinsights_sitenote_category":0,"_jetpack_memberships_contains_paid_content":false,"footnotes":"","jetpack_publicize_message":"","jetpack_publicize_feature_enabled":true,"jetpack_social_post_already_shared":false,"jetpack_social_options":{"image_generator_settings":{"template":"highway","enabled":false},"version":2}},"categories":[1],"tags":[],"class_list":["post-13024","post","type-post","status-publish","format-standard","has-post-thumbnail","hentry","category-archivo"],"jetpack_publicize_connections":[],"aioseo_notices":[],"jetpack_featured_media_url":"https:\/\/samanoticiasdurango.com\/wp-content\/uploads\/b845276a-3c5a-4278-9774-e132db04dc0c.jpeg","featured_image_urls":{"full":["https:\/\/samanoticiasdurango.com\/wp-content\/uploads\/b845276a-3c5a-4278-9774-e132db04dc0c.jpeg",1280,853,false],"thumbnail":["https:\/\/samanoticiasdurango.com\/wp-content\/uploads\/b845276a-3c5a-4278-9774-e132db04dc0c-150x150.jpeg",150,150,true],"medium":["https:\/\/samanoticiasdurango.com\/wp-content\/uploads\/b845276a-3c5a-4278-9774-e132db04dc0c-300x200.jpeg",300,200,true],"medium_large":["https:\/\/samanoticiasdurango.com\/wp-content\/uploads\/b845276a-3c5a-4278-9774-e132db04dc0c-768x512.jpeg",640,427,true],"large":["https:\/\/samanoticiasdurango.com\/wp-content\/uploads\/b845276a-3c5a-4278-9774-e132db04dc0c-1024x682.jpeg",640,426,true],"1536x1536":["https:\/\/samanoticiasdurango.com\/wp-content\/uploads\/b845276a-3c5a-4278-9774-e132db04dc0c.jpeg",1280,853,false],"2048x2048":["https:\/\/samanoticiasdurango.com\/wp-content\/uploads\/b845276a-3c5a-4278-9774-e132db04dc0c.jpeg",1280,853,false],"chromenews-featured":["https:\/\/samanoticiasdurango.com\/wp-content\/uploads\/b845276a-3c5a-4278-9774-e132db04dc0c-1024x682.jpeg",1024,682,true],"chromenews-large":["https:\/\/samanoticiasdurango.com\/wp-content\/uploads\/b845276a-3c5a-4278-9774-e132db04dc0c-825x575.jpeg",825,575,true],"chromenews-medium":["https:\/\/samanoticiasdurango.com\/wp-content\/uploads\/b845276a-3c5a-4278-9774-e132db04dc0c-590x410.jpeg",590,410,true]},"author_info":{"display_name":"Redacci\u00f3n","author_link":"https:\/\/samanoticiasdurango.com\/index.php\/author\/jjsama13gmail-com\/"},"category_info":"<a href=\"https:\/\/samanoticiasdurango.com\/index.php\/category\/archivo\/\" rel=\"category tag\">DURANGO<\/a>","tag_info":"DURANGO","comment_count":"0","jetpack_sharing_enabled":true,"_links":{"self":[{"href":"https:\/\/samanoticiasdurango.com\/index.php\/wp-json\/wp\/v2\/posts\/13024","targetHints":{"allow":["GET"]}}],"collection":[{"href":"https:\/\/samanoticiasdurango.com\/index.php\/wp-json\/wp\/v2\/posts"}],"about":[{"href":"https:\/\/samanoticiasdurango.com\/index.php\/wp-json\/wp\/v2\/types\/post"}],"author":[{"embeddable":true,"href":"https:\/\/samanoticiasdurango.com\/index.php\/wp-json\/wp\/v2\/users\/1"}],"replies":[{"embeddable":true,"href":"https:\/\/samanoticiasdurango.com\/index.php\/wp-json\/wp\/v2\/comments?post=13024"}],"version-history":[{"count":1,"href":"https:\/\/samanoticiasdurango.com\/index.php\/wp-json\/wp\/v2\/posts\/13024\/revisions"}],"predecessor-version":[{"id":13026,"href":"https:\/\/samanoticiasdurango.com\/index.php\/wp-json\/wp\/v2\/posts\/13024\/revisions\/13026"}],"wp:featuredmedia":[{"embeddable":true,"href":"https:\/\/samanoticiasdurango.com\/index.php\/wp-json\/wp\/v2\/media\/13025"}],"wp:attachment":[{"href":"https:\/\/samanoticiasdurango.com\/index.php\/wp-json\/wp\/v2\/media?parent=13024"}],"wp:term":[{"taxonomy":"category","embeddable":true,"href":"https:\/\/samanoticiasdurango.com\/index.php\/wp-json\/wp\/v2\/categories?post=13024"},{"taxonomy":"post_tag","embeddable":true,"href":"https:\/\/samanoticiasdurango.com\/index.php\/wp-json\/wp\/v2\/tags?post=13024"}],"curies":[{"name":"wp","href":"https:\/\/api.w.org\/{rel}","templated":true}]}}