{"id":13108,"date":"2025-04-10T13:30:02","date_gmt":"2025-04-10T13:30:02","guid":{"rendered":"https:\/\/samanoticiasdurango.com\/?p=13108"},"modified":"2025-04-10T13:32:53","modified_gmt":"2025-04-10T13:32:53","slug":"las-exportaciones-mexicanas-desde-la-frontera-norte-han-caido-un-25-debido-a-la-incertidumbre-por-los-aranceles-de-trump","status":"publish","type":"post","link":"https:\/\/samanoticiasdurango.com\/index.php\/2025\/04\/10\/las-exportaciones-mexicanas-desde-la-frontera-norte-han-caido-un-25-debido-a-la-incertidumbre-por-los-aranceles-de-trump\/","title":{"rendered":"Las exportaciones mexicanas desde la frontera norte han ca\u00eddo un 25% debido a la incertidumbre por los aranceles de Trump.\u00a0"},"content":{"rendered":"\n<p>Las exportaciones mexicanas desde la frontera norte del pa\u00eds han registrado una ca\u00edda significativa, estimada en un 25%, seg\u00fan reportes de la&nbsp;<strong>Asociaci\u00f3n Nacional de Importadores y Exportadores de la Rep\u00fablica Mexicana (<a href=\"https:\/\/x.com\/anierm_ac\" target=\"_blank\" rel=\"noreferrer noopener\">Anierm<\/a>),<\/strong>&nbsp;debido a la incertidumbre generada por la pol\u00edtica arancelaria del presidente Donald Trump contra productos con componentes chinos.<\/p>\n\n\n\n<p>De acuerdo con&nbsp;<strong>Marcelo V\u00e1zquez<\/strong>, delegado nacional de Anierm en el estado de Chihuahua, la falta de reglas claras ha provocado la<strong>&nbsp;paralizaci\u00f3n parcial de operaciones comerciales,<\/strong>&nbsp;especialmente entre<strong>&nbsp;peque\u00f1as y medianas empresas<\/strong>&nbsp;que dependen de la integraci\u00f3n global de insumos.<\/p>\n\n\n\n<blockquote class=\"wp-block-quote is-layout-flow wp-block-quote-is-layout-flow\">\n<p>\u201cHasta ahorita se siguen perdiendo empleos, derivado de lo mismo se han retra\u00eddo proyectos, se ha deprimido la econom\u00eda\u201d, explic\u00f3 V\u00e1zquez este mi\u00e9rcoles en conferencia de prensa.<\/p>\n<\/blockquote>\n\n\n\n<p>Este mi\u00e9rcoles, el<strong>&nbsp;secretario de Econom\u00eda del Gobierno de M\u00e9xico, Marcelo Ebrard, confirm\u00f3<\/strong>&nbsp;\u201coficialmente\u201d que M\u00e9xico no est\u00e1 incluido en los aranceles rec\u00edprocos del 10% anunciados por el Gobierno estadounidense, despu\u00e9s de que el&nbsp;<strong>secretario del Tesoro, Scott Bessent,<\/strong>&nbsp;dijese que s\u00ed y, posteriormente, la Casa Blanca rectificase sus declaraciones.<\/p>\n\n\n\n<h2 class=\"wp-block-heading\"><strong>Exportaciones detenidas y reducci\u00f3n de operaciones<\/strong><\/h2>\n\n\n\n<blockquote class=\"wp-block-quote is-layout-flow wp-block-quote-is-layout-flow\">\n<p>La operatividad cotidiana de las empresas exportadoras \u201cest\u00e1 ligeramente detenidas, ligeramente, no del todo (\u2026) hay \u2018brokers\u2019 en Estados Unidos que dicen: yo no lo hago porque todav\u00eda no lo manejo, no tenemos reglas\u201d, agreg\u00f3 V\u00e1zquez.<\/p>\n<\/blockquote>\n\n\n\n<p>Actualmente, de las casi 6 mil exportaciones mensuales que se manejan en la regi\u00f3n, aproximadamente 2 mil han sido canceladas o pospuestas. \u201c<strong>La exportaci\u00f3n s\u00ed ha bajado un 25%<\/strong>, el dato exacto lo sabremos hasta que termine el mes\u201d, apunt\u00f3.<\/p>\n\n\n\n<p><em><strong>Leer tambi\u00e9n:&nbsp;<a href=\"https:\/\/lopezdoriga.com\/nacional\/lamentan-en-xochimilco-la-falta-de-apoyo-gubernamental-para-canoa-alegorica\/\">Lamentan en Xochimilco la falta de apoyo gubernamental para Canoa Aleg\u00f3rica<\/a><\/strong><\/em><\/p>\n\n\n\n<p>A pesar del panorama incierto, el delegado llam\u00f3 a no caer en el pesimismo:<strong>&nbsp;\u201cSon momentos de incertidumbre, pero en la incertidumbre est\u00e1 la oportunidad\u201d.<\/strong><\/p>\n\n\n\n<p>El presidente recul\u00f3 este mi\u00e9rcoles con respecto a la ofensiva comercial que anunci\u00f3 hace una semana y dijo que a partir de hoy y durante 90 d\u00edas<strong>&nbsp;las exportaciones&nbsp;<\/strong>de la gran mayor\u00eda de sus socios comerciales&nbsp;<strong>ser\u00e1n gravadas con un 10%.<\/strong><\/p>\n\n\n\n<h2 class=\"wp-block-heading\"><strong>M\u00e9xico podr\u00eda aprovechar el conflicto comercial<\/strong><\/h2>\n\n\n\n<p><strong>Juan Acereto,<\/strong>&nbsp;representante del alcalde de&nbsp;<strong>Ciudad Ju\u00e1rez en la ciudad de El Paso<\/strong>, reconoci\u00f3 el conflicto arancelario como una complicaci\u00f3n, pero tambi\u00e9n como una posible ventaja para M\u00e9xico.<\/p>\n\n\n\n<blockquote class=\"wp-block-quote is-layout-flow wp-block-quote-is-layout-flow\">\n<p>\u201cEl pleito con China (\u2026) el 125% es una locura lo que le puso a China, pero al mismo tiempo M\u00e9xico puede aprovechar esa ventana de oportunidad (\u2026) y seguir fortaleciendo su industria fronteriza\u201d, coment\u00f3.<\/p>\n\n\n\n<p>Acereto se\u00f1al\u00f3 que el reacomodo de las cadenas de suministro globales podr\u00eda beneficiar a la industria mexicana. \u201cComo gran parte de las producciones de todo lo que se compra en Estados Unidos viene de China, M\u00e9xico tiene la oportunidad de que empresas se puedan instalar aqu\u00ed y producir lo que se produce en China\u201d, dijo.<\/p>\n<\/blockquote>\n\n\n\n<p>Trump anunci\u00f3 en febrero que castigar\u00eda a&nbsp;<strong>M\u00e9xico y Canad\u00e1<\/strong>&nbsp;-por considerar que no hacen lo suficiente contra la&nbsp;<strong>migraci\u00f3n irregular y el tr\u00e1fico de fentanil<\/strong>o- con un arancel del 25%, aunque congel\u00f3 en marzo la aplicaci\u00f3n de este impuesto aduanero sobre los bienes incluidos en el tratado comercial de EE.UU. sellado en 2020 con sus dos vecinos&nbsp;<strong>(T-MEC).<\/strong><\/p>\n\n\n\n<p>Cuando el pasado 2 de abril Trump anunci\u00f3 lo que llam\u00f3<strong>&nbsp;\u201caranceles&nbsp;rec\u00edprocos\u201d<\/strong>&nbsp;que implicaron tasas generalizadas del 10% y unos vol\u00famenes superiores para otras regiones y pa\u00edses -como&nbsp;<strong>China o la Uni\u00f3n Europea (UE)<\/strong>\u2013 que exportan mucho a EE.UU., M\u00e9xico y Canad\u00e1 quedaron fuera de la lista de pa\u00edses castigados.<\/p>\n\n\n\n<p><strong>Con informaci\u00f3n de EFE.<\/strong><\/p>\n","protected":false},"excerpt":{"rendered":"<p>Las exportaciones mexicanas desde la frontera norte del pa\u00eds han registrado una ca\u00edda significativa, estimada<\/p>\n","protected":false},"author":1,"featured_media":13109,"comment_status":"open","ping_status":"open","sticky":false,"template":"","format":"standard","meta":{"om_disable_all_campaigns":false,"_monsterinsights_skip_tracking":false,"_monsterinsights_sitenote_active":false,"_monsterinsights_sitenote_note":"","_monsterinsights_sitenote_category":0,"_jetpack_memberships_contains_paid_content":false,"footnotes":"","jetpack_publicize_message":"","jetpack_publicize_feature_enabled":true,"jetpack_social_post_already_shared":false,"jetpack_social_options":{"image_generator_settings":{"template":"highway","enabled":false},"version":2}},"categories":[5],"tags":[],"class_list":["post-13108","post","type-post","status-publish","format-standard","has-post-thumbnail","hentry","category-nacional"],"jetpack_publicize_connections":[],"aioseo_notices":[],"jetpack_featured_media_url":"https:\/\/samanoticiasdurango.com\/wp-content\/uploads\/W-1200_675.00_00_01_29.Imagen-fija001-9.jpg","featured_image_urls":{"full":["https:\/\/samanoticiasdurango.com\/wp-content\/uploads\/W-1200_675.00_00_01_29.Imagen-fija001-9.jpg",1200,675,false],"thumbnail":["https:\/\/samanoticiasdurango.com\/wp-content\/uploads\/W-1200_675.00_00_01_29.Imagen-fija001-9-150x150.jpg",150,150,true],"medium":["https:\/\/samanoticiasdurango.com\/wp-content\/uploads\/W-1200_675.00_00_01_29.Imagen-fija001-9-300x169.jpg",300,169,true],"medium_large":["https:\/\/samanoticiasdurango.com\/wp-content\/uploads\/W-1200_675.00_00_01_29.Imagen-fija001-9-768x432.jpg",640,360,true],"large":["https:\/\/samanoticiasdurango.com\/wp-content\/uploads\/W-1200_675.00_00_01_29.Imagen-fija001-9-1024x576.jpg",640,360,true],"1536x1536":["https:\/\/samanoticiasdurango.com\/wp-content\/uploads\/W-1200_675.00_00_01_29.Imagen-fija001-9.jpg",1200,675,false],"2048x2048":["https:\/\/samanoticiasdurango.com\/wp-content\/uploads\/W-1200_675.00_00_01_29.Imagen-fija001-9.jpg",1200,675,false],"chromenews-featured":["https:\/\/samanoticiasdurango.com\/wp-content\/uploads\/W-1200_675.00_00_01_29.Imagen-fija001-9-1024x576.jpg",1024,576,true],"chromenews-large":["https:\/\/samanoticiasdurango.com\/wp-content\/uploads\/W-1200_675.00_00_01_29.Imagen-fija001-9-825x575.jpg",825,575,true],"chromenews-medium":["https:\/\/samanoticiasdurango.com\/wp-content\/uploads\/W-1200_675.00_00_01_29.Imagen-fija001-9-590x410.jpg",590,410,true]},"author_info":{"display_name":"Redacci\u00f3n","author_link":"https:\/\/samanoticiasdurango.com\/index.php\/author\/jjsama13gmail-com\/"},"category_info":"<a href=\"https:\/\/samanoticiasdurango.com\/index.php\/category\/nacional\/\" rel=\"category tag\">NACIONAL<\/a>","tag_info":"NACIONAL","comment_count":"0","jetpack_sharing_enabled":true,"_links":{"self":[{"href":"https:\/\/samanoticiasdurango.com\/index.php\/wp-json\/wp\/v2\/posts\/13108","targetHints":{"allow":["GET"]}}],"collection":[{"href":"https:\/\/samanoticiasdurango.com\/index.php\/wp-json\/wp\/v2\/posts"}],"about":[{"href":"https:\/\/samanoticiasdurango.com\/index.php\/wp-json\/wp\/v2\/types\/post"}],"author":[{"embeddable":true,"href":"https:\/\/samanoticiasdurango.com\/index.php\/wp-json\/wp\/v2\/users\/1"}],"replies":[{"embeddable":true,"href":"https:\/\/samanoticiasdurango.com\/index.php\/wp-json\/wp\/v2\/comments?post=13108"}],"version-history":[{"count":1,"href":"https:\/\/samanoticiasdurango.com\/index.php\/wp-json\/wp\/v2\/posts\/13108\/revisions"}],"predecessor-version":[{"id":13110,"href":"https:\/\/samanoticiasdurango.com\/index.php\/wp-json\/wp\/v2\/posts\/13108\/revisions\/13110"}],"wp:featuredmedia":[{"embeddable":true,"href":"https:\/\/samanoticiasdurango.com\/index.php\/wp-json\/wp\/v2\/media\/13109"}],"wp:attachment":[{"href":"https:\/\/samanoticiasdurango.com\/index.php\/wp-json\/wp\/v2\/media?parent=13108"}],"wp:term":[{"taxonomy":"category","embeddable":true,"href":"https:\/\/samanoticiasdurango.com\/index.php\/wp-json\/wp\/v2\/categories?post=13108"},{"taxonomy":"post_tag","embeddable":true,"href":"https:\/\/samanoticiasdurango.com\/index.php\/wp-json\/wp\/v2\/tags?post=13108"}],"curies":[{"name":"wp","href":"https:\/\/api.w.org\/{rel}","templated":true}]}}