{"id":13145,"date":"2025-04-27T16:27:04","date_gmt":"2025-04-27T16:27:04","guid":{"rendered":"https:\/\/samanoticiasdurango.com\/?p=13145"},"modified":"2025-04-27T16:27:05","modified_gmt":"2025-04-27T16:27:05","slug":"el-abuso-sexual-infantil-es-una-grave-preocupacion-en-mexico","status":"publish","type":"post","link":"https:\/\/samanoticiasdurango.com\/index.php\/2025\/04\/27\/el-abuso-sexual-infantil-es-una-grave-preocupacion-en-mexico\/","title":{"rendered":"El abuso sexual infantil es una grave preocupaci\u00f3n en M\u00e9xico."},"content":{"rendered":"\n<p>En pleno siglo XXI, el&nbsp;<strong>abuso sexual infantil<\/strong>&nbsp;sigue siendo uno de los problemas de salud p\u00fablica m\u00e1s graves en M\u00e9xico, seg\u00fan el Instituto Nacional de Salud P\u00fablica (<strong>INSP<\/strong>). Aunque cifras indican un leve descenso en la incidencia de dicha violencia, entre 2022 y 2023, los casos registrados por las autoridades sigue siendo imprecisa debido a la falta de denuncias.<\/p>\n\n\n\n<p>En el marco del D\u00eda del Ni\u00f1o, esta problem\u00e1tica cobra una relevancia especial al reflejar los desaf\u00edos que enfrenta el pa\u00eds para proteger los derechos de la infancia.<\/p>\n\n\n\n<p>La Red por los Derechos de la Infancia en M\u00e9xico (<strong>Redim<\/strong>), en su balance anual correspondiente al 2024, registr\u00f3 un&nbsp;<strong>descenso del 1.3%&nbsp;<\/strong>en la incidencia de casos de&nbsp;<strong>abuso sexual infantil<\/strong>&nbsp;entre 2022 y 2023, pues en dichos periodos se registraron 9 mil 929 y 9 mil 802 casos, respectivamente. Sin embargo, la cantidad de situaciones que llegan a ser denunciados sigue siendo alarmante.<img loading=\"lazy\" decoding=\"async\" alt=\"Las ni\u00f1as y adolescentes son\" height=\"1080\" src=\"https:\/\/www.infobae.com\/resizer\/v2\/ZQM572AASBB3PCD67OBY6HCJL4.jpg?auth=fce2ad628859c5b8e32ea42a5770e99d6e1ed8339f535803823ba192a17a56dc&amp;smart=true&amp;width=350&amp;height=197&amp;quality=85\" width=\"1920\">Las ni\u00f1as y adolescentes son las v\u00edctimas m\u00e1s frecuentes (Jovani P\u00e9rez \/ Infobae M\u00e9xico)<\/p>\n\n\n\n<h2 class=\"wp-block-heading\">Abuso sexual infantil, un problema a la alza en M\u00e9xico<\/h2>\n\n\n\n<p>De acuerdo con la Organizaci\u00f3n Mundial de la Salud (OMS), el&nbsp;<strong>abuso sexual infantil<\/strong>&nbsp;es \u201cla participaci\u00f3n de un ni\u00f1o o ni\u00f1a en una actividad sexual que no comprende completamente y a la que no puede dar consentimiento o para la cual no est\u00e1 preparado en su desarrollo y no puede consentir, o que viola las leyes o los tab\u00faes sociales de una sociedad\u201d.<\/p>\n\n\n\n<p>En contraste con el descenso registrado entre 2022 y 2023 por la Redim, la misma instituci\u00f3n registr\u00f3 que, en los 13 a\u00f1os previos al corte realizado en 2024, es decir desde el 2010, la estad\u00edstica de&nbsp;<strong>abuso sexual contra ni\u00f1as, ni\u00f1os y adolescentes<\/strong>&nbsp;de 1 a 17 a\u00f1os&nbsp;<strong>repunt\u00f3&nbsp;<\/strong>en un mil 113 por ciento.<\/p>\n\n\n\n<p>Seg\u00fan se muestra en los registros de lesiones realizados por la Secretar\u00eda de Salud, en el a\u00f1o 2010 se tuvo conocimiento de 791&nbsp;<strong>personas de entre 1 y 17 a\u00f1os<\/strong>&nbsp;atendidas en hospitales del pa\u00eds por&nbsp;<strong>violencia sexual<\/strong>. Desde entonces, la cifra comenz\u00f3 a aumentar de forma exponencial, seg\u00fan se puede observar en la gr\u00e1fica construida por la Redim.<img loading=\"lazy\" decoding=\"async\" alt=\"Los casos de abuso sexual\" height=\"244\" src=\"https:\/\/www.infobae.com\/resizer\/v2\/TPPLQBLXUNGXHNKMQVP6RM56XU.JPG?auth=5d7e02134cb6d93f4d269d69d8923b2413319964b14346e531964bd6133e4f18&amp;smart=true&amp;width=350&amp;height=263&amp;quality=85\" width=\"324\">Los casos de abuso sexual registrados a trav\u00e9s de la atenci\u00f3n de lesiones en hospitales han aumentado exponencialmente desde 2010 (Redim)<\/p>\n\n\n\n<p>Aunque en los a\u00f1os 2017, 2020 y 2023 se registraron leves descensos en la estad\u00edstica, el n\u00famero de casos no ha dejado de crecer. Incluso en el \u00faltimo a\u00f1o registrado, se duplic\u00f3 la cifra promedio anual que se hab\u00eda tenido desde el 2010. En tanto, los casos registrados por la Secretar\u00eda de Salud no son todos los que tienen lugar en el pa\u00eds.<\/p>\n\n\n\n<p>Seg\u00fan indica el Instituto Nacional de Salud P\u00fablica (INSP), la mayor\u00eda de los&nbsp;<strong>casos de abuso sexual infantil en M\u00e9xico<\/strong>&nbsp;no son denunciados, pues en gran parte de ellos el agresor es alg\u00fan miembro de la familia, vecinos o integrantes del c\u00edrculo cercano. De hecho, seg\u00fan Redim, 13.4% de las&nbsp;<strong>v\u00edctimas de violencia sexual de entre 1 y 17 a\u00f1os&nbsp;<\/strong>en el mismo periodo tuvieron como agresor a su padre o padrastro.<\/p>\n\n\n\n<p>Dicha conducta indica que todos los organismos dedicados a la documentaci\u00f3n de dichos casos pueden tener subregistros.<img loading=\"lazy\" decoding=\"async\" alt=\"La poblaci\u00f3n m\u00e1s afectada por\" height=\"217\" src=\"https:\/\/www.infobae.com\/resizer\/v2\/MNOLK25IGFHWHF265Y6PSB2RPU.JPG?auth=5ded065de027e24fbceba402fa43928bfd630826ff04eec2d5d83aa0612ca9ea&amp;smart=true&amp;width=350&amp;height=217&amp;quality=85\" width=\"335\">La poblaci\u00f3n m\u00e1s afectada por el abuso sexual en ni\u00f1as, ni\u00f1os y adolescentes en 2023 fueron las mujeres (Redim)<\/p>\n\n\n\n<p>Estos actos, adem\u00e1s de destruir la integridad f\u00edsica, generan trauma psicol\u00f3gico y&nbsp;<strong>perpet\u00faan ciclos de violencia<\/strong>&nbsp;que afectan el desarrollo de cientos de miles de menores. Sin embargo, la invisibilidad del problema continua siendo uno de los principales obst\u00e1culos para combatirlo.<\/p>\n\n\n\n<p>El&nbsp;<strong>abuso sexual<\/strong>, adem\u00e1s de representar una problem\u00e1tica que&nbsp;<strong>atenta contra las infancias<\/strong>&nbsp;en M\u00e9xico, tambi\u00e9n evidencia que la&nbsp;<strong>violencia de g\u00e9nero<\/strong>. En el a\u00f1o 2023 el&nbsp;<strong>92.3% de las v\u00edctimas<\/strong>&nbsp;atendidas en hospitales por lesiones de abuso sexual fueron&nbsp;<strong>ni\u00f1as<\/strong>. El 7.7% restante correspondi\u00f3 a ni\u00f1os.<\/p>\n\n\n\n<p>Por otro lado, en dicho periodo, 333 ni\u00f1os y adolescentes que padecieron abuso sexual infantil pertenecieron a comunidades ind\u00edgenas, as\u00ed como 168 padecieron alg\u00fan tipo de discapacidad.<img loading=\"lazy\" decoding=\"async\" alt=\"El delito sigue siendo cometido\" height=\"703\" src=\"https:\/\/www.infobae.com\/resizer\/v2\/N3P7YCOYFND4RDZAXR62BPWK34.jpg?auth=bcefbf0ec40613f8eff764682dd630114591c9b3355877f8491802ed57137356&amp;smart=true&amp;width=350&amp;height=197&amp;quality=85\" width=\"1366\">El delito sigue siendo cometido a pesar del mandato legal de velar por el inter\u00e9s superior de la ni\u00f1ez (Aldeas Infantiles SOS Per\u00fa)<\/p>\n\n\n\n<p>A diferencia del maltrato f\u00edsico y la negligencia adulta, los cuales pueden ser diagnosticados o evidenciados a la vista en la mayor\u00eda de los casos, el Fondo de las Naciones Unidas para la Infancia (Unicef, por sus siglas en ingl\u00e9s) advierte que el diagn\u00f3stico de&nbsp;<strong>abuso sexual infantil<\/strong>&nbsp;depende de la escucha de las v\u00edctimas.<\/p>\n\n\n\n<p>El impacto del abuso sexual infantil es devastador y de largo alcance. Un estudio de la organizaci\u00f3n Early Institute se\u00f1ala que una de cada cuatro ni\u00f1as y uno de cada seis ni\u00f1os en M\u00e9xico han sido v\u00edctimas de violencia sexual antes de cumplir los 18 a\u00f1os.<img loading=\"lazy\" decoding=\"async\" alt=\"El grupo etario m\u00e1s afectado\" height=\"4079\" src=\"https:\/\/www.infobae.com\/resizer\/v2\/RMQ5XHWEZZB3ZHATNVU4LKSGRQ.jpg?auth=aa23fc36eb2b0ef0fa4a8981a6d630c01a06e9215fc63393116594177e64904e&amp;smart=true&amp;width=350&amp;height=467&amp;quality=85\" width=\"3468\">El grupo etario m\u00e1s afectado por el delito en 2023 fueron las personas de 12 a 17 a\u00f1os (SA\u00daL L\u00d3PEZ \/CUARTOSCURO.COM)<\/p>\n\n\n\n<p>La Ley General de los Derechos de Ni\u00f1as Ni\u00f1os y Adolescentes se\u00f1ala, en su art\u00edculo 47, que:<\/p>\n\n\n\n<p>\u201cLas autoridades federales, de las entidades federativas, municipales y de las demarcaciones territoriales de la Ciudad de M\u00e9xico, en el \u00e1mbito de sus respectivas competencias, est\u00e1n obligadas a tomar las medidas necesarias para prevenir, atender y sancionar los casos en que ni\u00f1as, ni\u00f1os o adolescentes se vean afectados por (&#8230;) El descuido, negligencia, abandono o abuso f\u00edsico, psicol\u00f3gico o sexual\u201d.<\/p>\n\n\n\n<p>Entre los desaf\u00edos principales para erradicar esta violencia est\u00e1n la falta de capacitaci\u00f3n para identificar casos, los prejuicios socioculturales que impiden denunciar y las limitaciones en el sistema judicial para garantizar justicia efectiva. Organizaciones como World Vision M\u00e9xico subrayan la urgencia de implementar programas integrales de prevenci\u00f3n, mejorar el acceso a servicios de apoyo psicol\u00f3gico para las v\u00edctimas y endurecer las penas contra los responsables de estos cr\u00edmenes.<\/p>\n\n\n\n<p><strong>Con informaci\u00f3n de INFOBAE<\/strong><\/p>\n","protected":false},"excerpt":{"rendered":"<p>En pleno siglo XXI, el&nbsp;abuso sexual infantil&nbsp;sigue siendo uno de los problemas de salud p\u00fablica<\/p>\n","protected":false},"author":1,"featured_media":13146,"comment_status":"open","ping_status":"open","sticky":false,"template":"","format":"standard","meta":{"om_disable_all_campaigns":false,"_monsterinsights_skip_tracking":false,"_monsterinsights_sitenote_active":false,"_monsterinsights_sitenote_note":"","_monsterinsights_sitenote_category":0,"_jetpack_memberships_contains_paid_content":false,"footnotes":"","jetpack_publicize_message":"","jetpack_publicize_feature_enabled":true,"jetpack_social_post_already_shared":false,"jetpack_social_options":{"image_generator_settings":{"template":"highway","enabled":false},"version":2}},"categories":[5],"tags":[],"class_list":["post-13145","post","type-post","status-publish","format-standard","has-post-thumbnail","hentry","category-nacional"],"jetpack_publicize_connections":[],"aioseo_notices":[],"jetpack_featured_media_url":"https:\/\/samanoticiasdurango.com\/wp-content\/uploads\/mano-nino.avif","featured_image_urls":{"full":["https:\/\/samanoticiasdurango.com\/wp-content\/uploads\/mano-nino.avif",992,558,false],"thumbnail":["https:\/\/samanoticiasdurango.com\/wp-content\/uploads\/mano-nino-150x150.avif",150,150,true],"medium":["https:\/\/samanoticiasdurango.com\/wp-content\/uploads\/mano-nino-300x169.avif",300,169,true],"medium_large":["https:\/\/samanoticiasdurango.com\/wp-content\/uploads\/mano-nino-768x432.avif",640,360,true],"large":["https:\/\/samanoticiasdurango.com\/wp-content\/uploads\/mano-nino.avif",640,360,false],"1536x1536":["https:\/\/samanoticiasdurango.com\/wp-content\/uploads\/mano-nino.avif",992,558,false],"2048x2048":["https:\/\/samanoticiasdurango.com\/wp-content\/uploads\/mano-nino.avif",992,558,false],"chromenews-featured":["https:\/\/samanoticiasdurango.com\/wp-content\/uploads\/mano-nino.avif",992,558,false],"chromenews-large":["https:\/\/samanoticiasdurango.com\/wp-content\/uploads\/mano-nino-825x558.avif",825,558,true],"chromenews-medium":["https:\/\/samanoticiasdurango.com\/wp-content\/uploads\/mano-nino-590x410.avif",590,410,true]},"author_info":{"display_name":"Redacci\u00f3n","author_link":"https:\/\/samanoticiasdurango.com\/index.php\/author\/jjsama13gmail-com\/"},"category_info":"<a href=\"https:\/\/samanoticiasdurango.com\/index.php\/category\/nacional\/\" rel=\"category tag\">NACIONAL<\/a>","tag_info":"NACIONAL","comment_count":"0","jetpack_sharing_enabled":true,"_links":{"self":[{"href":"https:\/\/samanoticiasdurango.com\/index.php\/wp-json\/wp\/v2\/posts\/13145","targetHints":{"allow":["GET"]}}],"collection":[{"href":"https:\/\/samanoticiasdurango.com\/index.php\/wp-json\/wp\/v2\/posts"}],"about":[{"href":"https:\/\/samanoticiasdurango.com\/index.php\/wp-json\/wp\/v2\/types\/post"}],"author":[{"embeddable":true,"href":"https:\/\/samanoticiasdurango.com\/index.php\/wp-json\/wp\/v2\/users\/1"}],"replies":[{"embeddable":true,"href":"https:\/\/samanoticiasdurango.com\/index.php\/wp-json\/wp\/v2\/comments?post=13145"}],"version-history":[{"count":1,"href":"https:\/\/samanoticiasdurango.com\/index.php\/wp-json\/wp\/v2\/posts\/13145\/revisions"}],"predecessor-version":[{"id":13147,"href":"https:\/\/samanoticiasdurango.com\/index.php\/wp-json\/wp\/v2\/posts\/13145\/revisions\/13147"}],"wp:featuredmedia":[{"embeddable":true,"href":"https:\/\/samanoticiasdurango.com\/index.php\/wp-json\/wp\/v2\/media\/13146"}],"wp:attachment":[{"href":"https:\/\/samanoticiasdurango.com\/index.php\/wp-json\/wp\/v2\/media?parent=13145"}],"wp:term":[{"taxonomy":"category","embeddable":true,"href":"https:\/\/samanoticiasdurango.com\/index.php\/wp-json\/wp\/v2\/categories?post=13145"},{"taxonomy":"post_tag","embeddable":true,"href":"https:\/\/samanoticiasdurango.com\/index.php\/wp-json\/wp\/v2\/tags?post=13145"}],"curies":[{"name":"wp","href":"https:\/\/api.w.org\/{rel}","templated":true}]}}