{"id":1325,"date":"2022-06-07T01:09:37","date_gmt":"2022-06-07T01:09:37","guid":{"rendered":"http:\/\/samanoticiasdurango.com\/?p=1325"},"modified":"2022-06-07T01:09:40","modified_gmt":"2022-06-07T01:09:40","slug":"en-la-ciudad-de-mexico-fue-detenido-el-holandes-nelson-m-presunto-lider-de-una-asociacion-internacional-de-pedofilos","status":"publish","type":"post","link":"https:\/\/samanoticiasdurango.com\/index.php\/2022\/06\/07\/en-la-ciudad-de-mexico-fue-detenido-el-holandes-nelson-m-presunto-lider-de-una-asociacion-internacional-de-pedofilos\/","title":{"rendered":"En la Ciudad de M\u00e9xico fue detenido el holand\u00e9s Nelson \u2018M\u2019, presunto l\u00edder de una asociaci\u00f3n internacional de ped\u00f3filos"},"content":{"rendered":"\n<p>En las inmediaciones del&nbsp;<strong>Bosque de Chapultepec<\/strong>&nbsp;de la<strong>&nbsp;Ciudad de M\u00e9xico<\/strong>&nbsp;fue detenido este lunes el holand\u00e9s&nbsp;<strong>Nelson<\/strong>&nbsp;\u2018<strong>M<\/strong>\u2018,&nbsp;<a href=\"https:\/\/lopezdoriga.com\/?s=Ciudad+de+M%C3%A9xico\" target=\"_blank\" rel=\"noreferrer noopener\">presunto l\u00edder<\/a>&nbsp;de una&nbsp;<strong>asociaci\u00f3n internacional de ped\u00f3filos<\/strong>.<\/p>\n\n\n\n<p>En&nbsp;<a href=\"https:\/\/www.youtube.com\/watch?v=skhNncnB2mk\" target=\"_blank\" rel=\"noreferrer noopener\">conferencia de prensa<\/a>, la fiscal&nbsp;<strong>Ernestina Godoy<\/strong>, inform\u00f3 que la detenci\u00f3n del sujeto se dio con apoyo de la organizaci\u00f3n no gubernamental internacional&nbsp;<strong>OUR<\/strong>, dedicada al combate de la explotaci\u00f3n sexual de ni\u00f1as y ni\u00f1os.<\/p>\n\n\n\n<p>El organismo internacional inform\u00f3 a las autoridades capitalinas la presencia del sujeto en la capital, supuestamente con la finalidad de ampliar su red de trata de personas y pornograf\u00eda infantil.<\/p>\n\n\n\n<p>Trabajos ministeriales permitieron identificar el modus operandi del sujeto, su ubicaci\u00f3n, sus rutinas y el contacto que intentaba establecer con otros posibles ped\u00f3filos.<\/p>\n\n\n\n<p>Finalmente, en una operaci\u00f3n encubierta se detuvo al sujeto en flagrancia en inmediaciones del centro de transferencia modal de Chapultepec.<\/p>\n","protected":false},"excerpt":{"rendered":"<p>En las inmediaciones del&nbsp;Bosque de Chapultepec&nbsp;de la&nbsp;Ciudad de M\u00e9xico&nbsp;fue detenido este lunes el holand\u00e9s&nbsp;Nelson&nbsp;\u2018M\u2018,&nbsp;presunto l\u00edder&nbsp;de<\/p>\n","protected":false},"author":1,"featured_media":1326,"comment_status":"open","ping_status":"open","sticky":false,"template":"","format":"standard","meta":{"om_disable_all_campaigns":false,"_monsterinsights_skip_tracking":false,"_monsterinsights_sitenote_active":false,"_monsterinsights_sitenote_note":"","_monsterinsights_sitenote_category":0,"_jetpack_memberships_contains_paid_content":false,"footnotes":"","jetpack_publicize_message":"","jetpack_publicize_feature_enabled":true,"jetpack_social_post_already_shared":false,"jetpack_social_options":{"image_generator_settings":{"template":"highway","enabled":false},"version":2}},"categories":[5],"tags":[],"class_list":["post-1325","post","type-post","status-publish","format-standard","has-post-thumbnail","hentry","category-nacional"],"jetpack_publicize_connections":[],"aioseo_notices":[],"jetpack_featured_media_url":"https:\/\/samanoticiasdurango.com\/wp-content\/uploads\/2022\/06\/nelson-n.jpeg","featured_image_urls":{"full":["https:\/\/samanoticiasdurango.com\/wp-content\/uploads\/2022\/06\/nelson-n.jpeg",800,600,false],"thumbnail":["https:\/\/samanoticiasdurango.com\/wp-content\/uploads\/2022\/06\/nelson-n-150x150.jpeg",150,150,true],"medium":["https:\/\/samanoticiasdurango.com\/wp-content\/uploads\/2022\/06\/nelson-n-300x225.jpeg",300,225,true],"medium_large":["https:\/\/samanoticiasdurango.com\/wp-content\/uploads\/2022\/06\/nelson-n-768x576.jpeg",640,480,true],"large":["https:\/\/samanoticiasdurango.com\/wp-content\/uploads\/2022\/06\/nelson-n.jpeg",640,480,false],"1536x1536":["https:\/\/samanoticiasdurango.com\/wp-content\/uploads\/2022\/06\/nelson-n.jpeg",800,600,false],"2048x2048":["https:\/\/samanoticiasdurango.com\/wp-content\/uploads\/2022\/06\/nelson-n.jpeg",800,600,false],"chromenews-featured":["https:\/\/samanoticiasdurango.com\/wp-content\/uploads\/2022\/06\/nelson-n.jpeg",800,600,false],"chromenews-large":["https:\/\/samanoticiasdurango.com\/wp-content\/uploads\/2022\/06\/nelson-n-800x575.jpeg",800,575,true],"chromenews-medium":["https:\/\/samanoticiasdurango.com\/wp-content\/uploads\/2022\/06\/nelson-n-590x410.jpeg",590,410,true]},"author_info":{"display_name":"Redacci\u00f3n","author_link":"https:\/\/samanoticiasdurango.com\/index.php\/author\/jjsama13gmail-com\/"},"category_info":"<a href=\"https:\/\/samanoticiasdurango.com\/index.php\/category\/nacional\/\" rel=\"category tag\">NACIONAL<\/a>","tag_info":"NACIONAL","comment_count":"0","jetpack_sharing_enabled":true,"_links":{"self":[{"href":"https:\/\/samanoticiasdurango.com\/index.php\/wp-json\/wp\/v2\/posts\/1325","targetHints":{"allow":["GET"]}}],"collection":[{"href":"https:\/\/samanoticiasdurango.com\/index.php\/wp-json\/wp\/v2\/posts"}],"about":[{"href":"https:\/\/samanoticiasdurango.com\/index.php\/wp-json\/wp\/v2\/types\/post"}],"author":[{"embeddable":true,"href":"https:\/\/samanoticiasdurango.com\/index.php\/wp-json\/wp\/v2\/users\/1"}],"replies":[{"embeddable":true,"href":"https:\/\/samanoticiasdurango.com\/index.php\/wp-json\/wp\/v2\/comments?post=1325"}],"version-history":[{"count":1,"href":"https:\/\/samanoticiasdurango.com\/index.php\/wp-json\/wp\/v2\/posts\/1325\/revisions"}],"predecessor-version":[{"id":1327,"href":"https:\/\/samanoticiasdurango.com\/index.php\/wp-json\/wp\/v2\/posts\/1325\/revisions\/1327"}],"wp:featuredmedia":[{"embeddable":true,"href":"https:\/\/samanoticiasdurango.com\/index.php\/wp-json\/wp\/v2\/media\/1326"}],"wp:attachment":[{"href":"https:\/\/samanoticiasdurango.com\/index.php\/wp-json\/wp\/v2\/media?parent=1325"}],"wp:term":[{"taxonomy":"category","embeddable":true,"href":"https:\/\/samanoticiasdurango.com\/index.php\/wp-json\/wp\/v2\/categories?post=1325"},{"taxonomy":"post_tag","embeddable":true,"href":"https:\/\/samanoticiasdurango.com\/index.php\/wp-json\/wp\/v2\/tags?post=1325"}],"curies":[{"name":"wp","href":"https:\/\/api.w.org\/{rel}","templated":true}]}}