{"id":13401,"date":"2025-07-07T01:29:23","date_gmt":"2025-07-07T01:29:23","guid":{"rendered":"https:\/\/samanoticiasdurango.com\/?p=13401"},"modified":"2025-07-07T01:29:24","modified_gmt":"2025-07-07T01:29:24","slug":"congreso-realiza-historico-foro-lgbttiq-estatal","status":"publish","type":"post","link":"https:\/\/samanoticiasdurango.com\/index.php\/2025\/07\/07\/congreso-realiza-historico-foro-lgbttiq-estatal\/","title":{"rendered":"Congreso realiza hist\u00f3rico foro LGBTTIQ+ estatal"},"content":{"rendered":"\n<p>Con el objetivo de abrir espacios de di\u00e1logo y construcci\u00f3n de propuestas legislativas en favor de la comunidad LGBTTIQ+, la diputada Delia Enr\u00edquez Arriaga encabez\u00f3 el Primer Foro Legislativo \u201cAmistades en el Congreso\u201d, un espacio sin precedentes que reuni\u00f3 a representantes de los tres poderes del Estado, activistas de diversas regiones y miembros de la sociedad civil.<\/p>\n\n\n\n<p>En el evento participaron el activista Ezequiel Garc\u00eda; el representante del Gobierno del Estado, Paulino C\u00f3rdoba; el secretario general del Congreso del Estado, David Enr\u00edquez y la diputada Cynthia Montserrat Hern\u00e1ndez.<\/p>\n\n\n\n<p>Durante el foro, la diputada Delia Enr\u00edquez, present\u00f3 los avances legislativos y se intercambiaron propuestas para seguir fortaleciendo los derechos de las personas de la diversidad sexual en Durango. Tambi\u00e9n se dio voz a activistas de G\u00f3mez Palacio, Tlahualilo y de la capital del estado, quienes compartieron su experiencia y plantearon una agenda de derechos pendiente.<\/p>\n\n\n\n<p>En este marco, Enr\u00edquez Arriaga inform\u00f3 que, desde la entrada en vigor del decreto administrativo que permiti\u00f3 el matrimonio igualitario en 2022 \u2013impulsado por el gobernador Esteban Villegas Villarreal\u2013, se han celebrado m\u00e1s de 330 matrimonios entre personas del mismo sexo en la entidad, lo que representa un importante paso hacia la igualdad.<\/p>\n\n\n\n<p>Asimismo, present\u00f3 una de las principales iniciativas en materia de inclusi\u00f3n, como es la reforma constitucional sobre igualdad sustantiva, que contempla el reconocimiento expl\u00edcito de la identidad de g\u00e9nero, la expresi\u00f3n de g\u00e9nero y las caracter\u00edsticas sexuales como parte del marco jur\u00eddico local.<\/p>\n\n\n\n<p>\u201cLo que no se nombra, no existe. Por eso es urgente garantizar desde la Constituci\u00f3n el derecho a no ser discriminados y el principio de progresividad en los derechos humanos\u201d, puntualiz\u00f3.<\/p>\n\n\n\n<p>Los asistentes se\u00f1alaron que este foro representa un hecho hist\u00f3rico, pues por primera vez el Congreso del Estado abri\u00f3 sus puertas a las voces de la comunidad LGBTTIQ+ para dialogar y construir propuestas legislativas de manera directa.<\/p>\n","protected":false},"excerpt":{"rendered":"<p>Con el objetivo de abrir espacios de di\u00e1logo y construcci\u00f3n de propuestas legislativas en favor<\/p>\n","protected":false},"author":1,"featured_media":13402,"comment_status":"open","ping_status":"open","sticky":false,"template":"","format":"standard","meta":{"om_disable_all_campaigns":false,"_monsterinsights_skip_tracking":false,"_monsterinsights_sitenote_active":false,"_monsterinsights_sitenote_note":"","_monsterinsights_sitenote_category":0,"_jetpack_memberships_contains_paid_content":false,"footnotes":"","jetpack_publicize_message":"","jetpack_publicize_feature_enabled":true,"jetpack_social_post_already_shared":false,"jetpack_social_options":{"image_generator_settings":{"template":"highway","enabled":false},"version":2}},"categories":[1],"tags":[],"class_list":["post-13401","post","type-post","status-publish","format-standard","has-post-thumbnail","hentry","category-archivo"],"jetpack_publicize_connections":[],"aioseo_notices":[],"jetpack_featured_media_url":"https:\/\/samanoticiasdurango.com\/wp-content\/uploads\/WEB.00_00_01_07.Imagen-fija001.jpg","featured_image_urls":{"full":["https:\/\/samanoticiasdurango.com\/wp-content\/uploads\/WEB.00_00_01_07.Imagen-fija001.jpg",1200,675,false],"thumbnail":["https:\/\/samanoticiasdurango.com\/wp-content\/uploads\/WEB.00_00_01_07.Imagen-fija001-150x150.jpg",150,150,true],"medium":["https:\/\/samanoticiasdurango.com\/wp-content\/uploads\/WEB.00_00_01_07.Imagen-fija001-300x169.jpg",300,169,true],"medium_large":["https:\/\/samanoticiasdurango.com\/wp-content\/uploads\/WEB.00_00_01_07.Imagen-fija001-768x432.jpg",640,360,true],"large":["https:\/\/samanoticiasdurango.com\/wp-content\/uploads\/WEB.00_00_01_07.Imagen-fija001-1024x576.jpg",640,360,true],"1536x1536":["https:\/\/samanoticiasdurango.com\/wp-content\/uploads\/WEB.00_00_01_07.Imagen-fija001.jpg",1200,675,false],"2048x2048":["https:\/\/samanoticiasdurango.com\/wp-content\/uploads\/WEB.00_00_01_07.Imagen-fija001.jpg",1200,675,false],"chromenews-featured":["https:\/\/samanoticiasdurango.com\/wp-content\/uploads\/WEB.00_00_01_07.Imagen-fija001-1024x576.jpg",1024,576,true],"chromenews-large":["https:\/\/samanoticiasdurango.com\/wp-content\/uploads\/WEB.00_00_01_07.Imagen-fija001-825x575.jpg",825,575,true],"chromenews-medium":["https:\/\/samanoticiasdurango.com\/wp-content\/uploads\/WEB.00_00_01_07.Imagen-fija001-590x410.jpg",590,410,true]},"author_info":{"display_name":"Redacci\u00f3n","author_link":"https:\/\/samanoticiasdurango.com\/index.php\/author\/jjsama13gmail-com\/"},"category_info":"<a href=\"https:\/\/samanoticiasdurango.com\/index.php\/category\/archivo\/\" rel=\"category tag\">DURANGO<\/a>","tag_info":"DURANGO","comment_count":"0","jetpack_sharing_enabled":true,"_links":{"self":[{"href":"https:\/\/samanoticiasdurango.com\/index.php\/wp-json\/wp\/v2\/posts\/13401","targetHints":{"allow":["GET"]}}],"collection":[{"href":"https:\/\/samanoticiasdurango.com\/index.php\/wp-json\/wp\/v2\/posts"}],"about":[{"href":"https:\/\/samanoticiasdurango.com\/index.php\/wp-json\/wp\/v2\/types\/post"}],"author":[{"embeddable":true,"href":"https:\/\/samanoticiasdurango.com\/index.php\/wp-json\/wp\/v2\/users\/1"}],"replies":[{"embeddable":true,"href":"https:\/\/samanoticiasdurango.com\/index.php\/wp-json\/wp\/v2\/comments?post=13401"}],"version-history":[{"count":1,"href":"https:\/\/samanoticiasdurango.com\/index.php\/wp-json\/wp\/v2\/posts\/13401\/revisions"}],"predecessor-version":[{"id":13403,"href":"https:\/\/samanoticiasdurango.com\/index.php\/wp-json\/wp\/v2\/posts\/13401\/revisions\/13403"}],"wp:featuredmedia":[{"embeddable":true,"href":"https:\/\/samanoticiasdurango.com\/index.php\/wp-json\/wp\/v2\/media\/13402"}],"wp:attachment":[{"href":"https:\/\/samanoticiasdurango.com\/index.php\/wp-json\/wp\/v2\/media?parent=13401"}],"wp:term":[{"taxonomy":"category","embeddable":true,"href":"https:\/\/samanoticiasdurango.com\/index.php\/wp-json\/wp\/v2\/categories?post=13401"},{"taxonomy":"post_tag","embeddable":true,"href":"https:\/\/samanoticiasdurango.com\/index.php\/wp-json\/wp\/v2\/tags?post=13401"}],"curies":[{"name":"wp","href":"https:\/\/api.w.org\/{rel}","templated":true}]}}