{"id":13602,"date":"2025-08-25T22:01:58","date_gmt":"2025-08-25T22:01:58","guid":{"rendered":"https:\/\/samanoticiasdurango.com\/?p=13602"},"modified":"2025-08-25T22:01:59","modified_gmt":"2025-08-25T22:01:59","slug":"cynthia-mont-propone-mejorar-leyes-sobre-discapacidad","status":"publish","type":"post","link":"https:\/\/samanoticiasdurango.com\/index.php\/2025\/08\/25\/cynthia-mont-propone-mejorar-leyes-sobre-discapacidad\/","title":{"rendered":"Cynthia Mont propone mejorar leyes sobre discapacidad."},"content":{"rendered":"\n<p>El Congreso del Estado a trav\u00e9s de la Comisi\u00f3n de Atenci\u00f3n a Personas con Discapacidad y Adultos Mayores, llev\u00f3 a cabo el foro de consulta para escuchar las propuestas de este sector de la sociedad mediante un ejercicio de di\u00e1logo, participaci\u00f3n activa que da voz a los sectores m\u00e1s vulnerables.<\/p>\n\n\n\n<p>Durante la inauguraci\u00f3n, la presidenta de la Comisi\u00f3n, diputada Cynthia Montserrat Hern\u00e1ndez Qui\u00f1ones, destac\u00f3 que este ejercicio involucra a organizaciones sociales, acad\u00e9micos, autoridades y ciudadan\u00eda en general, siempre garantizando la protecci\u00f3n de los datos personales conforme a la ley.<\/p>\n\n\n\n<p>\u201cEste di\u00e1logo es un acto de justicia, respeto y verdadera inclusi\u00f3n. Consultarles significa reconocer su voz, su experiencia y sus propuestas, que son indispensables en la toma de decisiones p\u00fablicas que les afectan directamente. Detr\u00e1s de cada ley no solo hay normas y art\u00edculos, sino vidas, derechos y realidades que se deben atender\u201d, expres\u00f3.<\/p>\n\n\n\n<p>Hern\u00e1ndez Qui\u00f1ones subray\u00f3 que escuchar la visi\u00f3n de las personas con discapacidad convierte a una ley en una herramienta m\u00e1s humana, justa e incluyente, y que el Congreso se enriquece cuando abre sus puertas para atender directamente a los ciudadanos.<\/p>\n\n\n\n<p>Durante el foro se abordaron temas como inclusi\u00f3n, participaci\u00f3n y derechos; educaci\u00f3n inclusiva y comunicaci\u00f3n; atenci\u00f3n y cuidados; espectro autista y atenci\u00f3n especializada. Este ejercicio tambi\u00e9n se realizar\u00e1 en el municipio de G\u00f3mez Palacio.<\/p>\n\n\n\n<p>Por su parte, la secretaria de la Comisi\u00f3n, diputada Gaby V\u00e1zquez Chac\u00f3n, se\u00f1al\u00f3 que este foro es una respuesta a una deuda hist\u00f3rica con este sector vulnerable.<\/p>\n\n\n\n<p>\u201cEn este espacio ustedes ser\u00e1n los protagonistas de las leyes e iniciativas, quienes gu\u00eden a los diputados en lo que se debe hacer al respecto. Nuestro compromiso es trabajar en equipo, para crear una legislaci\u00f3n m\u00e1s incluyente, cercana y humana, que no se convierta en letra muerta\u201d, puntualiz\u00f3.<\/p>\n\n\n\n<p>En su intervenci\u00f3n, el vocal de la Comisi\u00f3n, diputado Alejandro Mata, resalt\u00f3 que este ejercicio fortalece la participaci\u00f3n ciudadana y coloca en el centro del trabajo legislativo a las personas con discapacidad, adem\u00e1s de plantear la importancia de destinar los recursos econ\u00f3micos necesarios para garantizar su atenci\u00f3n.<\/p>\n\n\n\n<p>Durante el primer foro se cont\u00f3 tambi\u00e9n con la presencia de las diputadas Ana Mar\u00eda Dur\u00f3n, Sandra A maya y los diputados Carlos Chamorro y Mart\u00edn Vivanco.<\/p>\n","protected":false},"excerpt":{"rendered":"<p>El Congreso del Estado a trav\u00e9s de la Comisi\u00f3n de Atenci\u00f3n a Personas con Discapacidad<\/p>\n","protected":false},"author":1,"featured_media":13603,"comment_status":"open","ping_status":"open","sticky":false,"template":"","format":"standard","meta":{"om_disable_all_campaigns":false,"_monsterinsights_skip_tracking":false,"_monsterinsights_sitenote_active":false,"_monsterinsights_sitenote_note":"","_monsterinsights_sitenote_category":0,"_jetpack_memberships_contains_paid_content":false,"footnotes":"","jetpack_publicize_message":"","jetpack_publicize_feature_enabled":true,"jetpack_social_post_already_shared":true,"jetpack_social_options":{"image_generator_settings":{"template":"highway","enabled":false},"version":2}},"categories":[1],"tags":[],"class_list":["post-13602","post","type-post","status-publish","format-standard","has-post-thumbnail","hentry","category-archivo"],"jetpack_publicize_connections":[],"aioseo_notices":[],"jetpack_featured_media_url":"https:\/\/samanoticiasdurango.com\/wp-content\/uploads\/WhatsApp-Image-2025-08-25-at-2.09.05-PM.jpeg","featured_image_urls":{"full":["https:\/\/samanoticiasdurango.com\/wp-content\/uploads\/WhatsApp-Image-2025-08-25-at-2.09.05-PM.jpeg",1280,853,false],"thumbnail":["https:\/\/samanoticiasdurango.com\/wp-content\/uploads\/WhatsApp-Image-2025-08-25-at-2.09.05-PM-150x150.jpeg",150,150,true],"medium":["https:\/\/samanoticiasdurango.com\/wp-content\/uploads\/WhatsApp-Image-2025-08-25-at-2.09.05-PM-300x200.jpeg",300,200,true],"medium_large":["https:\/\/samanoticiasdurango.com\/wp-content\/uploads\/WhatsApp-Image-2025-08-25-at-2.09.05-PM-768x512.jpeg",640,427,true],"large":["https:\/\/samanoticiasdurango.com\/wp-content\/uploads\/WhatsApp-Image-2025-08-25-at-2.09.05-PM-1024x682.jpeg",640,426,true],"1536x1536":["https:\/\/samanoticiasdurango.com\/wp-content\/uploads\/WhatsApp-Image-2025-08-25-at-2.09.05-PM.jpeg",1280,853,false],"2048x2048":["https:\/\/samanoticiasdurango.com\/wp-content\/uploads\/WhatsApp-Image-2025-08-25-at-2.09.05-PM.jpeg",1280,853,false],"chromenews-featured":["https:\/\/samanoticiasdurango.com\/wp-content\/uploads\/WhatsApp-Image-2025-08-25-at-2.09.05-PM-1024x682.jpeg",1024,682,true],"chromenews-large":["https:\/\/samanoticiasdurango.com\/wp-content\/uploads\/WhatsApp-Image-2025-08-25-at-2.09.05-PM-825x575.jpeg",825,575,true],"chromenews-medium":["https:\/\/samanoticiasdurango.com\/wp-content\/uploads\/WhatsApp-Image-2025-08-25-at-2.09.05-PM-590x410.jpeg",590,410,true]},"author_info":{"display_name":"Redacci\u00f3n","author_link":"https:\/\/samanoticiasdurango.com\/index.php\/author\/jjsama13gmail-com\/"},"category_info":"<a href=\"https:\/\/samanoticiasdurango.com\/index.php\/category\/archivo\/\" rel=\"category tag\">DURANGO<\/a>","tag_info":"DURANGO","comment_count":"0","jetpack_sharing_enabled":true,"_links":{"self":[{"href":"https:\/\/samanoticiasdurango.com\/index.php\/wp-json\/wp\/v2\/posts\/13602","targetHints":{"allow":["GET"]}}],"collection":[{"href":"https:\/\/samanoticiasdurango.com\/index.php\/wp-json\/wp\/v2\/posts"}],"about":[{"href":"https:\/\/samanoticiasdurango.com\/index.php\/wp-json\/wp\/v2\/types\/post"}],"author":[{"embeddable":true,"href":"https:\/\/samanoticiasdurango.com\/index.php\/wp-json\/wp\/v2\/users\/1"}],"replies":[{"embeddable":true,"href":"https:\/\/samanoticiasdurango.com\/index.php\/wp-json\/wp\/v2\/comments?post=13602"}],"version-history":[{"count":1,"href":"https:\/\/samanoticiasdurango.com\/index.php\/wp-json\/wp\/v2\/posts\/13602\/revisions"}],"predecessor-version":[{"id":13604,"href":"https:\/\/samanoticiasdurango.com\/index.php\/wp-json\/wp\/v2\/posts\/13602\/revisions\/13604"}],"wp:featuredmedia":[{"embeddable":true,"href":"https:\/\/samanoticiasdurango.com\/index.php\/wp-json\/wp\/v2\/media\/13603"}],"wp:attachment":[{"href":"https:\/\/samanoticiasdurango.com\/index.php\/wp-json\/wp\/v2\/media?parent=13602"}],"wp:term":[{"taxonomy":"category","embeddable":true,"href":"https:\/\/samanoticiasdurango.com\/index.php\/wp-json\/wp\/v2\/categories?post=13602"},{"taxonomy":"post_tag","embeddable":true,"href":"https:\/\/samanoticiasdurango.com\/index.php\/wp-json\/wp\/v2\/tags?post=13602"}],"curies":[{"name":"wp","href":"https:\/\/api.w.org\/{rel}","templated":true}]}}