{"id":13607,"date":"2025-08-30T14:45:22","date_gmt":"2025-08-30T14:45:22","guid":{"rendered":"https:\/\/samanoticiasdurango.com\/?p=13607"},"modified":"2025-08-30T14:45:24","modified_gmt":"2025-08-30T14:45:24","slug":"cuatro-muertos-y-cuatro-heridos-tras-ataque-armado-en-culiacan","status":"publish","type":"post","link":"https:\/\/samanoticiasdurango.com\/index.php\/2025\/08\/30\/cuatro-muertos-y-cuatro-heridos-tras-ataque-armado-en-culiacan\/","title":{"rendered":"Cuatro muertos y cuatro heridos tras ataque armado en Culiac\u00e1n"},"content":{"rendered":"\n<p>La noche del viernes 29 de agosto de 2025, la violencia irrumpi\u00f3 en uno de los espacios considerados m\u00e1s seguros de&nbsp;<strong>Culiac\u00e1n<\/strong>: el&nbsp;<strong>Hospital Civil de Culiac\u00e1n<\/strong>. Un&nbsp;<strong>grupo armado<\/strong>&nbsp;a bordo de un veh\u00edculo abri\u00f3 fuego contra quienes se encontraban en las inmediaciones del centro m\u00e9dico, dejando un saldo de al menos&nbsp;<strong>cuatro personas muertas y cuatro heridas<\/strong>, entre ellas una menor de edad con una lesi\u00f3n de bala en el abdomen.<\/p>\n\n\n\n<p>El ataque, perpetrado en plena avenida \u00c1lvaro Obreg\u00f3n, colonia Gabriel Leyva, expuso la vulnerabilidad de la poblaci\u00f3n civil incluso en lugares destinados al resguardo y la esperanza.<\/p>\n\n\n\n<p>De acuerdo con&nbsp;<em>Noreste<\/em>, los agresores dispararon desde la calle hacia el hospital, alcanzando a personas que esperaban afuera y a quienes se encontraban en el acceso principal. El tiroteo ocurri\u00f3 alrededor de las 19:30 horas, cuando decenas de ciudadanos se vieron sorprendidos por la r\u00e1faga de disparos.<\/p>\n\n\n\n<p>Seg\u00fan el medio, los testigos relataron que el p\u00e1nico se apoder\u00f3 del lugar mientras los heridos recib\u00edan atenci\u00f3n m\u00e9dica de emergencia. Asimismo, relatan que la escena qued\u00f3 marcada por rastros de sangre en la entrada, decenas de impactos de bala en la fachada y veh\u00edculos da\u00f1ados.<img loading=\"lazy\" decoding=\"async\" alt=\"Decenas de impactos de bala\" height=\"1080\" src=\"https:\/\/www.infobae.com\/resizer\/v2\/CTOIBYOSNRH4HN7XT7CPIDVXTE.jpg?auth=d5551323a617f08365891d5a9d4428a688ef84c89613fecceef6f3e8b861906c&amp;smart=true&amp;width=350&amp;height=197&amp;quality=85\" width=\"1920\">Decenas de impactos de bala en la fachada del hospital. (FOTO: RRSS)<\/p>\n\n\n\n<p>Las v\u00edctimas mortales fueron identificadas como&nbsp;<strong>Jos\u00e9 Armando \u201cN\u201d<\/strong>,&nbsp;<strong>V\u00edctor Antonio \u201cN\u201d<\/strong>,&nbsp;<strong>Rub\u00e9n \u201cN\u201d<\/strong>&nbsp;y&nbsp;<strong>Jos\u00e9 Ram\u00f3n \u201cN\u201d<\/strong>, este \u00faltimo de 33 a\u00f1os. Entre los heridos se encuentran&nbsp;<strong>Heldie Milena \u201cN\u201d<\/strong>, de 47 a\u00f1os,&nbsp;<strong>Amayrani \u201cN\u201d<\/strong>, una menor de edad, y dos personas cuya identidad no ha sido confirmada. La menor result\u00f3 con una herida de bala en el abdomen, mientras que los dem\u00e1s sobrevivientes fueron estabilizados por el personal m\u00e9dico tras el ataque.<\/p>\n\n\n\n<p>El saldo material del ataque incluy\u00f3 al menos cuatro veh\u00edculos con m\u00faltiples impactos de bala mientras que la fachada del centro m\u00e9dico present\u00f3 decenas de perforaciones, evidencia de la magnitud del tiroteo.<\/p>\n\n\n\n<h2 class=\"wp-block-heading\">Acciones gubernamentales y el \u00fanico comunicado estatal tras el ataque<\/h2>\n\n\n\n<p>Tras el ataque, elementos de los tres niveles de gobierno desplegaron un operativo de seguridad en la zona. El\u00a0<strong>Grupo Interinstitucional<\/strong>\u00a0se present\u00f3 en el lugar para realizar labores de resguardo, mientras agentes de la\u00a0<strong>Fiscal\u00eda General del Estado<\/strong>\u00a0iniciaron las diligencias correspondientes.La noche del viernes 29 de agosto de 2025, la violencia irrumpi\u00f3 en uno de los espacios considerados m\u00e1s seguros de&nbsp;<strong>Culiac\u00e1n<\/strong>: el&nbsp;<strong>Hospital Civil de Culiac\u00e1n<\/strong>. Un&nbsp;<strong>grupo armado<\/strong>&nbsp;a bordo de un veh\u00edculo abri\u00f3 fuego contra quienes se encontraban en las inmediaciones del centro m\u00e9dico, dejando un saldo de al menos&nbsp;<strong>cuatro personas muertas y cuatro heridas<\/strong>, entre ellas una menor de edad con una lesi\u00f3n de bala en el abdomen.<\/p>\n\n\n\n<p>El ataque, perpetrado en plena avenida \u00c1lvaro Obreg\u00f3n, colonia Gabriel Leyva, expuso la vulnerabilidad de la poblaci\u00f3n civil incluso en lugares destinados al resguardo y la esperanza.<\/p>\n\n\n\n<p>De acuerdo con&nbsp;<em>Noreste<\/em>, los agresores dispararon desde la calle hacia el hospital, alcanzando a personas que esperaban afuera y a quienes se encontraban en el acceso principal. El tiroteo ocurri\u00f3 alrededor de las 19:30 horas, cuando decenas de ciudadanos se vieron sorprendidos por la r\u00e1faga de disparos.<\/p>\n\n\n\n<p>Seg\u00fan el medio, los testigos relataron que el p\u00e1nico se apoder\u00f3 del lugar mientras los heridos recib\u00edan atenci\u00f3n m\u00e9dica de emergencia. Asimismo, relatan que la escena qued\u00f3 marcada por rastros de sangre en la entrada, decenas de impactos de bala en la fachada y veh\u00edculos da\u00f1ados.<img loading=\"lazy\" decoding=\"async\" alt=\"Decenas de impactos de bala\" height=\"1080\" src=\"https:\/\/www.infobae.com\/resizer\/v2\/CTOIBYOSNRH4HN7XT7CPIDVXTE.jpg?auth=d5551323a617f08365891d5a9d4428a688ef84c89613fecceef6f3e8b861906c&amp;smart=true&amp;width=350&amp;height=197&amp;quality=85\" width=\"1920\">Decenas de impactos de bala en la fachada del hospital. (FOTO: RRSS)<\/p>\n\n\n\n<p>Las v\u00edctimas mortales fueron identificadas como&nbsp;<strong>Jos\u00e9 Armando \u201cN\u201d<\/strong>,&nbsp;<strong>V\u00edctor Antonio \u201cN\u201d<\/strong>,&nbsp;<strong>Rub\u00e9n \u201cN\u201d<\/strong>&nbsp;y&nbsp;<strong>Jos\u00e9 Ram\u00f3n \u201cN\u201d<\/strong>, este \u00faltimo de 33 a\u00f1os. Entre los heridos se encuentran&nbsp;<strong>Heldie Milena \u201cN\u201d<\/strong>, de 47 a\u00f1os,&nbsp;<strong>Amayrani \u201cN\u201d<\/strong>, una menor de edad, y dos personas cuya identidad no ha sido confirmada. La menor result\u00f3 con una herida de bala en el abdomen, mientras que los dem\u00e1s sobrevivientes fueron estabilizados por el personal m\u00e9dico tras el ataque.<\/p>\n\n\n\n<p>El saldo material del ataque incluy\u00f3 al menos cuatro veh\u00edculos con m\u00faltiples impactos de bala mientras que la fachada del centro m\u00e9dico present\u00f3 decenas de perforaciones, evidencia de la magnitud del tiroteo.<\/p>\n\n\n\n<h2 class=\"wp-block-heading\">Acciones gubernamentales y el \u00fanico comunicado estatal tras el ataque<\/h2>\n\n\n\n<p>Tras el ataque, elementos de los tres niveles de gobierno desplegaron un operativo de seguridad en la zona. El&nbsp;<strong>Grupo Interinstitucional<\/strong>&nbsp;se present\u00f3 en el lugar para realizar labores de resguardo, mientras agentes de la&nbsp;<strong>Fiscal\u00eda General del Estado<\/strong>&nbsp;iniciaron las diligencias correspondientes.<img loading=\"lazy\" decoding=\"async\" alt=\"Fuerzas de seguridad desplegadas en\" height=\"1080\" src=\"https:\/\/www.infobae.com\/resizer\/v2\/G2SMK3VAB5F7HKKJPATU2NQBFU.jpg?auth=75a184c415e58fdaeff52204adb4dceae09545d691ae9bc5e0bfd31c8d36f496&amp;smart=true&amp;width=350&amp;height=197&amp;quality=85\" width=\"1920\">Fuerzas de seguridad desplegadas en zonas aleda\u00f1as de ataque. (FOTO: RRSS)<\/p>\n\n\n\n<p>Por su parte, la&nbsp;<strong>Secretar\u00eda de Seguridad P\u00fablica de Sinaloa<\/strong>&nbsp;emiti\u00f3 un comunicado en el que solicit\u00f3 a la poblaci\u00f3n circular con precauci\u00f3n en el \u00e1rea y, ante la presencia de las autoridades, encender la luz interior de los veh\u00edculos y bajar los vidrios para facilitar las labores preventivas.<\/p>\n\n\n\n<p>\u201cLa #SSPSinaloa informa que, tras los reportes de disparos en las inmediaciones del Hospital Civil este 29 de agosto de 2025, el Grupo Interinstitucional ya se encuentra en el lugar realizando labores de seguridad. Se solicita a la poblaci\u00f3n que circule en el \u00e1rea con precauci\u00f3n y, ante la presencia de las autoridades, encienda la luz interior de sus veh\u00edculos y bajen los vidrios para facilitar las labores preventivas. Se continuar\u00e1 informando\u201d, escribi\u00f3 la dependencia ayer por la noche.<\/p>\n\n\n\n<p>En su \u00fanico pronunciamiento tras los hechos, la Secretar\u00eda de Seguridad P\u00fablica estatal reiter\u00f3 la presencia del Grupo Interinstitucional en la zona y recomend\u00f3 a la ciudadan\u00eda extremar precauciones. Hasta el momento, no se han dado a conocer avances en la investigaci\u00f3n ni detenciones relacionadas con el ataque.<\/p>\n\n\n\n<h2 class=\"wp-block-heading\">Violencia en Sinaloa y contexto de impunidad<\/h2>\n\n\n\n<p><img loading=\"lazy\" decoding=\"async\" alt=\"Hasta ahora se registraron 4\" height=\"1080\" src=\"https:\/\/www.infobae.com\/resizer\/v2\/QZZGBK5LSVDLHILTSJ4GP3DPKA.jpg?auth=19ce05b5dde10ddc36f2845fea33d41ca73cfe06a6de62a900821cf6af6e380f&amp;smart=true&amp;width=350&amp;height=197&amp;quality=85\" width=\"1920\">Hasta ahora se registraron 4 muertos, 4 heridos y al menos 4 autos se registraron con impacto de bala. (FOTO: RRSS)<\/p>\n\n\n\n<p>Este ataque se suma a un contexto de&nbsp;<strong>violencia persistente en Sinaloa<\/strong>. Entre septiembre de 2024 y finales de agosto de 2025, la entidad ha registrado m\u00e1s de&nbsp;<strong>mil 900 homicidios dolosos<\/strong>, cerca de&nbsp;<strong>2 mil desapariciones<\/strong>&nbsp;y casi&nbsp;<strong>7 mil robos de veh\u00edculos<\/strong>.<\/p>\n\n\n\n<p>En el mismo periodo, las autoridades reportaron solo&nbsp;<strong>mil personas detenidas<\/strong>&nbsp;y un centenar de abatidos.Fuerzas de seguridad desplegadas en zonas aleda\u00f1as de ataque. (FOTO: RRSS)<\/p>\n\n\n\n<p>Por su parte, la&nbsp;<strong>Secretar\u00eda de Seguridad P\u00fablica de Sinaloa<\/strong>&nbsp;emiti\u00f3 un comunicado en el que solicit\u00f3 a la poblaci\u00f3n circular con precauci\u00f3n en el \u00e1rea y, ante la presencia de las autoridades, encender la luz interior de los veh\u00edculos y bajar los vidrios para facilitar las labores preventivas.<\/p>\n\n\n\n<p>\u201cLa #SSPSinaloa informa que, tras los reportes de disparos en las inmediaciones del Hospital Civil este 29 de agosto de 2025, el Grupo Interinstitucional ya se encuentra en el lugar realizando labores de seguridad. Se solicita a la poblaci\u00f3n que circule en el \u00e1rea con precauci\u00f3n y, ante la presencia de las autoridades, encienda la luz interior de sus veh\u00edculos y bajen los vidrios para facilitar las labores preventivas. Se continuar\u00e1 informando\u201d, escribi\u00f3 la dependencia ayer por la noche.<\/p>\n\n\n\n<p>En su \u00fanico pronunciamiento tras los hechos, la Secretar\u00eda de Seguridad P\u00fablica estatal reiter\u00f3 la presencia del Grupo Interinstitucional en la zona y recomend\u00f3 a la ciudadan\u00eda extremar precauciones. Hasta el momento, no se han dado a conocer avances en la investigaci\u00f3n ni detenciones relacionadas con el ataque.<\/p>\n\n\n\n<h2 class=\"wp-block-heading\">Violencia en Sinaloa y contexto de impunidad<\/h2>\n\n\n\n<p><img loading=\"lazy\" decoding=\"async\" alt=\"Hasta ahora se registraron 4\" height=\"1080\" src=\"https:\/\/www.infobae.com\/resizer\/v2\/QZZGBK5LSVDLHILTSJ4GP3DPKA.jpg?auth=19ce05b5dde10ddc36f2845fea33d41ca73cfe06a6de62a900821cf6af6e380f&amp;smart=true&amp;width=350&amp;height=197&amp;quality=85\" width=\"1920\">Hasta ahora se registraron 4 muertos, 4 heridos y al menos 4 autos se registraron con impacto de bala. (FOTO: RRSS)<\/p>\n\n\n\n<p>Este ataque se suma a un contexto de&nbsp;<strong>violencia persistente en Sinaloa<\/strong>. Entre septiembre de 2024 y finales de agosto de 2025, la entidad ha registrado m\u00e1s de&nbsp;<strong>mil 900 homicidios dolosos<\/strong>, cerca de&nbsp;<strong>2 mil desapariciones<\/strong>&nbsp;y casi&nbsp;<strong>7 mil robos de veh\u00edculos<\/strong>.<\/p>\n\n\n\n<p>En el mismo periodo, las autoridades reportaron solo&nbsp;<strong>mil personas detenidas<\/strong>&nbsp;y un centenar de abatidos.<\/p>\n\n\n\n<p><strong>Con informaci\u00f3n de INFOBAE<\/strong><\/p>\n","protected":false},"excerpt":{"rendered":"<p>La noche del viernes 29 de agosto de 2025, la violencia irrumpi\u00f3 en uno de<\/p>\n","protected":false},"author":1,"featured_media":13608,"comment_status":"open","ping_status":"open","sticky":false,"template":"","format":"standard","meta":{"om_disable_all_campaigns":false,"_monsterinsights_skip_tracking":false,"_monsterinsights_sitenote_active":false,"_monsterinsights_sitenote_note":"","_monsterinsights_sitenote_category":0,"_jetpack_memberships_contains_paid_content":false,"footnotes":"","jetpack_publicize_message":"","jetpack_publicize_feature_enabled":true,"jetpack_social_post_already_shared":true,"jetpack_social_options":{"image_generator_settings":{"template":"highway","enabled":false},"version":2}},"categories":[5],"tags":[],"class_list":["post-13607","post","type-post","status-publish","format-standard","has-post-thumbnail","hentry","category-nacional"],"jetpack_publicize_connections":[],"aioseo_notices":[],"jetpack_featured_media_url":"https:\/\/samanoticiasdurango.com\/wp-content\/uploads\/TWITTER.00_00_01_14.Imagen-fija002.jpg","featured_image_urls":{"full":["https:\/\/samanoticiasdurango.com\/wp-content\/uploads\/TWITTER.00_00_01_14.Imagen-fija002.jpg",1160,653,false],"thumbnail":["https:\/\/samanoticiasdurango.com\/wp-content\/uploads\/TWITTER.00_00_01_14.Imagen-fija002-150x150.jpg",150,150,true],"medium":["https:\/\/samanoticiasdurango.com\/wp-content\/uploads\/TWITTER.00_00_01_14.Imagen-fija002-300x169.jpg",300,169,true],"medium_large":["https:\/\/samanoticiasdurango.com\/wp-content\/uploads\/TWITTER.00_00_01_14.Imagen-fija002-768x432.jpg",640,360,true],"large":["https:\/\/samanoticiasdurango.com\/wp-content\/uploads\/TWITTER.00_00_01_14.Imagen-fija002-1024x576.jpg",640,360,true],"1536x1536":["https:\/\/samanoticiasdurango.com\/wp-content\/uploads\/TWITTER.00_00_01_14.Imagen-fija002.jpg",1160,653,false],"2048x2048":["https:\/\/samanoticiasdurango.com\/wp-content\/uploads\/TWITTER.00_00_01_14.Imagen-fija002.jpg",1160,653,false],"chromenews-featured":["https:\/\/samanoticiasdurango.com\/wp-content\/uploads\/TWITTER.00_00_01_14.Imagen-fija002-1024x576.jpg",1024,576,true],"chromenews-large":["https:\/\/samanoticiasdurango.com\/wp-content\/uploads\/TWITTER.00_00_01_14.Imagen-fija002-825x575.jpg",825,575,true],"chromenews-medium":["https:\/\/samanoticiasdurango.com\/wp-content\/uploads\/TWITTER.00_00_01_14.Imagen-fija002-590x410.jpg",590,410,true]},"author_info":{"display_name":"Redacci\u00f3n","author_link":"https:\/\/samanoticiasdurango.com\/index.php\/author\/jjsama13gmail-com\/"},"category_info":"<a href=\"https:\/\/samanoticiasdurango.com\/index.php\/category\/nacional\/\" rel=\"category tag\">NACIONAL<\/a>","tag_info":"NACIONAL","comment_count":"0","jetpack_sharing_enabled":true,"_links":{"self":[{"href":"https:\/\/samanoticiasdurango.com\/index.php\/wp-json\/wp\/v2\/posts\/13607","targetHints":{"allow":["GET"]}}],"collection":[{"href":"https:\/\/samanoticiasdurango.com\/index.php\/wp-json\/wp\/v2\/posts"}],"about":[{"href":"https:\/\/samanoticiasdurango.com\/index.php\/wp-json\/wp\/v2\/types\/post"}],"author":[{"embeddable":true,"href":"https:\/\/samanoticiasdurango.com\/index.php\/wp-json\/wp\/v2\/users\/1"}],"replies":[{"embeddable":true,"href":"https:\/\/samanoticiasdurango.com\/index.php\/wp-json\/wp\/v2\/comments?post=13607"}],"version-history":[{"count":1,"href":"https:\/\/samanoticiasdurango.com\/index.php\/wp-json\/wp\/v2\/posts\/13607\/revisions"}],"predecessor-version":[{"id":13609,"href":"https:\/\/samanoticiasdurango.com\/index.php\/wp-json\/wp\/v2\/posts\/13607\/revisions\/13609"}],"wp:featuredmedia":[{"embeddable":true,"href":"https:\/\/samanoticiasdurango.com\/index.php\/wp-json\/wp\/v2\/media\/13608"}],"wp:attachment":[{"href":"https:\/\/samanoticiasdurango.com\/index.php\/wp-json\/wp\/v2\/media?parent=13607"}],"wp:term":[{"taxonomy":"category","embeddable":true,"href":"https:\/\/samanoticiasdurango.com\/index.php\/wp-json\/wp\/v2\/categories?post=13607"},{"taxonomy":"post_tag","embeddable":true,"href":"https:\/\/samanoticiasdurango.com\/index.php\/wp-json\/wp\/v2\/tags?post=13607"}],"curies":[{"name":"wp","href":"https:\/\/api.w.org\/{rel}","templated":true}]}}