{"id":13624,"date":"2025-09-01T14:24:36","date_gmt":"2025-09-01T14:24:36","guid":{"rendered":"https:\/\/samanoticiasdurango.com\/?p=13624"},"modified":"2025-09-01T14:24:37","modified_gmt":"2025-09-01T14:24:37","slug":"ernesto-alanis-preside-la-jugocopo-del-congreso-del-estado-durango","status":"publish","type":"post","link":"https:\/\/samanoticiasdurango.com\/index.php\/2025\/09\/01\/ernesto-alanis-preside-la-jugocopo-del-congreso-del-estado-durango\/","title":{"rendered":"Ernesto Alan\u00eds, preside la JUGOCOPO del Congreso del Estado Durango."},"content":{"rendered":"\n<ul class=\"wp-block-list\">\n<li>Fomentar\u00e1 una agenda com\u00fan, con los temas que impacten en la calidad de vida de los duranguenses.<\/li>\n\n\n\n<li>\u201cPrivilegiar\u00e9 el di\u00e1logo, la transparencia, la productividad y construcci\u00f3n de acuerdos\u201d, asegura.<\/li>\n<\/ul>\n\n\n\n<p>Ernesto Alan\u00eds, preside desde hoy, la Junta de Gobierno y Coordinaci\u00f3n Pol\u00edtica (JUGOCOPO), del Congreso del Estado de Durango; espacio desde donde privilegiar\u00e1 \u201cel dialogo, la trasparencia, la productividad legislativa y la construcci\u00f3n de acuerdos por Durango\u201d, asegur\u00f3.<\/p>\n\n\n\n<p>Afirm\u00f3 tambi\u00e9n, que asume esta responsabilidad con pleno compromiso institucional y con una premisa clara: la edificaci\u00f3n de consensos que fortalezcan el trabajo parlamentario, que fomente una agenda com\u00fan que de prioridad, a los temas que realmente impacten en la calidad de vida de todos los duranguenses.<\/p>\n\n\n\n<p>\u201cHoy asumo este encargo con la firme convicci\u00f3n de que el congreso es un espacio plural, donde el respeto, la responsabilidad y el compromiso con las y los duranguenses, son la gu\u00eda de nuestras decisiones -subray\u00f3 Ernesto Alan\u00eds- encabezar esta soberan\u00eda con di\u00e1logo, es una obligaci\u00f3n.<\/p>\n\n\n\n<p>El Presidente de la JUGOCOPO, refrend\u00f3 su disposici\u00f3n para trabajar de la manos con todos los grupos parlamentarios, sin distinciones partidistas, promoviendo una agenda legislativa incluyente, eficaz y centrada en las principales necesidades de las familias del estado.<\/p>\n\n\n\n<p>De la misma forma, Ernesto Alan\u00eds se comprometi\u00f3 con encabezar un congreso cercano a los ciudadanos, abierto a la consulta y escuchar a todos los sectores, capaz de responder con hechos y resultados a los nuevos desaf\u00edos de nuestro estado.<\/p>\n\n\n\n<p>\u201cSeremos un congreso que escuche, que rinda cuentas y que act\u00fae con responsabilidad. Son muchos los retos, pero con unidad y voluntad pol\u00edtica, habremos de transformarlos en \u00e1reas de oportunidad\u201d, finaliz\u00f3.<\/p>\n","protected":false},"excerpt":{"rendered":"<p>Ernesto Alan\u00eds, preside desde hoy, la Junta de Gobierno y Coordinaci\u00f3n Pol\u00edtica (JUGOCOPO), del Congreso<\/p>\n","protected":false},"author":1,"featured_media":13625,"comment_status":"open","ping_status":"open","sticky":false,"template":"","format":"standard","meta":{"om_disable_all_campaigns":false,"_monsterinsights_skip_tracking":false,"_monsterinsights_sitenote_active":false,"_monsterinsights_sitenote_note":"","_monsterinsights_sitenote_category":0,"_jetpack_memberships_contains_paid_content":false,"footnotes":"","jetpack_publicize_message":"","jetpack_publicize_feature_enabled":true,"jetpack_social_post_already_shared":true,"jetpack_social_options":{"image_generator_settings":{"template":"highway","enabled":false},"version":2}},"categories":[1],"tags":[],"class_list":["post-13624","post","type-post","status-publish","format-standard","has-post-thumbnail","hentry","category-archivo"],"jetpack_publicize_connections":[],"aioseo_notices":[],"jetpack_featured_media_url":"https:\/\/samanoticiasdurango.com\/wp-content\/uploads\/WEB.00_00_01_15.Imagen-fija003.jpg","featured_image_urls":{"full":["https:\/\/samanoticiasdurango.com\/wp-content\/uploads\/WEB.00_00_01_15.Imagen-fija003.jpg",1200,675,false],"thumbnail":["https:\/\/samanoticiasdurango.com\/wp-content\/uploads\/WEB.00_00_01_15.Imagen-fija003-150x150.jpg",150,150,true],"medium":["https:\/\/samanoticiasdurango.com\/wp-content\/uploads\/WEB.00_00_01_15.Imagen-fija003-300x169.jpg",300,169,true],"medium_large":["https:\/\/samanoticiasdurango.com\/wp-content\/uploads\/WEB.00_00_01_15.Imagen-fija003-768x432.jpg",640,360,true],"large":["https:\/\/samanoticiasdurango.com\/wp-content\/uploads\/WEB.00_00_01_15.Imagen-fija003-1024x576.jpg",640,360,true],"1536x1536":["https:\/\/samanoticiasdurango.com\/wp-content\/uploads\/WEB.00_00_01_15.Imagen-fija003.jpg",1200,675,false],"2048x2048":["https:\/\/samanoticiasdurango.com\/wp-content\/uploads\/WEB.00_00_01_15.Imagen-fija003.jpg",1200,675,false],"chromenews-featured":["https:\/\/samanoticiasdurango.com\/wp-content\/uploads\/WEB.00_00_01_15.Imagen-fija003-1024x576.jpg",1024,576,true],"chromenews-large":["https:\/\/samanoticiasdurango.com\/wp-content\/uploads\/WEB.00_00_01_15.Imagen-fija003-825x575.jpg",825,575,true],"chromenews-medium":["https:\/\/samanoticiasdurango.com\/wp-content\/uploads\/WEB.00_00_01_15.Imagen-fija003-590x410.jpg",590,410,true]},"author_info":{"display_name":"Redacci\u00f3n","author_link":"https:\/\/samanoticiasdurango.com\/index.php\/author\/jjsama13gmail-com\/"},"category_info":"<a href=\"https:\/\/samanoticiasdurango.com\/index.php\/category\/archivo\/\" rel=\"category tag\">DURANGO<\/a>","tag_info":"DURANGO","comment_count":"0","jetpack_sharing_enabled":true,"_links":{"self":[{"href":"https:\/\/samanoticiasdurango.com\/index.php\/wp-json\/wp\/v2\/posts\/13624","targetHints":{"allow":["GET"]}}],"collection":[{"href":"https:\/\/samanoticiasdurango.com\/index.php\/wp-json\/wp\/v2\/posts"}],"about":[{"href":"https:\/\/samanoticiasdurango.com\/index.php\/wp-json\/wp\/v2\/types\/post"}],"author":[{"embeddable":true,"href":"https:\/\/samanoticiasdurango.com\/index.php\/wp-json\/wp\/v2\/users\/1"}],"replies":[{"embeddable":true,"href":"https:\/\/samanoticiasdurango.com\/index.php\/wp-json\/wp\/v2\/comments?post=13624"}],"version-history":[{"count":1,"href":"https:\/\/samanoticiasdurango.com\/index.php\/wp-json\/wp\/v2\/posts\/13624\/revisions"}],"predecessor-version":[{"id":13626,"href":"https:\/\/samanoticiasdurango.com\/index.php\/wp-json\/wp\/v2\/posts\/13624\/revisions\/13626"}],"wp:featuredmedia":[{"embeddable":true,"href":"https:\/\/samanoticiasdurango.com\/index.php\/wp-json\/wp\/v2\/media\/13625"}],"wp:attachment":[{"href":"https:\/\/samanoticiasdurango.com\/index.php\/wp-json\/wp\/v2\/media?parent=13624"}],"wp:term":[{"taxonomy":"category","embeddable":true,"href":"https:\/\/samanoticiasdurango.com\/index.php\/wp-json\/wp\/v2\/categories?post=13624"},{"taxonomy":"post_tag","embeddable":true,"href":"https:\/\/samanoticiasdurango.com\/index.php\/wp-json\/wp\/v2\/tags?post=13624"}],"curies":[{"name":"wp","href":"https:\/\/api.w.org\/{rel}","templated":true}]}}