{"id":13658,"date":"2025-09-05T22:19:03","date_gmt":"2025-09-05T22:19:03","guid":{"rendered":"https:\/\/samanoticiasdurango.com\/?p=13658"},"modified":"2025-09-05T22:19:05","modified_gmt":"2025-09-05T22:19:05","slug":"diputado-del-pvem-reconoce-atencion-de-esteban-a-la-sequia-mas-severa-en-los-50-anos","status":"publish","type":"post","link":"https:\/\/samanoticiasdurango.com\/index.php\/2025\/09\/05\/diputado-del-pvem-reconoce-atencion-de-esteban-a-la-sequia-mas-severa-en-los-50-anos\/","title":{"rendered":"Diputado del PVEM reconoce atenci\u00f3n de Esteban a la sequ\u00eda m\u00e1s severa en los 50 a\u00f1os"},"content":{"rendered":"\n<ul class=\"wp-block-list\">\n<li>Osbaldo Santill\u00e1n destaca entrega de semillas, suplemento alimenticio para ganado y bordos de abrevadero<\/li>\n<\/ul>\n\n\n\n<p>Una vez presentado el Tercer Informe de Gobierno de Esteban Villegas Villarreal, el diputado del Partido Verde, Osbaldo Santill\u00e1n G\u00f3mez, destac\u00f3 los resultados alcanzados en la atenci\u00f3n al campo, principalmente frente a la sequ\u00eda m\u00e1s severa de los \u00faltimos 50 a\u00f1os.<\/p>\n\n\n\n<p>\u201cReconocemos los esfuerzos hechos durante la sequ\u00eda, la entrega de semillas, suplemento alimenticio para ganado y bordos de abrevadero, que han atendido una emergencia real\u201d, resalt\u00f3 al hacer uso de la m\u00e1xima tribuna del estado.<\/p>\n\n\n\n<p>Adem\u00e1s, reconoci\u00f3 los avances en materia de educaci\u00f3n, infraestructura, salud y seguridad; as\u00ed como la construcci\u00f3n de obras prioritarias, los apoyos a grupos vulnerables e insisti\u00f3 en gesti\u00f3n frente a fen\u00f3menos como la sequ\u00eda que han afectado profundamente al campo.<\/p>\n\n\n\n<p>El representante popular reafirm\u00f3 la disposici\u00f3n del Partido Verde para colaborar con el Ejecutivo del Estado, desde el Congreso en favor de un Durango m\u00e1s equitativo y sustentable.<\/p>\n\n\n\n<p>\u201cEl Partido Verde reitera su disposici\u00f3n para construir, legislar y trabajar en favor de un Durango m\u00e1s justo, m\u00e1s verde, m\u00e1s sustentable. Estamos aqu\u00ed para poner la voz del medio ambiente, de los campesinos, de las mujeres, de la juventud y de los pueblos ind\u00edgenas sobre esta mesa legislativa. Porque s\u00f3lo as\u00ed, con visi\u00f3n integral, podemos construir el Durango del futuro, sobre el desarrollo social y la equidad\u201d, enfatiz\u00f3.<\/p>\n\n\n\n<p>Santill\u00e1n G\u00f3mez agreg\u00f3 que el medio ambiente debe estar en la agenda p\u00fablica, ya que en la actualidad los productores rurales enfrentan procesos de desertificaci\u00f3n y requieren apoyos t\u00e9cnicos suficientes para salir adelante.<\/p>\n\n\n\n<p>\u201cComo representantes populares, reconocemos el valor de este ejercicio de rendici\u00f3n de cuentas, que no s\u00f3lo muestra avances, sino tambi\u00e9n los grandes retos que enfrenta nuestro Estado\u201d, finaliz\u00f3.<\/p>\n","protected":false},"excerpt":{"rendered":"<p>Una vez presentado el Tercer Informe de Gobierno de Esteban Villegas Villarreal, el diputado del<\/p>\n","protected":false},"author":1,"featured_media":13659,"comment_status":"open","ping_status":"open","sticky":false,"template":"","format":"standard","meta":{"om_disable_all_campaigns":false,"_monsterinsights_skip_tracking":false,"_monsterinsights_sitenote_active":false,"_monsterinsights_sitenote_note":"","_monsterinsights_sitenote_category":0,"_jetpack_memberships_contains_paid_content":false,"footnotes":"","jetpack_publicize_message":"","jetpack_publicize_feature_enabled":true,"jetpack_social_post_already_shared":true,"jetpack_social_options":{"image_generator_settings":{"template":"highway","enabled":false},"version":2}},"categories":[1],"tags":[],"class_list":["post-13658","post","type-post","status-publish","format-standard","has-post-thumbnail","hentry","category-archivo"],"jetpack_publicize_connections":[],"aioseo_notices":[],"jetpack_featured_media_url":"https:\/\/samanoticiasdurango.com\/wp-content\/uploads\/WEB.00_00_01_15.Imagen-fija005.jpg","featured_image_urls":{"full":["https:\/\/samanoticiasdurango.com\/wp-content\/uploads\/WEB.00_00_01_15.Imagen-fija005.jpg",1200,675,false],"thumbnail":["https:\/\/samanoticiasdurango.com\/wp-content\/uploads\/WEB.00_00_01_15.Imagen-fija005-150x150.jpg",150,150,true],"medium":["https:\/\/samanoticiasdurango.com\/wp-content\/uploads\/WEB.00_00_01_15.Imagen-fija005-300x169.jpg",300,169,true],"medium_large":["https:\/\/samanoticiasdurango.com\/wp-content\/uploads\/WEB.00_00_01_15.Imagen-fija005-768x432.jpg",640,360,true],"large":["https:\/\/samanoticiasdurango.com\/wp-content\/uploads\/WEB.00_00_01_15.Imagen-fija005-1024x576.jpg",640,360,true],"1536x1536":["https:\/\/samanoticiasdurango.com\/wp-content\/uploads\/WEB.00_00_01_15.Imagen-fija005.jpg",1200,675,false],"2048x2048":["https:\/\/samanoticiasdurango.com\/wp-content\/uploads\/WEB.00_00_01_15.Imagen-fija005.jpg",1200,675,false],"chromenews-featured":["https:\/\/samanoticiasdurango.com\/wp-content\/uploads\/WEB.00_00_01_15.Imagen-fija005-1024x576.jpg",1024,576,true],"chromenews-large":["https:\/\/samanoticiasdurango.com\/wp-content\/uploads\/WEB.00_00_01_15.Imagen-fija005-825x575.jpg",825,575,true],"chromenews-medium":["https:\/\/samanoticiasdurango.com\/wp-content\/uploads\/WEB.00_00_01_15.Imagen-fija005-590x410.jpg",590,410,true]},"author_info":{"display_name":"Redacci\u00f3n","author_link":"https:\/\/samanoticiasdurango.com\/index.php\/author\/jjsama13gmail-com\/"},"category_info":"<a href=\"https:\/\/samanoticiasdurango.com\/index.php\/category\/archivo\/\" rel=\"category tag\">DURANGO<\/a>","tag_info":"DURANGO","comment_count":"0","jetpack_sharing_enabled":true,"_links":{"self":[{"href":"https:\/\/samanoticiasdurango.com\/index.php\/wp-json\/wp\/v2\/posts\/13658","targetHints":{"allow":["GET"]}}],"collection":[{"href":"https:\/\/samanoticiasdurango.com\/index.php\/wp-json\/wp\/v2\/posts"}],"about":[{"href":"https:\/\/samanoticiasdurango.com\/index.php\/wp-json\/wp\/v2\/types\/post"}],"author":[{"embeddable":true,"href":"https:\/\/samanoticiasdurango.com\/index.php\/wp-json\/wp\/v2\/users\/1"}],"replies":[{"embeddable":true,"href":"https:\/\/samanoticiasdurango.com\/index.php\/wp-json\/wp\/v2\/comments?post=13658"}],"version-history":[{"count":1,"href":"https:\/\/samanoticiasdurango.com\/index.php\/wp-json\/wp\/v2\/posts\/13658\/revisions"}],"predecessor-version":[{"id":13660,"href":"https:\/\/samanoticiasdurango.com\/index.php\/wp-json\/wp\/v2\/posts\/13658\/revisions\/13660"}],"wp:featuredmedia":[{"embeddable":true,"href":"https:\/\/samanoticiasdurango.com\/index.php\/wp-json\/wp\/v2\/media\/13659"}],"wp:attachment":[{"href":"https:\/\/samanoticiasdurango.com\/index.php\/wp-json\/wp\/v2\/media?parent=13658"}],"wp:term":[{"taxonomy":"category","embeddable":true,"href":"https:\/\/samanoticiasdurango.com\/index.php\/wp-json\/wp\/v2\/categories?post=13658"},{"taxonomy":"post_tag","embeddable":true,"href":"https:\/\/samanoticiasdurango.com\/index.php\/wp-json\/wp\/v2\/tags?post=13658"}],"curies":[{"name":"wp","href":"https:\/\/api.w.org\/{rel}","templated":true}]}}