{"id":13663,"date":"2025-09-06T16:06:02","date_gmt":"2025-09-06T16:06:02","guid":{"rendered":"https:\/\/samanoticiasdurango.com\/?p=13663"},"modified":"2025-09-06T16:06:04","modified_gmt":"2025-09-06T16:06:04","slug":"detienen-a-sujeto-por-sustraer-material-de-una-empresa-con-documentos-falsos-en-gomez-palacio","status":"publish","type":"post","link":"https:\/\/samanoticiasdurango.com\/index.php\/2025\/09\/06\/detienen-a-sujeto-por-sustraer-material-de-una-empresa-con-documentos-falsos-en-gomez-palacio\/","title":{"rendered":"Detienen a sujeto por sustraer material de una empresa con documentos falsos en G\u00f3mez Palacio"},"content":{"rendered":"\n<p>Se recibe llamada al n\u00famero de emergencias 9-1-1, reportando a un var\u00f3n que sustrajo un cami\u00f3n cargado con material de tarimas y cajas de pl\u00e1stico con documentos falsos de la empresa Pilgrims, en el Ejido Estaci\u00f3n No\u00e9 ubicado en la carretera G\u00f3mez Palacio- Jim\u00e9nez, en el municipio de G\u00f3mez Palacio, Dgo., los elementos de la Polic\u00eda Estatal que recorr\u00edan la zona llegaron r\u00e1pidamente al lugar para contener al presunto ladr\u00f3n.<\/p>\n\n\n\n<p>Se trata de Christian \u201cN\u201d de 35 a\u00f1os de edad con domicilio en la colonia Universidad de la ciudad de Torre\u00f3n, Coah., quien lleg\u00f3 a la empresa Pilgrims en un cami\u00f3n Marca Hino con caja cerrada de carga color blanco, con placas del Estado de Durango, identific\u00e1ndose que pertenece a la empresa Alquenos, la cual fue cargado con 1,485 cajas de pl\u00e1stico de 30 x 6 cms. y 25 tarimas de pl\u00e1stico con medidas de 1.20 x 1.20 metros, que sustrajo con documentos falsos.<\/p>\n\n\n\n<p>A verificar la documentaci\u00f3n detectaron que no eran leg\u00edtimos, el presunto ladr\u00f3n ya iba saliendo de las instalaciones con el cami\u00f3n cargado, los encargados trataron de alcanzarlo para detenerlo pero insist\u00eda en darse a la fuga, fue cuando se hizo el llamado de auxilio al 9-1-1, llegando de inmediato los estatales para detener al presunto ladr\u00f3n.<\/p>\n\n\n\n<p>Fue asegurado el presunto implicado y el cami\u00f3n cargado, para ser puestos a disposici\u00f3n de la Vice Fiscal\u00eda General del Estado, para la responsabilidad que le resulte.<\/p>\n","protected":false},"excerpt":{"rendered":"<p>Se recibe llamada al n\u00famero de emergencias 9-1-1, reportando a un var\u00f3n que sustrajo un<\/p>\n","protected":false},"author":1,"featured_media":13664,"comment_status":"open","ping_status":"open","sticky":false,"template":"","format":"standard","meta":{"om_disable_all_campaigns":false,"_monsterinsights_skip_tracking":false,"_monsterinsights_sitenote_active":false,"_monsterinsights_sitenote_note":"","_monsterinsights_sitenote_category":0,"_jetpack_memberships_contains_paid_content":false,"footnotes":"","jetpack_publicize_message":"","jetpack_publicize_feature_enabled":true,"jetpack_social_post_already_shared":true,"jetpack_social_options":{"image_generator_settings":{"template":"highway","enabled":false},"version":2}},"categories":[1],"tags":[],"class_list":["post-13663","post","type-post","status-publish","format-standard","has-post-thumbnail","hentry","category-archivo"],"jetpack_publicize_connections":[],"aioseo_notices":[],"jetpack_featured_media_url":"https:\/\/samanoticiasdurango.com\/wp-content\/uploads\/WEB.00_00_00_00.Imagen-fija001-5.jpg","featured_image_urls":{"full":["https:\/\/samanoticiasdurango.com\/wp-content\/uploads\/WEB.00_00_00_00.Imagen-fija001-5.jpg",1200,675,false],"thumbnail":["https:\/\/samanoticiasdurango.com\/wp-content\/uploads\/WEB.00_00_00_00.Imagen-fija001-5-150x150.jpg",150,150,true],"medium":["https:\/\/samanoticiasdurango.com\/wp-content\/uploads\/WEB.00_00_00_00.Imagen-fija001-5-300x169.jpg",300,169,true],"medium_large":["https:\/\/samanoticiasdurango.com\/wp-content\/uploads\/WEB.00_00_00_00.Imagen-fija001-5-768x432.jpg",640,360,true],"large":["https:\/\/samanoticiasdurango.com\/wp-content\/uploads\/WEB.00_00_00_00.Imagen-fija001-5-1024x576.jpg",640,360,true],"1536x1536":["https:\/\/samanoticiasdurango.com\/wp-content\/uploads\/WEB.00_00_00_00.Imagen-fija001-5.jpg",1200,675,false],"2048x2048":["https:\/\/samanoticiasdurango.com\/wp-content\/uploads\/WEB.00_00_00_00.Imagen-fija001-5.jpg",1200,675,false],"chromenews-featured":["https:\/\/samanoticiasdurango.com\/wp-content\/uploads\/WEB.00_00_00_00.Imagen-fija001-5-1024x576.jpg",1024,576,true],"chromenews-large":["https:\/\/samanoticiasdurango.com\/wp-content\/uploads\/WEB.00_00_00_00.Imagen-fija001-5-825x575.jpg",825,575,true],"chromenews-medium":["https:\/\/samanoticiasdurango.com\/wp-content\/uploads\/WEB.00_00_00_00.Imagen-fija001-5-590x410.jpg",590,410,true]},"author_info":{"display_name":"Redacci\u00f3n","author_link":"https:\/\/samanoticiasdurango.com\/index.php\/author\/jjsama13gmail-com\/"},"category_info":"<a href=\"https:\/\/samanoticiasdurango.com\/index.php\/category\/archivo\/\" rel=\"category tag\">DURANGO<\/a>","tag_info":"DURANGO","comment_count":"0","jetpack_sharing_enabled":true,"_links":{"self":[{"href":"https:\/\/samanoticiasdurango.com\/index.php\/wp-json\/wp\/v2\/posts\/13663","targetHints":{"allow":["GET"]}}],"collection":[{"href":"https:\/\/samanoticiasdurango.com\/index.php\/wp-json\/wp\/v2\/posts"}],"about":[{"href":"https:\/\/samanoticiasdurango.com\/index.php\/wp-json\/wp\/v2\/types\/post"}],"author":[{"embeddable":true,"href":"https:\/\/samanoticiasdurango.com\/index.php\/wp-json\/wp\/v2\/users\/1"}],"replies":[{"embeddable":true,"href":"https:\/\/samanoticiasdurango.com\/index.php\/wp-json\/wp\/v2\/comments?post=13663"}],"version-history":[{"count":1,"href":"https:\/\/samanoticiasdurango.com\/index.php\/wp-json\/wp\/v2\/posts\/13663\/revisions"}],"predecessor-version":[{"id":13665,"href":"https:\/\/samanoticiasdurango.com\/index.php\/wp-json\/wp\/v2\/posts\/13663\/revisions\/13665"}],"wp:featuredmedia":[{"embeddable":true,"href":"https:\/\/samanoticiasdurango.com\/index.php\/wp-json\/wp\/v2\/media\/13664"}],"wp:attachment":[{"href":"https:\/\/samanoticiasdurango.com\/index.php\/wp-json\/wp\/v2\/media?parent=13663"}],"wp:term":[{"taxonomy":"category","embeddable":true,"href":"https:\/\/samanoticiasdurango.com\/index.php\/wp-json\/wp\/v2\/categories?post=13663"},{"taxonomy":"post_tag","embeddable":true,"href":"https:\/\/samanoticiasdurango.com\/index.php\/wp-json\/wp\/v2\/tags?post=13663"}],"curies":[{"name":"wp","href":"https:\/\/api.w.org\/{rel}","templated":true}]}}