{"id":13669,"date":"2025-09-07T00:50:56","date_gmt":"2025-09-07T00:50:56","guid":{"rendered":"https:\/\/samanoticiasdurango.com\/?p=13669"},"modified":"2025-09-07T00:50:57","modified_gmt":"2025-09-07T00:50:57","slug":"acuerdos-entre-claudia-y-esteban-dan-resultados-para-durango","status":"publish","type":"post","link":"https:\/\/samanoticiasdurango.com\/index.php\/2025\/09\/07\/acuerdos-entre-claudia-y-esteban-dan-resultados-para-durango\/","title":{"rendered":"Acuerdos entre Claudia y Esteban, dan resultados para Durango"},"content":{"rendered":"\n<p class=\"has-pale-cyan-blue-background-color has-background\">Pondera gesti\u00f3n del gobernador del Estado.<\/p>\n\n\n\n<p>\u201cLa buena relaci\u00f3n institucional entre el gobierno del estado y la federaci\u00f3n, se traduce en beneficios concretos para Durango\u201d, afirm\u00f3 presidente de la Junta de Gobierno y Coordinaci\u00f3n Pol\u00edtica, Ernesto Alan\u00eds Herrera al reconocer la capacidad de gesti\u00f3n del mandatario estatal Esteban Villegas Villarreal.<\/p>\n\n\n\n<p>En el evento encabezado por la presidenta de M\u00e9xico, Claudia Sheinbaum Pardo, \u201cLa Transformaci\u00f3n Avanza\u201d, celebr\u00f3 que el gobernador Esteban Villegas Villarreal cuente con el respaldo de la Presidencia de la Rep\u00fablica, lo cual qued\u00f3 demostrado con los anuncios realizados en Durango, entre ellos, la construcci\u00f3n de la presa Tunal II, obra largamente esperada y que pr\u00f3ximamente entrar\u00e1 en proceso de licitaci\u00f3n.<\/p>\n\n\n\n<p>\u201cEstos anuncios reflejan un trabajo coordinado, perseverante y bien dirigido por parte del gobernador, que ha logrado captar la atenci\u00f3n y el apoyo de la Presidencia de la Rep\u00fablica. Es un mensaje claro de que, cuando se dejan de lado los colores y se privilegian las necesidades de la gente, se logran grandes resultados\u201d, expres\u00f3 Alan\u00eds Herrera.<\/p>\n\n\n\n<p>Ante los medios de comunicaci\u00f3n, destac\u00f3 adem\u00e1s los compromisos de la presidenta Claudia Sheinbaum con el sector social y con la ganader\u00eda en Durango, apoyos que fortalecer\u00e1n la econom\u00eda local, generar\u00e1n bienestar en las comunidades y dar\u00e1n certidumbre a los productores del estado.<\/p>\n\n\n\n<p>\u201cLa doctora Claudia Sheinbaum es la presidenta de todos los mexicanos, m\u00e1s all\u00e1 de partidos o ideolog\u00edas. En este momento ella encabeza a la naci\u00f3n, y como representantes populares debemos reconocerlo y trabajar en esa misma ruta por el bien de M\u00e9xico y de Durango\u201d.<\/p>\n\n\n\n<p>Finalmente, Alan\u00eds Herrera reiter\u00f3 que la visita de la presidenta a Durango deja un saldo positivo, en materia de infraestructura, econom\u00eda, salud, bienestar y seguridad, lo que permitir\u00e1 seguir construyendo un estado de instituciones fuertes y con rumbo.<\/p>\n","protected":false},"excerpt":{"rendered":"<p>Pondera gesti\u00f3n del gobernador del Estado. \u201cLa buena relaci\u00f3n institucional entre el gobierno del estado<\/p>\n","protected":false},"author":1,"featured_media":13670,"comment_status":"open","ping_status":"open","sticky":false,"template":"","format":"standard","meta":{"om_disable_all_campaigns":false,"_monsterinsights_skip_tracking":false,"_monsterinsights_sitenote_active":false,"_monsterinsights_sitenote_note":"","_monsterinsights_sitenote_category":0,"_jetpack_memberships_contains_paid_content":false,"footnotes":"","jetpack_publicize_message":"","jetpack_publicize_feature_enabled":true,"jetpack_social_post_already_shared":true,"jetpack_social_options":{"image_generator_settings":{"template":"highway","enabled":false},"version":2}},"categories":[1],"tags":[],"class_list":["post-13669","post","type-post","status-publish","format-standard","has-post-thumbnail","hentry","category-archivo"],"jetpack_publicize_connections":[],"aioseo_notices":[],"jetpack_featured_media_url":"https:\/\/samanoticiasdurango.com\/wp-content\/uploads\/W-E-B.00_00_00_25.Imagen-fija002.jpg","featured_image_urls":{"full":["https:\/\/samanoticiasdurango.com\/wp-content\/uploads\/W-E-B.00_00_00_25.Imagen-fija002.jpg",1200,675,false],"thumbnail":["https:\/\/samanoticiasdurango.com\/wp-content\/uploads\/W-E-B.00_00_00_25.Imagen-fija002-150x150.jpg",150,150,true],"medium":["https:\/\/samanoticiasdurango.com\/wp-content\/uploads\/W-E-B.00_00_00_25.Imagen-fija002-300x169.jpg",300,169,true],"medium_large":["https:\/\/samanoticiasdurango.com\/wp-content\/uploads\/W-E-B.00_00_00_25.Imagen-fija002-768x432.jpg",640,360,true],"large":["https:\/\/samanoticiasdurango.com\/wp-content\/uploads\/W-E-B.00_00_00_25.Imagen-fija002-1024x576.jpg",640,360,true],"1536x1536":["https:\/\/samanoticiasdurango.com\/wp-content\/uploads\/W-E-B.00_00_00_25.Imagen-fija002.jpg",1200,675,false],"2048x2048":["https:\/\/samanoticiasdurango.com\/wp-content\/uploads\/W-E-B.00_00_00_25.Imagen-fija002.jpg",1200,675,false],"chromenews-featured":["https:\/\/samanoticiasdurango.com\/wp-content\/uploads\/W-E-B.00_00_00_25.Imagen-fija002-1024x576.jpg",1024,576,true],"chromenews-large":["https:\/\/samanoticiasdurango.com\/wp-content\/uploads\/W-E-B.00_00_00_25.Imagen-fija002-825x575.jpg",825,575,true],"chromenews-medium":["https:\/\/samanoticiasdurango.com\/wp-content\/uploads\/W-E-B.00_00_00_25.Imagen-fija002-590x410.jpg",590,410,true]},"author_info":{"display_name":"Redacci\u00f3n","author_link":"https:\/\/samanoticiasdurango.com\/index.php\/author\/jjsama13gmail-com\/"},"category_info":"<a href=\"https:\/\/samanoticiasdurango.com\/index.php\/category\/archivo\/\" rel=\"category tag\">DURANGO<\/a>","tag_info":"DURANGO","comment_count":"0","jetpack_sharing_enabled":true,"_links":{"self":[{"href":"https:\/\/samanoticiasdurango.com\/index.php\/wp-json\/wp\/v2\/posts\/13669","targetHints":{"allow":["GET"]}}],"collection":[{"href":"https:\/\/samanoticiasdurango.com\/index.php\/wp-json\/wp\/v2\/posts"}],"about":[{"href":"https:\/\/samanoticiasdurango.com\/index.php\/wp-json\/wp\/v2\/types\/post"}],"author":[{"embeddable":true,"href":"https:\/\/samanoticiasdurango.com\/index.php\/wp-json\/wp\/v2\/users\/1"}],"replies":[{"embeddable":true,"href":"https:\/\/samanoticiasdurango.com\/index.php\/wp-json\/wp\/v2\/comments?post=13669"}],"version-history":[{"count":1,"href":"https:\/\/samanoticiasdurango.com\/index.php\/wp-json\/wp\/v2\/posts\/13669\/revisions"}],"predecessor-version":[{"id":13671,"href":"https:\/\/samanoticiasdurango.com\/index.php\/wp-json\/wp\/v2\/posts\/13669\/revisions\/13671"}],"wp:featuredmedia":[{"embeddable":true,"href":"https:\/\/samanoticiasdurango.com\/index.php\/wp-json\/wp\/v2\/media\/13670"}],"wp:attachment":[{"href":"https:\/\/samanoticiasdurango.com\/index.php\/wp-json\/wp\/v2\/media?parent=13669"}],"wp:term":[{"taxonomy":"category","embeddable":true,"href":"https:\/\/samanoticiasdurango.com\/index.php\/wp-json\/wp\/v2\/categories?post=13669"},{"taxonomy":"post_tag","embeddable":true,"href":"https:\/\/samanoticiasdurango.com\/index.php\/wp-json\/wp\/v2\/tags?post=13669"}],"curies":[{"name":"wp","href":"https:\/\/api.w.org\/{rel}","templated":true}]}}