{"id":13676,"date":"2025-09-07T19:46:43","date_gmt":"2025-09-07T19:46:43","guid":{"rendered":"https:\/\/samanoticiasdurango.com\/?p=13676"},"modified":"2025-09-07T19:46:45","modified_gmt":"2025-09-07T19:46:45","slug":"trabajo-en-equipo-fortalece-imagen-del-congreso-ernesto-alanis","status":"publish","type":"post","link":"https:\/\/samanoticiasdurango.com\/index.php\/2025\/09\/07\/trabajo-en-equipo-fortalece-imagen-del-congreso-ernesto-alanis\/","title":{"rendered":"Trabajo en equipo fortalece imagen del Congreso: Ernesto Alan\u00eds"},"content":{"rendered":"\n<ul class=\"wp-block-list\">\n<li class=\"has-vivid-cyan-blue-color has-text-color has-link-color wp-elements-e9ad052d614c09276104ab000aa40b5f\">Presidente de la JUGOCOPO se re\u00fane con directores y jefes de \u00e1rea.<\/li>\n<\/ul>\n\n\n\n<p>El presidente de la Junta de Gobierno y Coordinaci\u00f3n Pol\u00edtica del Congreso del Estado, Ernesto Alan\u00eds Herrera, sostuvo una reuni\u00f3n con los directores y jefes de \u00e1rea del Poder Legislativo, a quienes convoc\u00f3 a redoblar esfuerzos para continuar fortaleciendo la imagen institucional, con acciones que reflejen transparencia, cercan\u00eda y confianza ante la sociedad duranguense.<\/p>\n\n\n\n<p>En este primer acercamiento, Alan\u00eds Herrera subray\u00f3 la importancia de consolidar un equipo de trabajo eficiente y comprometido, as\u00ed como mantener la buena imagen del Congreso, en la cual los trabajadores administrativos, tanto sindicalizados como de confianza, son pieza fundamental para respaldar el trabajo parlamentario de las y los diputados.<\/p>\n\n\n\n<p>Durante el encuentro, realizado en la Sala Francisco Zarco, reconoci\u00f3 la experiencia y dedicaci\u00f3n del personal en las tareas que realizan diariamente para el buen funcionamiento de esta instituci\u00f3n.<\/p>\n\n\n\n<p>Finalmente, reiter\u00f3 que la colaboraci\u00f3n entre todas las \u00e1reas ser\u00e1 esencial para alcanzar los objetivos trazados en esta nueva etapa de la Junta de Gobierno y Coordinaci\u00f3n Pol\u00edtica.<\/p>\n","protected":false},"excerpt":{"rendered":"<p>El presidente de la Junta de Gobierno y Coordinaci\u00f3n Pol\u00edtica del Congreso del Estado, Ernesto<\/p>\n","protected":false},"author":1,"featured_media":13677,"comment_status":"open","ping_status":"open","sticky":false,"template":"","format":"standard","meta":{"om_disable_all_campaigns":false,"_monsterinsights_skip_tracking":false,"_monsterinsights_sitenote_active":false,"_monsterinsights_sitenote_note":"","_monsterinsights_sitenote_category":0,"_jetpack_memberships_contains_paid_content":false,"footnotes":"","jetpack_publicize_message":"","jetpack_publicize_feature_enabled":true,"jetpack_social_post_already_shared":true,"jetpack_social_options":{"image_generator_settings":{"template":"highway","enabled":false},"version":2}},"categories":[1],"tags":[],"class_list":["post-13676","post","type-post","status-publish","format-standard","has-post-thumbnail","hentry","category-archivo"],"jetpack_publicize_connections":[],"aioseo_notices":[],"jetpack_featured_media_url":"https:\/\/samanoticiasdurango.com\/wp-content\/uploads\/W-E-B.00_00_00_25.Imagen-fija001-1.jpg","featured_image_urls":{"full":["https:\/\/samanoticiasdurango.com\/wp-content\/uploads\/W-E-B.00_00_00_25.Imagen-fija001-1.jpg",1200,675,false],"thumbnail":["https:\/\/samanoticiasdurango.com\/wp-content\/uploads\/W-E-B.00_00_00_25.Imagen-fija001-1-150x150.jpg",150,150,true],"medium":["https:\/\/samanoticiasdurango.com\/wp-content\/uploads\/W-E-B.00_00_00_25.Imagen-fija001-1-300x169.jpg",300,169,true],"medium_large":["https:\/\/samanoticiasdurango.com\/wp-content\/uploads\/W-E-B.00_00_00_25.Imagen-fija001-1-768x432.jpg",640,360,true],"large":["https:\/\/samanoticiasdurango.com\/wp-content\/uploads\/W-E-B.00_00_00_25.Imagen-fija001-1-1024x576.jpg",640,360,true],"1536x1536":["https:\/\/samanoticiasdurango.com\/wp-content\/uploads\/W-E-B.00_00_00_25.Imagen-fija001-1.jpg",1200,675,false],"2048x2048":["https:\/\/samanoticiasdurango.com\/wp-content\/uploads\/W-E-B.00_00_00_25.Imagen-fija001-1.jpg",1200,675,false],"chromenews-featured":["https:\/\/samanoticiasdurango.com\/wp-content\/uploads\/W-E-B.00_00_00_25.Imagen-fija001-1-1024x576.jpg",1024,576,true],"chromenews-large":["https:\/\/samanoticiasdurango.com\/wp-content\/uploads\/W-E-B.00_00_00_25.Imagen-fija001-1-825x575.jpg",825,575,true],"chromenews-medium":["https:\/\/samanoticiasdurango.com\/wp-content\/uploads\/W-E-B.00_00_00_25.Imagen-fija001-1-590x410.jpg",590,410,true]},"author_info":{"display_name":"Redacci\u00f3n","author_link":"https:\/\/samanoticiasdurango.com\/index.php\/author\/jjsama13gmail-com\/"},"category_info":"<a href=\"https:\/\/samanoticiasdurango.com\/index.php\/category\/archivo\/\" rel=\"category tag\">DURANGO<\/a>","tag_info":"DURANGO","comment_count":"0","jetpack_sharing_enabled":true,"_links":{"self":[{"href":"https:\/\/samanoticiasdurango.com\/index.php\/wp-json\/wp\/v2\/posts\/13676","targetHints":{"allow":["GET"]}}],"collection":[{"href":"https:\/\/samanoticiasdurango.com\/index.php\/wp-json\/wp\/v2\/posts"}],"about":[{"href":"https:\/\/samanoticiasdurango.com\/index.php\/wp-json\/wp\/v2\/types\/post"}],"author":[{"embeddable":true,"href":"https:\/\/samanoticiasdurango.com\/index.php\/wp-json\/wp\/v2\/users\/1"}],"replies":[{"embeddable":true,"href":"https:\/\/samanoticiasdurango.com\/index.php\/wp-json\/wp\/v2\/comments?post=13676"}],"version-history":[{"count":1,"href":"https:\/\/samanoticiasdurango.com\/index.php\/wp-json\/wp\/v2\/posts\/13676\/revisions"}],"predecessor-version":[{"id":13678,"href":"https:\/\/samanoticiasdurango.com\/index.php\/wp-json\/wp\/v2\/posts\/13676\/revisions\/13678"}],"wp:featuredmedia":[{"embeddable":true,"href":"https:\/\/samanoticiasdurango.com\/index.php\/wp-json\/wp\/v2\/media\/13677"}],"wp:attachment":[{"href":"https:\/\/samanoticiasdurango.com\/index.php\/wp-json\/wp\/v2\/media?parent=13676"}],"wp:term":[{"taxonomy":"category","embeddable":true,"href":"https:\/\/samanoticiasdurango.com\/index.php\/wp-json\/wp\/v2\/categories?post=13676"},{"taxonomy":"post_tag","embeddable":true,"href":"https:\/\/samanoticiasdurango.com\/index.php\/wp-json\/wp\/v2\/tags?post=13676"}],"curies":[{"name":"wp","href":"https:\/\/api.w.org\/{rel}","templated":true}]}}