{"id":13689,"date":"2025-09-08T20:08:07","date_gmt":"2025-09-08T20:08:07","guid":{"rendered":"https:\/\/samanoticiasdurango.com\/?p=13689"},"modified":"2025-09-08T20:08:09","modified_gmt":"2025-09-08T20:08:09","slug":"impulsa-osbaldo-santillan-agenda-verde-y-de-justicia-social","status":"publish","type":"post","link":"https:\/\/samanoticiasdurango.com\/index.php\/2025\/09\/08\/impulsa-osbaldo-santillan-agenda-verde-y-de-justicia-social\/","title":{"rendered":"Impulsa Osbaldo Santill\u00e1n agenda verde y de justicia social"},"content":{"rendered":"\n<ul class=\"wp-block-list\">\n<li>Reitera su compromiso de trabajar de la mano de la gente y por un Durango m\u00e1s sustentable<\/li>\n<\/ul>\n\n\n\n<p>\u201cEl cuidado del medio ambiente, la justicia social y el desarrollo econ\u00f3mico sustentable no pueden ser temas secundarios; deben ser el eje rector de toda decisi\u00f3n legislativa que se tome en esta C\u00e1mara\u201d, afirm\u00f3 el diputado Osbaldo Santill\u00e1n G\u00f3mez al iniciar el Primer Periodo Ordinario de Sesiones del Segundo A\u00f1o de Ejercicio Constitucional.<\/p>\n\n\n\n<p>El legislador del Partido Verde Ecologista de M\u00e9xico enfatiz\u00f3 que Durango, un estado privilegiado por su riqueza natural y biodiversidad, enfrenta retos urgentes como la seguridad h\u00eddrica, la gesti\u00f3n integral de residuos, la deforestaci\u00f3n y los efectos del cambio clim\u00e1tico.<\/p>\n\n\n\n<p>Por ello, anunci\u00f3 que impulsar\u00e1 reformas para la protecci\u00f3n efectiva de las \u00c1reas Naturales Protegidas, programas de transici\u00f3n energ\u00e9tica y fomento al uso de energ\u00edas limpias; adem\u00e1s de una legislaci\u00f3n que promueva la econom\u00eda circular y el reciclaje con enfoque local. Tambi\u00e9n destac\u00f3 la importancia de pol\u00edticas de educaci\u00f3n ambiental integral para ni\u00f1as, ni\u00f1os y j\u00f3venes, as\u00ed como del fortalecimiento del campo sustentable.<\/p>\n\n\n\n<p>\u201cHoy rendimos un reconocimiento a nuestros productores, pero tambi\u00e9n exigimos para ellos pol\u00edticas p\u00fablicas eficaces. No podemos permitir que su trabajo, que es el sustento de miles de familias, se vea marginado por la falta de apoyos directos, el aumento de costos o la incertidumbre clim\u00e1tica\u201d, se\u00f1al\u00f3.<\/p>\n\n\n\n<p>En este sentido, hizo un llamado al Pleno del Congreso para impulsar iniciativas que garanticen precios justos, apoyos oportunos y acceso a tecnolog\u00eda sustentable para los productores de granos b\u00e1sicos como el frijol y el ma\u00edz, s\u00edmbolos de nuestra identidad.<\/p>\n\n\n\n<p>De igual manera, subray\u00f3 la imperante necesidad de redoblar esfuerzos para garantizar justicia social, con especial atenci\u00f3n a las comunidades ind\u00edgenas hist\u00f3ricamente relegadas.<\/p>\n\n\n\n<p>\u201cMerecen acceso pleno a servicios b\u00e1sicos, oportunidades de desarrollo, educaci\u00f3n biling\u00fce y proyectos productivos que respeten su identidad y su entorno natural\u201d, puntualiz\u00f3.<\/p>\n\n\n\n<p>Finalmente, el diputado del Verde reiter\u00f3 su compromiso de trabajar, de la mano con la ciudadan\u00eda, por un Durango m\u00e1s verde, m\u00e1s justo, m\u00e1s productivo y sustentable para las generaciones presentes y futuras.<\/p>\n","protected":false},"excerpt":{"rendered":"<p>\u201cEl cuidado del medio ambiente, la justicia social y el desarrollo econ\u00f3mico sustentable no pueden<\/p>\n","protected":false},"author":1,"featured_media":13690,"comment_status":"open","ping_status":"open","sticky":false,"template":"","format":"standard","meta":{"om_disable_all_campaigns":false,"_monsterinsights_skip_tracking":false,"_monsterinsights_sitenote_active":false,"_monsterinsights_sitenote_note":"","_monsterinsights_sitenote_category":0,"_jetpack_memberships_contains_paid_content":false,"footnotes":"","jetpack_publicize_message":"","jetpack_publicize_feature_enabled":true,"jetpack_social_post_already_shared":true,"jetpack_social_options":{"image_generator_settings":{"template":"highway","enabled":false},"version":2}},"categories":[1],"tags":[],"class_list":["post-13689","post","type-post","status-publish","format-standard","has-post-thumbnail","hentry","category-archivo"],"jetpack_publicize_connections":[],"aioseo_notices":[],"jetpack_featured_media_url":"https:\/\/samanoticiasdurango.com\/wp-content\/uploads\/W-E-B.00_00_00_25.Imagen-fija005.jpg","featured_image_urls":{"full":["https:\/\/samanoticiasdurango.com\/wp-content\/uploads\/W-E-B.00_00_00_25.Imagen-fija005.jpg",1200,675,false],"thumbnail":["https:\/\/samanoticiasdurango.com\/wp-content\/uploads\/W-E-B.00_00_00_25.Imagen-fija005-150x150.jpg",150,150,true],"medium":["https:\/\/samanoticiasdurango.com\/wp-content\/uploads\/W-E-B.00_00_00_25.Imagen-fija005-300x169.jpg",300,169,true],"medium_large":["https:\/\/samanoticiasdurango.com\/wp-content\/uploads\/W-E-B.00_00_00_25.Imagen-fija005-768x432.jpg",640,360,true],"large":["https:\/\/samanoticiasdurango.com\/wp-content\/uploads\/W-E-B.00_00_00_25.Imagen-fija005-1024x576.jpg",640,360,true],"1536x1536":["https:\/\/samanoticiasdurango.com\/wp-content\/uploads\/W-E-B.00_00_00_25.Imagen-fija005.jpg",1200,675,false],"2048x2048":["https:\/\/samanoticiasdurango.com\/wp-content\/uploads\/W-E-B.00_00_00_25.Imagen-fija005.jpg",1200,675,false],"chromenews-featured":["https:\/\/samanoticiasdurango.com\/wp-content\/uploads\/W-E-B.00_00_00_25.Imagen-fija005-1024x576.jpg",1024,576,true],"chromenews-large":["https:\/\/samanoticiasdurango.com\/wp-content\/uploads\/W-E-B.00_00_00_25.Imagen-fija005-825x575.jpg",825,575,true],"chromenews-medium":["https:\/\/samanoticiasdurango.com\/wp-content\/uploads\/W-E-B.00_00_00_25.Imagen-fija005-590x410.jpg",590,410,true]},"author_info":{"display_name":"Redacci\u00f3n","author_link":"https:\/\/samanoticiasdurango.com\/index.php\/author\/jjsama13gmail-com\/"},"category_info":"<a href=\"https:\/\/samanoticiasdurango.com\/index.php\/category\/archivo\/\" rel=\"category tag\">DURANGO<\/a>","tag_info":"DURANGO","comment_count":"0","jetpack_sharing_enabled":true,"_links":{"self":[{"href":"https:\/\/samanoticiasdurango.com\/index.php\/wp-json\/wp\/v2\/posts\/13689","targetHints":{"allow":["GET"]}}],"collection":[{"href":"https:\/\/samanoticiasdurango.com\/index.php\/wp-json\/wp\/v2\/posts"}],"about":[{"href":"https:\/\/samanoticiasdurango.com\/index.php\/wp-json\/wp\/v2\/types\/post"}],"author":[{"embeddable":true,"href":"https:\/\/samanoticiasdurango.com\/index.php\/wp-json\/wp\/v2\/users\/1"}],"replies":[{"embeddable":true,"href":"https:\/\/samanoticiasdurango.com\/index.php\/wp-json\/wp\/v2\/comments?post=13689"}],"version-history":[{"count":1,"href":"https:\/\/samanoticiasdurango.com\/index.php\/wp-json\/wp\/v2\/posts\/13689\/revisions"}],"predecessor-version":[{"id":13691,"href":"https:\/\/samanoticiasdurango.com\/index.php\/wp-json\/wp\/v2\/posts\/13689\/revisions\/13691"}],"wp:featuredmedia":[{"embeddable":true,"href":"https:\/\/samanoticiasdurango.com\/index.php\/wp-json\/wp\/v2\/media\/13690"}],"wp:attachment":[{"href":"https:\/\/samanoticiasdurango.com\/index.php\/wp-json\/wp\/v2\/media?parent=13689"}],"wp:term":[{"taxonomy":"category","embeddable":true,"href":"https:\/\/samanoticiasdurango.com\/index.php\/wp-json\/wp\/v2\/categories?post=13689"},{"taxonomy":"post_tag","embeddable":true,"href":"https:\/\/samanoticiasdurango.com\/index.php\/wp-json\/wp\/v2\/tags?post=13689"}],"curies":[{"name":"wp","href":"https:\/\/api.w.org\/{rel}","templated":true}]}}