{"id":13706,"date":"2025-09-10T02:09:35","date_gmt":"2025-09-10T02:09:35","guid":{"rendered":"https:\/\/samanoticiasdurango.com\/?p=13706"},"modified":"2025-09-10T02:09:36","modified_gmt":"2025-09-10T02:09:36","slug":"coinciden-en-unidad-y-trabajo-por-durango","status":"publish","type":"post","link":"https:\/\/samanoticiasdurango.com\/index.php\/2025\/09\/10\/coinciden-en-unidad-y-trabajo-por-durango\/","title":{"rendered":"Coinciden en unidad y trabajo por Durango"},"content":{"rendered":"\n<p class=\"has-pale-cyan-blue-background-color has-background\">El inter\u00e9s superior de Durango estar\u00e1 siempre por encima de los colores: Ernesto Alan\u00eds, presidente de la Jugocopo<\/p>\n\n\n\n<ul class=\"wp-block-list\">\n<li>Es positivo avanzar en una agenda conjunta: diputados del PRI, PAN, Morena, PVEM y MC<\/li>\n<\/ul>\n\n\n\n<p>En un ejercicio de unidad, di\u00e1logo abierto y compromiso con la ciudadan\u00eda, los integrantes de la Junta de Gobierno y Coordinaci\u00f3n Pol\u00edtica (Jugocopo) del Congreso del Estado, a nombre de la legislatura refrendaron su compromiso de trabajar en equipo, construir acuerdos y entregar resultados tangibles, colocando siempre la voz de la sociedad en el centro de cada decisi\u00f3n.<\/p>\n\n\n\n<p>\u201cEste ser\u00e1 el a\u00f1o de resultados concretos. El inter\u00e9s superior de Durango estar\u00e1 siempre por encima de los colores y de las siglas, por lo que se construir\u00e1 una metodolog\u00eda que permita encontrar agendas comunes en beneficio de la ciudadan\u00eda\u201d, afirm\u00f3 el presidente del organismo interno del Poder Legislativo, Ernesto Alan\u00eds Herrera en rueda de prensa donde estuvieron presentes cada uno de los coordinadores parlamentarios.<\/p>\n\n\n\n<p>Ante los medios de comunicaci\u00f3n, Alan\u00eds Herrera renov\u00f3 el compromiso de promover consensos para impulsar el Plan de Desarrollo Institucional y una Agenda Legislativa com\u00fan, orientada a elevar la productividad parlamentaria, dar rumbo a la C\u00e1mara local y avanzar en la reducci\u00f3n del rezago legislativo. \u201cCuando se pone al ciudadano en el centro no hay espacio para discusiones est\u00e9riles\u2026 lo que nos une es Durango\u201d, recalc\u00f3.<\/p>\n\n\n\n<p>El coordinador del Grupo Parlamentario de Morena, H\u00e9ctor Herrera, reconoci\u00f3 la convocatoria hecha por Ernesto Alan\u00eds y celebr\u00f3 la apertura hacia todas las fuerzas pol\u00edticas. \u201cEs positivo avanzar en una agenda conjunta, reducir el rezago y trabajar en condiciones de unidad; necesitamos que todos los partidos caminemos en la misma direcci\u00f3n\u201d, expres\u00f3.<\/p>\n\n\n\n<p>Por su parte, el coordinador del Grupo Parlamentario del PAN, Alejandro Mojica, destac\u00f3 que el Congreso de Durango hoy env\u00eda un mensaje claro de trabajo conjunto. \u201cEstamos construyendo una agenda legislativa com\u00fan, con una din\u00e1mica de di\u00e1logo que incluye a los distintos sectores de la sociedad. Los consensos se logran escuchando primero a los ciudadanos y despu\u00e9s proponiendo; el reto es atender temas como el acoso escolar y la prevenci\u00f3n del suicidio\u201d, puntualiz\u00f3.<\/p>\n\n\n\n<p>A su vez, el representante del Partido Verde Ecologista de M\u00e9xico, Osbaldo Santill\u00e1n, felicit\u00f3 al presidente de la Jugocopo por encabezar un trabajo de inclusi\u00f3n. \u201cEste segundo periodo ser\u00e1 para trabajar en equipo los 25 diputados, porque solo as\u00ed vamos a conseguir un mejor futuro para Durango. Estamos aqu\u00ed para debatir y construir en beneficio de los 39 municipios\u201d, sostuvo.<\/p>\n\n\n\n<p>En su intervenci\u00f3n, el diputado de Movimiento Ciudadano, Mart\u00edn Vivanco, celebr\u00f3 la conducci\u00f3n de la nueva presidencia de la Jugocopo y refrend\u00f3 el compromiso de su bancada con el di\u00e1logo y el consenso. \u201cLa agenda conjunta permitir\u00e1 priorizar el trabajo legislativo, donde no solo se aprueben leyes, sino que se traduzcan en eficacia y beneficios reales para la sociedad\u201d, asegur\u00f3.<\/p>\n","protected":false},"excerpt":{"rendered":"<p>El inter\u00e9s superior de Durango estar\u00e1 siempre por encima de los colores: Ernesto Alan\u00eds, presidente<\/p>\n","protected":false},"author":1,"featured_media":13707,"comment_status":"open","ping_status":"open","sticky":false,"template":"","format":"standard","meta":{"om_disable_all_campaigns":false,"_monsterinsights_skip_tracking":false,"_monsterinsights_sitenote_active":false,"_monsterinsights_sitenote_note":"","_monsterinsights_sitenote_category":0,"_jetpack_memberships_contains_paid_content":false,"footnotes":"","jetpack_publicize_message":"","jetpack_publicize_feature_enabled":true,"jetpack_social_post_already_shared":true,"jetpack_social_options":{"image_generator_settings":{"template":"highway","enabled":false},"version":2}},"categories":[1],"tags":[],"class_list":["post-13706","post","type-post","status-publish","format-standard","has-post-thumbnail","hentry","category-archivo"],"jetpack_publicize_connections":[],"aioseo_notices":[],"jetpack_featured_media_url":"https:\/\/samanoticiasdurango.com\/wp-content\/uploads\/W-E-B.00_00_00_25.Imagen-fija004.jpg","featured_image_urls":{"full":["https:\/\/samanoticiasdurango.com\/wp-content\/uploads\/W-E-B.00_00_00_25.Imagen-fija004.jpg",1200,675,false],"thumbnail":["https:\/\/samanoticiasdurango.com\/wp-content\/uploads\/W-E-B.00_00_00_25.Imagen-fija004-150x150.jpg",150,150,true],"medium":["https:\/\/samanoticiasdurango.com\/wp-content\/uploads\/W-E-B.00_00_00_25.Imagen-fija004-300x169.jpg",300,169,true],"medium_large":["https:\/\/samanoticiasdurango.com\/wp-content\/uploads\/W-E-B.00_00_00_25.Imagen-fija004-768x432.jpg",640,360,true],"large":["https:\/\/samanoticiasdurango.com\/wp-content\/uploads\/W-E-B.00_00_00_25.Imagen-fija004-1024x576.jpg",640,360,true],"1536x1536":["https:\/\/samanoticiasdurango.com\/wp-content\/uploads\/W-E-B.00_00_00_25.Imagen-fija004.jpg",1200,675,false],"2048x2048":["https:\/\/samanoticiasdurango.com\/wp-content\/uploads\/W-E-B.00_00_00_25.Imagen-fija004.jpg",1200,675,false],"chromenews-featured":["https:\/\/samanoticiasdurango.com\/wp-content\/uploads\/W-E-B.00_00_00_25.Imagen-fija004-1024x576.jpg",1024,576,true],"chromenews-large":["https:\/\/samanoticiasdurango.com\/wp-content\/uploads\/W-E-B.00_00_00_25.Imagen-fija004-825x575.jpg",825,575,true],"chromenews-medium":["https:\/\/samanoticiasdurango.com\/wp-content\/uploads\/W-E-B.00_00_00_25.Imagen-fija004-590x410.jpg",590,410,true]},"author_info":{"display_name":"Redacci\u00f3n","author_link":"https:\/\/samanoticiasdurango.com\/index.php\/author\/jjsama13gmail-com\/"},"category_info":"<a href=\"https:\/\/samanoticiasdurango.com\/index.php\/category\/archivo\/\" rel=\"category tag\">DURANGO<\/a>","tag_info":"DURANGO","comment_count":"0","jetpack_sharing_enabled":true,"_links":{"self":[{"href":"https:\/\/samanoticiasdurango.com\/index.php\/wp-json\/wp\/v2\/posts\/13706","targetHints":{"allow":["GET"]}}],"collection":[{"href":"https:\/\/samanoticiasdurango.com\/index.php\/wp-json\/wp\/v2\/posts"}],"about":[{"href":"https:\/\/samanoticiasdurango.com\/index.php\/wp-json\/wp\/v2\/types\/post"}],"author":[{"embeddable":true,"href":"https:\/\/samanoticiasdurango.com\/index.php\/wp-json\/wp\/v2\/users\/1"}],"replies":[{"embeddable":true,"href":"https:\/\/samanoticiasdurango.com\/index.php\/wp-json\/wp\/v2\/comments?post=13706"}],"version-history":[{"count":1,"href":"https:\/\/samanoticiasdurango.com\/index.php\/wp-json\/wp\/v2\/posts\/13706\/revisions"}],"predecessor-version":[{"id":13708,"href":"https:\/\/samanoticiasdurango.com\/index.php\/wp-json\/wp\/v2\/posts\/13706\/revisions\/13708"}],"wp:featuredmedia":[{"embeddable":true,"href":"https:\/\/samanoticiasdurango.com\/index.php\/wp-json\/wp\/v2\/media\/13707"}],"wp:attachment":[{"href":"https:\/\/samanoticiasdurango.com\/index.php\/wp-json\/wp\/v2\/media?parent=13706"}],"wp:term":[{"taxonomy":"category","embeddable":true,"href":"https:\/\/samanoticiasdurango.com\/index.php\/wp-json\/wp\/v2\/categories?post=13706"},{"taxonomy":"post_tag","embeddable":true,"href":"https:\/\/samanoticiasdurango.com\/index.php\/wp-json\/wp\/v2\/tags?post=13706"}],"curies":[{"name":"wp","href":"https:\/\/api.w.org\/{rel}","templated":true}]}}