{"id":13712,"date":"2025-09-10T02:28:11","date_gmt":"2025-09-10T02:28:11","guid":{"rendered":"https:\/\/samanoticiasdurango.com\/?p=13712"},"modified":"2025-09-10T02:28:12","modified_gmt":"2025-09-10T02:28:12","slug":"alcaldes-respaldan-proyectos-regionales-de-villegas","status":"publish","type":"post","link":"https:\/\/samanoticiasdurango.com\/index.php\/2025\/09\/10\/alcaldes-respaldan-proyectos-regionales-de-villegas\/","title":{"rendered":"Alcaldes respaldan proyectos regionales de Villegas"},"content":{"rendered":"\n<p class=\"has-cyan-bluish-gray-background-color has-background\">Coinciden en que las obras y acciones impulsadas por el Gobierno del Estado transforman comunidades y mejoran la vida de las familias.<\/p>\n\n\n\n<p>Presidentas y presidentes municipales de Durango reconocieron que, bajo la visi\u00f3n del gobernador Esteban Villegas Villarreal, los proyectos y obras impulsados desde el Gobierno del Estado est\u00e1n llegando a todas las regiones y transformando la vida de las comunidades. Coincidieron en que, gracias al trabajo en equipo y la suma de esfuerzos, hoy se alcanzan resultados concretos que fortalecen el desarrollo y brindan beneficios directos a las familias duranguenses.<\/p>\n\n\n\n<p>En este sentido, el presente municipal capitalino, To\u00f1o Ochoa Rodr\u00edguez, reafirm\u00f3 que Durango vive una etapa hist\u00f3rica con Esteban Villegas. \u201cAqu\u00ed con una vista maravillosa y un logro m\u00e1s grande en los \u00faltimos 50 a\u00f1os de una obra de infraestructura que va a traer no solo agua, tambi\u00e9n empleo para las familias de Durango\u201d, expres\u00f3 al reiterar su compromiso de mantener el trabajo en equipo.<\/p>\n\n\n\n<p>De igual forma, Betzab\u00e9 Mart\u00ednez, presidenta municipal de G\u00f3mez Palacio, destac\u00f3 que las grandes obras y acciones reflejan el compromiso de un gobierno cercano. Reconoci\u00f3 el trabajo del DIF Estatal, la coordinaci\u00f3n con el Gobierno Federal y la inversi\u00f3n sin precedentes que ha llegado a la regi\u00f3n. \u201cG\u00f3mez Palacio es una regi\u00f3n industrial y hemos sido grandes beneficiarios de esta atracci\u00f3n de inversiones, estoy segura de que seguir\u00e1 siendo as\u00ed\u201d.<\/p>\n\n\n\n<p>Por su parte, Susy Torrecillas, presidenta municipal de Lerdo, felicit\u00f3 al Gobernador por los logros alcanzados en este tiempo. \u201cHa llegado una inversi\u00f3n hist\u00f3rica porque \u00e9l, desde el d\u00eda uno, ha promovido al estado, su riqueza econ\u00f3mica, cultural y de infraestructura, para que las inversiones se consoliden y se generen los empleos que la gente necesita. Eso es lo que debe hacer un gobernador: darnos paz, seguridad y condiciones de crecimiento\u201d, puntualiz\u00f3.<\/p>\n","protected":false},"excerpt":{"rendered":"<p>Coinciden en que las obras y acciones impulsadas por el Gobierno del Estado transforman comunidades<\/p>\n","protected":false},"author":1,"featured_media":13713,"comment_status":"open","ping_status":"open","sticky":false,"template":"","format":"standard","meta":{"om_disable_all_campaigns":false,"_monsterinsights_skip_tracking":false,"_monsterinsights_sitenote_active":false,"_monsterinsights_sitenote_note":"","_monsterinsights_sitenote_category":0,"_jetpack_memberships_contains_paid_content":false,"footnotes":"","jetpack_publicize_message":"","jetpack_publicize_feature_enabled":true,"jetpack_social_post_already_shared":true,"jetpack_social_options":{"image_generator_settings":{"template":"highway","enabled":false},"version":2}},"categories":[1],"tags":[],"class_list":["post-13712","post","type-post","status-publish","format-standard","has-post-thumbnail","hentry","category-archivo"],"jetpack_publicize_connections":[],"aioseo_notices":[],"jetpack_featured_media_url":"https:\/\/samanoticiasdurango.com\/wp-content\/uploads\/W-E-B.00_00_00_25.Imagen-fija006.jpg","featured_image_urls":{"full":["https:\/\/samanoticiasdurango.com\/wp-content\/uploads\/W-E-B.00_00_00_25.Imagen-fija006.jpg",1200,675,false],"thumbnail":["https:\/\/samanoticiasdurango.com\/wp-content\/uploads\/W-E-B.00_00_00_25.Imagen-fija006-150x150.jpg",150,150,true],"medium":["https:\/\/samanoticiasdurango.com\/wp-content\/uploads\/W-E-B.00_00_00_25.Imagen-fija006-300x169.jpg",300,169,true],"medium_large":["https:\/\/samanoticiasdurango.com\/wp-content\/uploads\/W-E-B.00_00_00_25.Imagen-fija006-768x432.jpg",640,360,true],"large":["https:\/\/samanoticiasdurango.com\/wp-content\/uploads\/W-E-B.00_00_00_25.Imagen-fija006-1024x576.jpg",640,360,true],"1536x1536":["https:\/\/samanoticiasdurango.com\/wp-content\/uploads\/W-E-B.00_00_00_25.Imagen-fija006.jpg",1200,675,false],"2048x2048":["https:\/\/samanoticiasdurango.com\/wp-content\/uploads\/W-E-B.00_00_00_25.Imagen-fija006.jpg",1200,675,false],"chromenews-featured":["https:\/\/samanoticiasdurango.com\/wp-content\/uploads\/W-E-B.00_00_00_25.Imagen-fija006-1024x576.jpg",1024,576,true],"chromenews-large":["https:\/\/samanoticiasdurango.com\/wp-content\/uploads\/W-E-B.00_00_00_25.Imagen-fija006-825x575.jpg",825,575,true],"chromenews-medium":["https:\/\/samanoticiasdurango.com\/wp-content\/uploads\/W-E-B.00_00_00_25.Imagen-fija006-590x410.jpg",590,410,true]},"author_info":{"display_name":"Redacci\u00f3n","author_link":"https:\/\/samanoticiasdurango.com\/index.php\/author\/jjsama13gmail-com\/"},"category_info":"<a href=\"https:\/\/samanoticiasdurango.com\/index.php\/category\/archivo\/\" rel=\"category tag\">DURANGO<\/a>","tag_info":"DURANGO","comment_count":"0","jetpack_sharing_enabled":true,"_links":{"self":[{"href":"https:\/\/samanoticiasdurango.com\/index.php\/wp-json\/wp\/v2\/posts\/13712","targetHints":{"allow":["GET"]}}],"collection":[{"href":"https:\/\/samanoticiasdurango.com\/index.php\/wp-json\/wp\/v2\/posts"}],"about":[{"href":"https:\/\/samanoticiasdurango.com\/index.php\/wp-json\/wp\/v2\/types\/post"}],"author":[{"embeddable":true,"href":"https:\/\/samanoticiasdurango.com\/index.php\/wp-json\/wp\/v2\/users\/1"}],"replies":[{"embeddable":true,"href":"https:\/\/samanoticiasdurango.com\/index.php\/wp-json\/wp\/v2\/comments?post=13712"}],"version-history":[{"count":1,"href":"https:\/\/samanoticiasdurango.com\/index.php\/wp-json\/wp\/v2\/posts\/13712\/revisions"}],"predecessor-version":[{"id":13714,"href":"https:\/\/samanoticiasdurango.com\/index.php\/wp-json\/wp\/v2\/posts\/13712\/revisions\/13714"}],"wp:featuredmedia":[{"embeddable":true,"href":"https:\/\/samanoticiasdurango.com\/index.php\/wp-json\/wp\/v2\/media\/13713"}],"wp:attachment":[{"href":"https:\/\/samanoticiasdurango.com\/index.php\/wp-json\/wp\/v2\/media?parent=13712"}],"wp:term":[{"taxonomy":"category","embeddable":true,"href":"https:\/\/samanoticiasdurango.com\/index.php\/wp-json\/wp\/v2\/categories?post=13712"},{"taxonomy":"post_tag","embeddable":true,"href":"https:\/\/samanoticiasdurango.com\/index.php\/wp-json\/wp\/v2\/tags?post=13712"}],"curies":[{"name":"wp","href":"https:\/\/api.w.org\/{rel}","templated":true}]}}