{"id":13733,"date":"2025-09-13T03:40:57","date_gmt":"2025-09-13T03:40:57","guid":{"rendered":"https:\/\/samanoticiasdurango.com\/?p=13733"},"modified":"2025-09-13T03:40:58","modified_gmt":"2025-09-13T03:40:58","slug":"malena-gonzalez-asume-direccion-del-dif","status":"publish","type":"post","link":"https:\/\/samanoticiasdurango.com\/index.php\/2025\/09\/13\/malena-gonzalez-asume-direccion-del-dif\/","title":{"rendered":"Malena Gonz\u00e1lez asume direcci\u00f3n del DIF."},"content":{"rendered":"\n<p class=\"has-pale-cyan-blue-background-color has-background\">Promover\u00e1 bienestar, inclusi\u00f3n y desarrollo integral para ni\u00f1as, ni\u00f1os, adolescentes y personas mayores al frente del DIF Municipal.<\/p>\n\n\n\n<p>El desarrollo integral es uno de los pilares del Gobierno Municipal que encabeza To\u00f1o Ochoa. Para fortalecer el cuidado de ni\u00f1as, ni\u00f1os, adolescentes y de toda la gran familia duranguense, Malena Gonz\u00e1lez asumi\u00f3 la direcci\u00f3n del DIF Municipal, organismo clave en las pol\u00edticas p\u00fablicas que impulsan el bienestar, la inclusi\u00f3n y las oportunidades para todas y todos.<\/p>\n\n\n\n<p>To\u00f1o Ochoa, acompa\u00f1ado por Bonifacio Herrera, secretario del Ayuntamiento, tom\u00f3 protesta a la nueva Junta de Gobierno del DIF Municipal, integrada por Obed Jim\u00e9nez, director de Finanzas; Juan Esteban Aguilar, titular de Salud P\u00fablica; Norma Miramontes, de Desarrollo Urbano; Giovanni Rosso, director del INDEHVAL; Obiel Ar\u00e1mbula, del IMEPLAN, e Ivette Esparza, contralora municipal. Todas y todos respaldaron la propuesta de Malena Gonz\u00e1lez para dirigir el DIF.<\/p>\n\n\n\n<p>\u201cEl DIF es el coraz\u00f3n del gobierno. En esta segunda temporada vamos a fortalecer los comedores comunitarios y dar m\u00e1s Apapacho a la gran familia\u201d, expres\u00f3 Malena Gonz\u00e1lez, al agradecer la confianza y reafirmar su compromiso de no dejar solo a ning\u00fan duranguense.<\/p>\n\n\n\n<p>Con esta nueva etapa en el DIF Municipal, el Gobierno de Durango reafirma su vocaci\u00f3n de cercan\u00eda, fortaleciendo programas de apoyo y desarrollo integral para que cada familia viva con m\u00e1s respaldo, empat\u00eda y acompa\u00f1amiento. Porque un duranguense nunca deja solo a otro duranguense.<\/p>\n","protected":false},"excerpt":{"rendered":"<p>Promover\u00e1 bienestar, inclusi\u00f3n y desarrollo integral para ni\u00f1as, ni\u00f1os, adolescentes y personas mayores al frente<\/p>\n","protected":false},"author":1,"featured_media":13734,"comment_status":"open","ping_status":"open","sticky":false,"template":"","format":"standard","meta":{"om_disable_all_campaigns":false,"_monsterinsights_skip_tracking":false,"_monsterinsights_sitenote_active":false,"_monsterinsights_sitenote_note":"","_monsterinsights_sitenote_category":0,"_jetpack_memberships_contains_paid_content":false,"footnotes":"","jetpack_publicize_message":"","jetpack_publicize_feature_enabled":true,"jetpack_social_post_already_shared":true,"jetpack_social_options":{"image_generator_settings":{"template":"highway","enabled":false},"version":2}},"categories":[1],"tags":[],"class_list":["post-13733","post","type-post","status-publish","format-standard","has-post-thumbnail","hentry","category-archivo"],"jetpack_publicize_connections":[],"aioseo_notices":[],"jetpack_featured_media_url":"https:\/\/samanoticiasdurango.com\/wp-content\/uploads\/W-E-B.00_00_02_14.Imagen-fija005.jpg","featured_image_urls":{"full":["https:\/\/samanoticiasdurango.com\/wp-content\/uploads\/W-E-B.00_00_02_14.Imagen-fija005.jpg",1200,675,false],"thumbnail":["https:\/\/samanoticiasdurango.com\/wp-content\/uploads\/W-E-B.00_00_02_14.Imagen-fija005-150x150.jpg",150,150,true],"medium":["https:\/\/samanoticiasdurango.com\/wp-content\/uploads\/W-E-B.00_00_02_14.Imagen-fija005-300x169.jpg",300,169,true],"medium_large":["https:\/\/samanoticiasdurango.com\/wp-content\/uploads\/W-E-B.00_00_02_14.Imagen-fija005-768x432.jpg",640,360,true],"large":["https:\/\/samanoticiasdurango.com\/wp-content\/uploads\/W-E-B.00_00_02_14.Imagen-fija005-1024x576.jpg",640,360,true],"1536x1536":["https:\/\/samanoticiasdurango.com\/wp-content\/uploads\/W-E-B.00_00_02_14.Imagen-fija005.jpg",1200,675,false],"2048x2048":["https:\/\/samanoticiasdurango.com\/wp-content\/uploads\/W-E-B.00_00_02_14.Imagen-fija005.jpg",1200,675,false],"chromenews-featured":["https:\/\/samanoticiasdurango.com\/wp-content\/uploads\/W-E-B.00_00_02_14.Imagen-fija005-1024x576.jpg",1024,576,true],"chromenews-large":["https:\/\/samanoticiasdurango.com\/wp-content\/uploads\/W-E-B.00_00_02_14.Imagen-fija005-825x575.jpg",825,575,true],"chromenews-medium":["https:\/\/samanoticiasdurango.com\/wp-content\/uploads\/W-E-B.00_00_02_14.Imagen-fija005-590x410.jpg",590,410,true]},"author_info":{"display_name":"Redacci\u00f3n","author_link":"https:\/\/samanoticiasdurango.com\/index.php\/author\/jjsama13gmail-com\/"},"category_info":"<a href=\"https:\/\/samanoticiasdurango.com\/index.php\/category\/archivo\/\" rel=\"category tag\">DURANGO<\/a>","tag_info":"DURANGO","comment_count":"0","jetpack_sharing_enabled":true,"_links":{"self":[{"href":"https:\/\/samanoticiasdurango.com\/index.php\/wp-json\/wp\/v2\/posts\/13733","targetHints":{"allow":["GET"]}}],"collection":[{"href":"https:\/\/samanoticiasdurango.com\/index.php\/wp-json\/wp\/v2\/posts"}],"about":[{"href":"https:\/\/samanoticiasdurango.com\/index.php\/wp-json\/wp\/v2\/types\/post"}],"author":[{"embeddable":true,"href":"https:\/\/samanoticiasdurango.com\/index.php\/wp-json\/wp\/v2\/users\/1"}],"replies":[{"embeddable":true,"href":"https:\/\/samanoticiasdurango.com\/index.php\/wp-json\/wp\/v2\/comments?post=13733"}],"version-history":[{"count":1,"href":"https:\/\/samanoticiasdurango.com\/index.php\/wp-json\/wp\/v2\/posts\/13733\/revisions"}],"predecessor-version":[{"id":13735,"href":"https:\/\/samanoticiasdurango.com\/index.php\/wp-json\/wp\/v2\/posts\/13733\/revisions\/13735"}],"wp:featuredmedia":[{"embeddable":true,"href":"https:\/\/samanoticiasdurango.com\/index.php\/wp-json\/wp\/v2\/media\/13734"}],"wp:attachment":[{"href":"https:\/\/samanoticiasdurango.com\/index.php\/wp-json\/wp\/v2\/media?parent=13733"}],"wp:term":[{"taxonomy":"category","embeddable":true,"href":"https:\/\/samanoticiasdurango.com\/index.php\/wp-json\/wp\/v2\/categories?post=13733"},{"taxonomy":"post_tag","embeddable":true,"href":"https:\/\/samanoticiasdurango.com\/index.php\/wp-json\/wp\/v2\/tags?post=13733"}],"curies":[{"name":"wp","href":"https:\/\/api.w.org\/{rel}","templated":true}]}}