{"id":13737,"date":"2025-09-13T15:10:27","date_gmt":"2025-09-13T15:10:27","guid":{"rendered":"https:\/\/samanoticiasdurango.com\/?p=13737"},"modified":"2025-09-13T15:15:29","modified_gmt":"2025-09-13T15:15:29","slug":"crisis-ganadera-por-cierre-fronterizo","status":"publish","type":"post","link":"https:\/\/samanoticiasdurango.com\/index.php\/2025\/09\/13\/crisis-ganadera-por-cierre-fronterizo\/","title":{"rendered":"Crisis ganadera por cierre fronterizo"},"content":{"rendered":"\n<p>El impacto econ\u00f3mico derivado del cierre de la frontera de&nbsp;<strong>Estados Unidos<\/strong>&nbsp;a las exportaciones de&nbsp;<strong>ganado mexicano<\/strong>&nbsp;ha alcanzado una cifra significativa, seg\u00fan estimaciones del Consejo Nacional Agropecuario<strong>&nbsp;(CNA)<\/strong>.<\/p>\n\n\n\n<p>La organizaci\u00f3n empresarial calcula que las p\u00e9rdidas ascienden a&nbsp;<strong>mil 300 millones de d\u00f3lares&nbsp;<\/strong>resultado de la imposibilidad de exportar aproximadamente&nbsp;<strong>650 mil cabezas de ganado<\/strong>&nbsp;en lo que va del a\u00f1o.<\/p>\n\n\n\n<p>Esta situaci\u00f3n se origin\u00f3 tras la reaparici\u00f3n de la plaga del&nbsp;<strong>gusano barrenador<\/strong>&nbsp;en M\u00e9xico, un problema sanitario cuya resoluci\u00f3n, de acuerdo con el CNA, podr\u00eda extenderse durante varios a\u00f1os.<\/p>\n\n\n\n<h2 class=\"wp-block-heading\">Cierre con tintes pol\u00edticos<\/h2>\n\n\n\n<p><img loading=\"lazy\" decoding=\"async\" alt=\"La titular del Departamento de\" height=\"3659\" src=\"https:\/\/www.infobae.com\/resizer\/v2\/SQJUUTPMKFHITOA6ZZRLWFELVY.JPG?auth=6a417b13fcbcc1b563321fe4002bf41b9e9515dffe1f3583d99c3b8c2fbae3cf&amp;smart=true&amp;width=350&amp;height=233&amp;quality=85\" width=\"5500\">La titular del Departamento de Agricultura de Estados Unidos, Brooke Rollins, tendr\u00eda motivaciones pol\u00edticas para mantener la restricci\u00f3nm ya qye busca la gubernatura de texas (REUTERS\/Sergio Flores)<\/p>\n\n\n\n<p>La decisi\u00f3n del gobierno estadounidense de cerrar la frontera a las exportaciones de ganado en pie mexicano ha sido calificada como una medida de car\u00e1cter pol\u00edtico por&nbsp;<strong>Jorge Esteve Recolons<\/strong>, presidente del&nbsp;<strong>CNA<\/strong>.<\/p>\n\n\n\n<p>Esteve Recolons sugiri\u00f3 que la titular del Departamento de Agricultura de Estados Unidos,&nbsp;<strong>Brooke Rollins<\/strong>, tendr\u00eda motivaciones pol\u00edticas para mantener la restricci\u00f3n, ya que se ha se\u00f1alado que aspira a la gubernatura de&nbsp;<strong>Texas<\/strong>.<\/p>\n\n\n\n<p>\u201cNo va a ser gobernadora de Texas si entra el gusano barrenador (a Estados Unidos)\u201d, afirm\u00f3 Esteve Recolons durante el vig\u00e9simo segundo Foro Agroalimentario Global, seg\u00fan el mismo medio.<\/p>\n\n\n\n<p>El CNA ha destacado que el&nbsp;<strong>secretario de Agricultura y Desarrollo Rural<\/strong>,&nbsp;<strong>Julio Berdegu\u00e9<\/strong>, mantiene una colaboraci\u00f3n estrecha con las autoridades estadounidenses para abordar la crisis sanitaria que afecta al ganado mexicano.<\/p>\n\n\n\n<h2 class=\"wp-block-heading\">Aumento en el precio<\/h2>\n\n\n\n<p><img loading=\"lazy\" decoding=\"async\" alt=\"El precio del ganado exportado\" height=\"533\" src=\"https:\/\/www.infobae.com\/resizer\/v2\/VBFKBDUI2VHJDFINKUQNTYYEKM.jpg?auth=16bd2fe2c2f519dd8283ec8415ec09fbb552e6751af4f97e60b225d00efd1f5b&amp;smart=true&amp;width=350&amp;height=233&amp;quality=85\" width=\"800\">El precio del ganado exportado paso de mil 200 a 2 mil d\u00f3lares (REUTERS\/Jos\u00e9 Luis Gonz\u00e1lez)<\/p>\n\n\n\n<p>Por su parte,&nbsp;<strong>Luis Fernando Haro<\/strong>, director general del&nbsp;<strong>CNA<\/strong>, precis\u00f3 que el precio de cada becerro de exportaci\u00f3n se ha incrementado hasta en&nbsp;<strong>2 mil d\u00f3lares<\/strong>, en contraste con los&nbsp;<strong>mil<\/strong>&nbsp;<strong>200 d\u00f3lares<\/strong>&nbsp;que se pagaban anteriormente.<\/p>\n\n\n\n<p>Haro subray\u00f3 que, desde la reaparici\u00f3n de la plaga en noviembre pasado, la organizaci\u00f3n ha solicitado de manera reiterada a las autoridades estadounidenses la realizaci\u00f3n de inspecciones al ganado mexicano para determinar si existe contaminaci\u00f3n.<\/p>\n\n\n\n<p>\u201cNos parece injusto que el gusano se aparece a&nbsp;<strong>1.400 kil\u00f3metros<\/strong>&nbsp;de la frontera (de Estados Unidos), y sabiendo que en estos estados exportadores (de ganado) no hay gusano barrenador, la cierran\u201d, critic\u00f3 Haro.<\/p>\n\n\n\n<p>No obstante, lament\u00f3 que el gobierno de&nbsp;<strong>Donald Trump<\/strong>&nbsp;decidiera cerrar nuevamente la frontera tras la detecci\u00f3n de un caso en la zona norte de&nbsp;<strong>Veracruz<\/strong>. El presidente del CNA consider\u00f3 que la reapertura depender\u00e1 de los an\u00e1lisis y evidencias que presenten los inspectores estadounidenses.<\/p>\n\n\n\n<p>La evoluci\u00f3n de la plaga en M\u00e9xico muestra una tendencia a la baja, con una reducci\u00f3n de&nbsp;<strong>120 a 30 casos diarios<\/strong>, seg\u00fan datos proporcionados por Esteve Recolons.<\/p>\n\n\n\n<p><strong>Con informaci\u00f3n de INFOBAE<\/strong><\/p>\n","protected":false},"excerpt":{"rendered":"<p>El impacto econ\u00f3mico derivado del cierre de la frontera de&nbsp;Estados Unidos&nbsp;a las exportaciones de&nbsp;ganado mexicano&nbsp;ha<\/p>\n","protected":false},"author":1,"featured_media":13738,"comment_status":"open","ping_status":"open","sticky":false,"template":"","format":"standard","meta":{"om_disable_all_campaigns":false,"_monsterinsights_skip_tracking":false,"_monsterinsights_sitenote_active":false,"_monsterinsights_sitenote_note":"","_monsterinsights_sitenote_category":0,"_jetpack_memberships_contains_paid_content":false,"footnotes":"","jetpack_publicize_message":"","jetpack_publicize_feature_enabled":true,"jetpack_social_post_already_shared":true,"jetpack_social_options":{"image_generator_settings":{"template":"highway","enabled":false},"version":2}},"categories":[5],"tags":[],"class_list":["post-13737","post","type-post","status-publish","format-standard","has-post-thumbnail","hentry","category-nacional"],"jetpack_publicize_connections":[],"aioseo_notices":[],"jetpack_featured_media_url":"https:\/\/samanoticiasdurango.com\/wp-content\/uploads\/W-E-B.00_00_00_25.Imagen-fija001-4.jpg","featured_image_urls":{"full":["https:\/\/samanoticiasdurango.com\/wp-content\/uploads\/W-E-B.00_00_00_25.Imagen-fija001-4.jpg",1200,675,false],"thumbnail":["https:\/\/samanoticiasdurango.com\/wp-content\/uploads\/W-E-B.00_00_00_25.Imagen-fija001-4-150x150.jpg",150,150,true],"medium":["https:\/\/samanoticiasdurango.com\/wp-content\/uploads\/W-E-B.00_00_00_25.Imagen-fija001-4-300x169.jpg",300,169,true],"medium_large":["https:\/\/samanoticiasdurango.com\/wp-content\/uploads\/W-E-B.00_00_00_25.Imagen-fija001-4-768x432.jpg",640,360,true],"large":["https:\/\/samanoticiasdurango.com\/wp-content\/uploads\/W-E-B.00_00_00_25.Imagen-fija001-4-1024x576.jpg",640,360,true],"1536x1536":["https:\/\/samanoticiasdurango.com\/wp-content\/uploads\/W-E-B.00_00_00_25.Imagen-fija001-4.jpg",1200,675,false],"2048x2048":["https:\/\/samanoticiasdurango.com\/wp-content\/uploads\/W-E-B.00_00_00_25.Imagen-fija001-4.jpg",1200,675,false],"chromenews-featured":["https:\/\/samanoticiasdurango.com\/wp-content\/uploads\/W-E-B.00_00_00_25.Imagen-fija001-4-1024x576.jpg",1024,576,true],"chromenews-large":["https:\/\/samanoticiasdurango.com\/wp-content\/uploads\/W-E-B.00_00_00_25.Imagen-fija001-4-825x575.jpg",825,575,true],"chromenews-medium":["https:\/\/samanoticiasdurango.com\/wp-content\/uploads\/W-E-B.00_00_00_25.Imagen-fija001-4-590x410.jpg",590,410,true]},"author_info":{"display_name":"Redacci\u00f3n","author_link":"https:\/\/samanoticiasdurango.com\/index.php\/author\/jjsama13gmail-com\/"},"category_info":"<a href=\"https:\/\/samanoticiasdurango.com\/index.php\/category\/nacional\/\" rel=\"category tag\">NACIONAL<\/a>","tag_info":"NACIONAL","comment_count":"0","jetpack_sharing_enabled":true,"_links":{"self":[{"href":"https:\/\/samanoticiasdurango.com\/index.php\/wp-json\/wp\/v2\/posts\/13737","targetHints":{"allow":["GET"]}}],"collection":[{"href":"https:\/\/samanoticiasdurango.com\/index.php\/wp-json\/wp\/v2\/posts"}],"about":[{"href":"https:\/\/samanoticiasdurango.com\/index.php\/wp-json\/wp\/v2\/types\/post"}],"author":[{"embeddable":true,"href":"https:\/\/samanoticiasdurango.com\/index.php\/wp-json\/wp\/v2\/users\/1"}],"replies":[{"embeddable":true,"href":"https:\/\/samanoticiasdurango.com\/index.php\/wp-json\/wp\/v2\/comments?post=13737"}],"version-history":[{"count":2,"href":"https:\/\/samanoticiasdurango.com\/index.php\/wp-json\/wp\/v2\/posts\/13737\/revisions"}],"predecessor-version":[{"id":13741,"href":"https:\/\/samanoticiasdurango.com\/index.php\/wp-json\/wp\/v2\/posts\/13737\/revisions\/13741"}],"wp:featuredmedia":[{"embeddable":true,"href":"https:\/\/samanoticiasdurango.com\/index.php\/wp-json\/wp\/v2\/media\/13738"}],"wp:attachment":[{"href":"https:\/\/samanoticiasdurango.com\/index.php\/wp-json\/wp\/v2\/media?parent=13737"}],"wp:term":[{"taxonomy":"category","embeddable":true,"href":"https:\/\/samanoticiasdurango.com\/index.php\/wp-json\/wp\/v2\/categories?post=13737"},{"taxonomy":"post_tag","embeddable":true,"href":"https:\/\/samanoticiasdurango.com\/index.php\/wp-json\/wp\/v2\/tags?post=13737"}],"curies":[{"name":"wp","href":"https:\/\/api.w.org\/{rel}","templated":true}]}}