{"id":13751,"date":"2025-09-13T21:01:35","date_gmt":"2025-09-13T21:01:35","guid":{"rendered":"https:\/\/samanoticiasdurango.com\/?p=13751"},"modified":"2025-09-13T21:01:36","modified_gmt":"2025-09-13T21:01:36","slug":"fallo-de-la-presa-tunal-ii-marca-un-antes-y-un-despues-en-durango-ernesto-alanis","status":"publish","type":"post","link":"https:\/\/samanoticiasdurango.com\/index.php\/2025\/09\/13\/fallo-de-la-presa-tunal-ii-marca-un-antes-y-un-despues-en-durango-ernesto-alanis\/","title":{"rendered":"Fallo de la Presa Tunal II marca un antes y un despu\u00e9s en Durango: Ernesto Alan\u00eds"},"content":{"rendered":"\n<p>El presidente de la Junta de Gobierno y Coordinaci\u00f3n Pol\u00edtica del Congreso del Estado, Ernesto Alan\u00eds Herrera, celebr\u00f3 el fallo de la licitaci\u00f3n de la Presa Tunal II, al se\u00f1alar que esta decisi\u00f3n marca un antes y un despu\u00e9s para Durango, al consolidar una inversi\u00f3n hist\u00f3rica superior a los 4 mil millones de pesos.<\/p>\n\n\n\n<p>\u201cEl fallo representa la conclusi\u00f3n de la fase t\u00e9cnica y financiera, y con ello se concreta una inversi\u00f3n que ya no se detiene. Lo m\u00e1s relevante es que esta obra ser\u00e1 una inversi\u00f3n social que quedar\u00e1 para siempre en Durango\u201d, destac\u00f3 el tambi\u00e9n coordinador de los diputados locales priistas.<\/p>\n\n\n\n<p>En entrevista, subray\u00f3 la importancia de que la empresa ganadora logre generar asociaciones con constructoras locales, lo que permitir\u00eda que la derrama econ\u00f3mica se refleje directamente en la econom\u00eda del estado. \u201cEstamos hablando de trabajos de acarreo, movimientos de tierra, insumos, transporte y un sinn\u00famero de servicios que podr\u00edan significar un gran impulso para las empresas duranguenses\u201d, se\u00f1al\u00f3.<\/p>\n\n\n\n<p>Alan\u00eds Herrera resalt\u00f3 tambi\u00e9n el impacto a largo plazo que tendr\u00e1 la presa, al garantizar el abasto de agua potable por m\u00e1s de 50 a\u00f1os para la ciudad de Durango, gracias al trabajo coordinado de la presidenta Claudia Sheimbaum Pardo y el gobernador Esteban Villegas Villarreal.<\/p>\n\n\n\n<p>\u201cCon esta obra, nuestra capital podr\u00e1 proyectarse como una ciudad de desarrollo, con condiciones h\u00eddricas muy favorables para las pr\u00f3ximas generaciones\u201d, afirm\u00f3.<\/p>\n\n\n\n<p>\u201cEl gobernador ha demostrado apertura y visi\u00f3n al sumarse a lo que le sirve a Durango. Desde el Poder Legislativo estamos listos para acompa\u00f1ar y respaldar este esfuerzo en todo lo que sea necesario\u201d, concluy\u00f3.<\/p>\n","protected":false},"excerpt":{"rendered":"<p>El presidente de la Junta de Gobierno y Coordinaci\u00f3n Pol\u00edtica del Congreso del Estado, Ernesto<\/p>\n","protected":false},"author":1,"featured_media":13752,"comment_status":"open","ping_status":"open","sticky":false,"template":"","format":"standard","meta":{"om_disable_all_campaigns":false,"_monsterinsights_skip_tracking":false,"_monsterinsights_sitenote_active":false,"_monsterinsights_sitenote_note":"","_monsterinsights_sitenote_category":0,"_jetpack_memberships_contains_paid_content":false,"footnotes":"","jetpack_publicize_message":"","jetpack_publicize_feature_enabled":true,"jetpack_social_post_already_shared":true,"jetpack_social_options":{"image_generator_settings":{"template":"highway","enabled":false},"version":2}},"categories":[1],"tags":[],"class_list":["post-13751","post","type-post","status-publish","format-standard","has-post-thumbnail","hentry","category-archivo"],"jetpack_publicize_connections":[],"aioseo_notices":[],"jetpack_featured_media_url":"https:\/\/samanoticiasdurango.com\/wp-content\/uploads\/W-E-B.00_00_00_25.Imagen-fija004-1.jpg","featured_image_urls":{"full":["https:\/\/samanoticiasdurango.com\/wp-content\/uploads\/W-E-B.00_00_00_25.Imagen-fija004-1.jpg",1200,675,false],"thumbnail":["https:\/\/samanoticiasdurango.com\/wp-content\/uploads\/W-E-B.00_00_00_25.Imagen-fija004-1-150x150.jpg",150,150,true],"medium":["https:\/\/samanoticiasdurango.com\/wp-content\/uploads\/W-E-B.00_00_00_25.Imagen-fija004-1-300x169.jpg",300,169,true],"medium_large":["https:\/\/samanoticiasdurango.com\/wp-content\/uploads\/W-E-B.00_00_00_25.Imagen-fija004-1-768x432.jpg",640,360,true],"large":["https:\/\/samanoticiasdurango.com\/wp-content\/uploads\/W-E-B.00_00_00_25.Imagen-fija004-1-1024x576.jpg",640,360,true],"1536x1536":["https:\/\/samanoticiasdurango.com\/wp-content\/uploads\/W-E-B.00_00_00_25.Imagen-fija004-1.jpg",1200,675,false],"2048x2048":["https:\/\/samanoticiasdurango.com\/wp-content\/uploads\/W-E-B.00_00_00_25.Imagen-fija004-1.jpg",1200,675,false],"chromenews-featured":["https:\/\/samanoticiasdurango.com\/wp-content\/uploads\/W-E-B.00_00_00_25.Imagen-fija004-1-1024x576.jpg",1024,576,true],"chromenews-large":["https:\/\/samanoticiasdurango.com\/wp-content\/uploads\/W-E-B.00_00_00_25.Imagen-fija004-1-825x575.jpg",825,575,true],"chromenews-medium":["https:\/\/samanoticiasdurango.com\/wp-content\/uploads\/W-E-B.00_00_00_25.Imagen-fija004-1-590x410.jpg",590,410,true]},"author_info":{"display_name":"Redacci\u00f3n","author_link":"https:\/\/samanoticiasdurango.com\/index.php\/author\/jjsama13gmail-com\/"},"category_info":"<a href=\"https:\/\/samanoticiasdurango.com\/index.php\/category\/archivo\/\" rel=\"category tag\">DURANGO<\/a>","tag_info":"DURANGO","comment_count":"0","jetpack_sharing_enabled":true,"_links":{"self":[{"href":"https:\/\/samanoticiasdurango.com\/index.php\/wp-json\/wp\/v2\/posts\/13751","targetHints":{"allow":["GET"]}}],"collection":[{"href":"https:\/\/samanoticiasdurango.com\/index.php\/wp-json\/wp\/v2\/posts"}],"about":[{"href":"https:\/\/samanoticiasdurango.com\/index.php\/wp-json\/wp\/v2\/types\/post"}],"author":[{"embeddable":true,"href":"https:\/\/samanoticiasdurango.com\/index.php\/wp-json\/wp\/v2\/users\/1"}],"replies":[{"embeddable":true,"href":"https:\/\/samanoticiasdurango.com\/index.php\/wp-json\/wp\/v2\/comments?post=13751"}],"version-history":[{"count":1,"href":"https:\/\/samanoticiasdurango.com\/index.php\/wp-json\/wp\/v2\/posts\/13751\/revisions"}],"predecessor-version":[{"id":13753,"href":"https:\/\/samanoticiasdurango.com\/index.php\/wp-json\/wp\/v2\/posts\/13751\/revisions\/13753"}],"wp:featuredmedia":[{"embeddable":true,"href":"https:\/\/samanoticiasdurango.com\/index.php\/wp-json\/wp\/v2\/media\/13752"}],"wp:attachment":[{"href":"https:\/\/samanoticiasdurango.com\/index.php\/wp-json\/wp\/v2\/media?parent=13751"}],"wp:term":[{"taxonomy":"category","embeddable":true,"href":"https:\/\/samanoticiasdurango.com\/index.php\/wp-json\/wp\/v2\/categories?post=13751"},{"taxonomy":"post_tag","embeddable":true,"href":"https:\/\/samanoticiasdurango.com\/index.php\/wp-json\/wp\/v2\/tags?post=13751"}],"curies":[{"name":"wp","href":"https:\/\/api.w.org\/{rel}","templated":true}]}}