{"id":13770,"date":"2025-09-15T23:57:48","date_gmt":"2025-09-15T23:57:48","guid":{"rendered":"https:\/\/samanoticiasdurango.com\/?p=13770"},"modified":"2025-09-15T23:57:49","modified_gmt":"2025-09-15T23:57:49","slug":"durango-se-consolida-como-un-referente-ganadero","status":"publish","type":"post","link":"https:\/\/samanoticiasdurango.com\/index.php\/2025\/09\/15\/durango-se-consolida-como-un-referente-ganadero\/","title":{"rendered":"Durango se consolida como un referente ganadero"},"content":{"rendered":"\n<p>Durango se consolida como un referente ganadero con el programa integral destinado a impulsar la producci\u00f3n de carne de la m\u00e1s alta calidad, mediante una inversi\u00f3n de 700 millones de pesos, afirm\u00f3 el diputado Noel Fern\u00e1ndez Maturino, al celebrar el anuncio de la Presidenta de la Rep\u00fablica, Claudia Sheinbaum, y el Gobernador del Estado, Esteban Villegas Villarreal.<\/p>\n\n\n\n<p>A nombre del Grupo Parlamentario del PRI, destac\u00f3 que este programa tendr\u00e1 impacto no solo en Durango, sino tambi\u00e9n en Sonora y Coahuila, al generar empleos, recuperar cadenas de valor y fortalecer comunidades agropecuarias.<\/p>\n\n\n\n<p>Al hacer uso de la tribuna, Fern\u00e1ndez Maturino subray\u00f3 la labor del Gobernador Esteban Villegas, a quien reconoci\u00f3 como pieza fundamental para que esta inversi\u00f3n se materializara en Durango. \u201cSu inter\u00e9s por visibilizar y poner en prioridad las necesidades de los ganaderos fue determinante para que este proyecto se anunciara en el momento oportuno\u201d, enfatiz\u00f3 el representante popular.<\/p>\n\n\n\n<p>Agreg\u00f3 que el programa no solo representa un respaldo contundente al norte del pa\u00eds, sino tambi\u00e9n un impulso decisivo para diversificar e impulsar el mercado interno de carne de calidad, con miras tanto al consumo nacional como a la exportaci\u00f3n.<\/p>\n\n\n\n<p>Fern\u00e1ndez Maturino resalt\u00f3 que el plan contempla la entrega de sementales bovinos, la creaci\u00f3n de fondos para la engorda del ganado y la instalaci\u00f3n de centros integrales de producci\u00f3n de carne de calidad, lo que contribuir\u00e1 a fortalecer tanto el mercado interno como la oferta exportable.<\/p>\n\n\n\n<p>\u201cEstas acciones responden a la coyuntura actual marcada por el cierre de la frontera con Estados Unidos ante la presencia del gusano barrenador, pero tambi\u00e9n proyectan una pol\u00edtica de largo plazo para garantizar certidumbre y desarrollo al sector\u201d, puntualiz\u00f3 durante la sesi\u00f3n ordinaria.<\/p>\n\n\n\n<p>Finalmente, destac\u00f3 el enfoque de inclusi\u00f3n hacia los peque\u00f1os productores, quienes son el pilar del campo y fundamentales para lograr una ganader\u00eda m\u00e1s sustentable, equitativa y competitiva.<\/p>\n","protected":false},"excerpt":{"rendered":"<p>Durango se consolida como un referente ganadero con el programa integral destinado a impulsar la<\/p>\n","protected":false},"author":1,"featured_media":13771,"comment_status":"open","ping_status":"open","sticky":false,"template":"","format":"standard","meta":{"om_disable_all_campaigns":false,"_monsterinsights_skip_tracking":false,"_monsterinsights_sitenote_active":false,"_monsterinsights_sitenote_note":"","_monsterinsights_sitenote_category":0,"_jetpack_memberships_contains_paid_content":false,"footnotes":"","jetpack_publicize_message":"","jetpack_publicize_feature_enabled":true,"jetpack_social_post_already_shared":true,"jetpack_social_options":{"image_generator_settings":{"template":"highway","enabled":false},"version":2}},"categories":[1],"tags":[],"class_list":["post-13770","post","type-post","status-publish","format-standard","has-post-thumbnail","hentry","category-archivo"],"jetpack_publicize_connections":[],"aioseo_notices":[],"jetpack_featured_media_url":"https:\/\/samanoticiasdurango.com\/wp-content\/uploads\/WhatsApp-Image-2025-09-15-at-3.26.15-PM.jpeg","featured_image_urls":{"full":["https:\/\/samanoticiasdurango.com\/wp-content\/uploads\/WhatsApp-Image-2025-09-15-at-3.26.15-PM.jpeg",1280,853,false],"thumbnail":["https:\/\/samanoticiasdurango.com\/wp-content\/uploads\/WhatsApp-Image-2025-09-15-at-3.26.15-PM-150x150.jpeg",150,150,true],"medium":["https:\/\/samanoticiasdurango.com\/wp-content\/uploads\/WhatsApp-Image-2025-09-15-at-3.26.15-PM-300x200.jpeg",300,200,true],"medium_large":["https:\/\/samanoticiasdurango.com\/wp-content\/uploads\/WhatsApp-Image-2025-09-15-at-3.26.15-PM-768x512.jpeg",640,427,true],"large":["https:\/\/samanoticiasdurango.com\/wp-content\/uploads\/WhatsApp-Image-2025-09-15-at-3.26.15-PM-1024x682.jpeg",640,426,true],"1536x1536":["https:\/\/samanoticiasdurango.com\/wp-content\/uploads\/WhatsApp-Image-2025-09-15-at-3.26.15-PM.jpeg",1280,853,false],"2048x2048":["https:\/\/samanoticiasdurango.com\/wp-content\/uploads\/WhatsApp-Image-2025-09-15-at-3.26.15-PM.jpeg",1280,853,false],"chromenews-featured":["https:\/\/samanoticiasdurango.com\/wp-content\/uploads\/WhatsApp-Image-2025-09-15-at-3.26.15-PM-1024x682.jpeg",1024,682,true],"chromenews-large":["https:\/\/samanoticiasdurango.com\/wp-content\/uploads\/WhatsApp-Image-2025-09-15-at-3.26.15-PM-825x575.jpeg",825,575,true],"chromenews-medium":["https:\/\/samanoticiasdurango.com\/wp-content\/uploads\/WhatsApp-Image-2025-09-15-at-3.26.15-PM-590x410.jpeg",590,410,true]},"author_info":{"display_name":"Redacci\u00f3n","author_link":"https:\/\/samanoticiasdurango.com\/index.php\/author\/jjsama13gmail-com\/"},"category_info":"<a href=\"https:\/\/samanoticiasdurango.com\/index.php\/category\/archivo\/\" rel=\"category tag\">DURANGO<\/a>","tag_info":"DURANGO","comment_count":"0","jetpack_sharing_enabled":true,"_links":{"self":[{"href":"https:\/\/samanoticiasdurango.com\/index.php\/wp-json\/wp\/v2\/posts\/13770","targetHints":{"allow":["GET"]}}],"collection":[{"href":"https:\/\/samanoticiasdurango.com\/index.php\/wp-json\/wp\/v2\/posts"}],"about":[{"href":"https:\/\/samanoticiasdurango.com\/index.php\/wp-json\/wp\/v2\/types\/post"}],"author":[{"embeddable":true,"href":"https:\/\/samanoticiasdurango.com\/index.php\/wp-json\/wp\/v2\/users\/1"}],"replies":[{"embeddable":true,"href":"https:\/\/samanoticiasdurango.com\/index.php\/wp-json\/wp\/v2\/comments?post=13770"}],"version-history":[{"count":1,"href":"https:\/\/samanoticiasdurango.com\/index.php\/wp-json\/wp\/v2\/posts\/13770\/revisions"}],"predecessor-version":[{"id":13772,"href":"https:\/\/samanoticiasdurango.com\/index.php\/wp-json\/wp\/v2\/posts\/13770\/revisions\/13772"}],"wp:featuredmedia":[{"embeddable":true,"href":"https:\/\/samanoticiasdurango.com\/index.php\/wp-json\/wp\/v2\/media\/13771"}],"wp:attachment":[{"href":"https:\/\/samanoticiasdurango.com\/index.php\/wp-json\/wp\/v2\/media?parent=13770"}],"wp:term":[{"taxonomy":"category","embeddable":true,"href":"https:\/\/samanoticiasdurango.com\/index.php\/wp-json\/wp\/v2\/categories?post=13770"},{"taxonomy":"post_tag","embeddable":true,"href":"https:\/\/samanoticiasdurango.com\/index.php\/wp-json\/wp\/v2\/tags?post=13770"}],"curies":[{"name":"wp","href":"https:\/\/api.w.org\/{rel}","templated":true}]}}