{"id":13781,"date":"2025-09-16T15:53:15","date_gmt":"2025-09-16T15:53:15","guid":{"rendered":"https:\/\/samanoticiasdurango.com\/?p=13781"},"modified":"2025-09-16T15:53:16","modified_gmt":"2025-09-16T15:53:16","slug":"quienes-fueron-las-mujeres-nombradas-por-sheinbaum-en-el-grito-de-independencia","status":"publish","type":"post","link":"https:\/\/samanoticiasdurango.com\/index.php\/2025\/09\/16\/quienes-fueron-las-mujeres-nombradas-por-sheinbaum-en-el-grito-de-independencia\/","title":{"rendered":"\u00a0\u00bfQui\u00e9nes fueron las mujeres nombradas por Sheinbaum en el Grito de Independencia?"},"content":{"rendered":"\n<p>La presidenta&nbsp;<strong>Claudia Sheinbaum<\/strong>&nbsp;nombr\u00f3 a cuatro&nbsp;<strong>mujeres<\/strong>&nbsp;que jugaron un&nbsp;<strong>papel clave<\/strong>&nbsp;para lograr la&nbsp;<strong>Independencia de M\u00e9xico<\/strong>:<\/p>\n\n\n\n<h3 class=\"wp-block-heading\">&nbsp;Josefa Ortiz T\u00e9llez Gir\u00f3n<\/h3>\n\n\n\n<p>Mayormente conocida como Josefa Ortiz de Dom\u00ednguez, su nombre real era&nbsp;<strong>Mar\u00eda Josefa Cresencia Ortiz T\u00e9llez Gir\u00f3n<\/strong>.<\/p>\n\n\n\n<p>Naci\u00f3 en la Ciudad de M\u00e9xico y qued\u00f3 al cuidado de su hermana Mar\u00eda Sotero Ortiz a una edad joven, tras la muerte de sus padres.<\/p>\n\n\n\n<p>Vivi\u00f3 durante dos a\u00f1os en el Colegio de las Vizca\u00ednas, donde conoci\u00f3 al que ser\u00eda su esposo,&nbsp;<strong>Miguel<\/strong>&nbsp;<strong>Dom\u00ednguez<\/strong>, con quien tuvo&nbsp;<strong>14 hijos<\/strong>.<\/p>\n\n\n\n<p>Miguel Dom\u00ednguez fue designado corregidor de la ciudad de&nbsp;<strong>Quer\u00e9taro<\/strong>, donde al cabo de algunos a\u00f1os la familia estableci\u00f3 una junta colonial que gobernara la Nueva Espa\u00f1a.<\/p>\n\n\n\n<p>Para 1809 la conspiraci\u00f3n independentista tuvo una ramificaci\u00f3n en Quer\u00e9taro, con reuniones en la casa del \u2018Corregidor\u2019 organizadas por Josefa Ortiz.<\/p>\n\n\n\n<p>Descubierta la insurrecci\u00f3n, Miguel Dom\u00ednguez encerr\u00f3 a su esposa, no obstante, esta logr\u00f3 avisar a Ignacio P\u00e9rez para que informara a Ignacio Allende y Miguel Hidalgo y Costilla del peligro que corr\u00edan, con lo que no se frustr\u00f3 la conspiraci\u00f3n de Dolores.<\/p>\n\n\n\n<p><strong>Josefa Ortiz T\u00e9llez Gir\u00f3n<\/strong>&nbsp;es descrita como una mujer comprometida con la causa de la&nbsp;<strong>libertad<\/strong>&nbsp;y con convicci\u00f3n de&nbsp;<strong>justicia<\/strong>.<\/p>\n\n\n\n<p>Por su participaci\u00f3n en el movimiento insurgente fue privada de su libertad en al menos cuatro ocasiones, considerada enferma mental y difamada.<\/p>\n\n\n\n<p>Sus aportaciones al movimiento insurgente la llevaron a ser apodada \u2018<strong>la Corregidora<\/strong>\u2018.<\/p>\n\n\n\n<h3 class=\"wp-block-heading\">&nbsp;Leona Vicario<\/h3>\n\n\n\n<p>Su nombre completo era&nbsp;<strong>Mar\u00eda de la Soledad Leona Camila Vicario Fern\u00e1ndez de San Salvador<\/strong>.<\/p>\n\n\n\n<p>Naci\u00f3 en la Ciudad de M\u00e9xico y gracias a la buena posici\u00f3n econ\u00f3mica de su familia estudi\u00f3 Bellas Artes y Ciencias, que le permitieron desarrollar un enorme sentido cr\u00edtico frente al mundo.<\/p>\n\n\n\n<p>A\u00f1os despu\u00e9s ejerci\u00f3 el&nbsp;<strong>periodismo<\/strong>, a trav\u00e9s del cual fue contactada por el movimiento insurgente.<\/p>\n\n\n\n<p>Cuando la Guerra de Independencia estall\u00f3,&nbsp;<strong>Leona Vicario<\/strong>&nbsp;se uni\u00f3 al movimiento brindando informaci\u00f3n crucial que obten\u00eda en la CDMX; tambi\u00e9n aport\u00f3 algunos bienes al la causa libertaria.<\/p>\n\n\n\n<p>En 1813 fue descubierta como&nbsp;<strong>conspiradora<\/strong>&nbsp;y&nbsp;<strong>encarcelada<\/strong>, si bien logr\u00f3 escapar. Se le ofreci\u00f3 el indulto a cambio de abandonar el movimiento, pero no acept\u00f3 y poco despu\u00e9s se uni\u00f3 a las tropas de Jos\u00e9 Mar\u00eda Morelos y Pav\u00f3n.<\/p>\n\n\n\n<p>En 1817 dio a luz a su primera hija, fruto de su matrimonio con Andr\u00e9s Quintana Roo. Al poco tiempo fue&nbsp;<strong>apresada<\/strong>&nbsp;con la beb\u00e9 y nuevamente le ofrecieron el indulto con la condici\u00f3n de irse a Espa\u00f1a.<\/p>\n\n\n\n<p>Una vez&nbsp;<strong>indultada<\/strong>&nbsp;regres\u00f3 a la Ciudad de M\u00e9xico, donde muri\u00f3 a los 53 a\u00f1os de edad.<\/p>\n\n\n\n<h3 class=\"wp-block-heading\">&nbsp;Gertrudis Bocanegra<\/h3>\n\n\n\n<p>Su nombre completo era&nbsp;<strong>Mar\u00eda Gertrudis Teodora Bocanegra Lazo Mendoza\u200b<\/strong>.<\/p>\n\n\n\n<p>Naci\u00f3 en Michoac\u00e1n y junto a su esposo y uno de sus dos hijos varones se uni\u00f3 a la causa insurgente por la Independencia de M\u00e9xico.<\/p>\n\n\n\n<p>Es conocida como \u2018<strong>la Hero\u00edna de P\u00e1tzcuaro<\/strong>\u2018 al haber fungido como&nbsp;<strong>esp\u00eda<\/strong>&nbsp;de las acciones de los \u2018realistas\u2019 y&nbsp;<strong>correo<\/strong>&nbsp;al acudir personalmente a entregar la informaci\u00f3n recabada.<\/p>\n\n\n\n<h3 class=\"wp-block-heading\">&nbsp;Manuela Molina<\/h3>\n\n\n\n<p>Por mucho tiempo se crey\u00f3 que Manuela se apellidaba Medina, si bien se descubri\u00f3 que su nombre real fue&nbsp;<strong>Mar\u00eda Manuela Molina<\/strong>.<\/p>\n\n\n\n<p>Era una mujer ind\u00edgena nacida en Taxco, Guerrero.<\/p>\n\n\n\n<p>Sin estudios pero con el compromiso de luchar por la independencia se uni\u00f3 a Jos\u00e9 Mar\u00eda Morelos y Pav\u00f3n.<\/p>\n\n\n\n<p>Fue apodada \u2018<strong>la Capitana<\/strong>\u2018 porque comand\u00f3 una tripa conformada por 60 hombres en la jurisdicci\u00f3n de Temascaltepec.<\/p>\n\n\n\n<p>En 1811 recibi\u00f3 el grado militar de capitana por parte de la Suprema Junta Nacional Americana, primer gobierno insurgente de M\u00e9xico.<\/p>\n\n\n\n<p>Tambi\u00e9n fue conocida como \u2018<strong>la Barragana<\/strong>\u2018.<\/p>\n\n\n\n<p><strong>Con informaci\u00f3n de L\u00f3pez-D\u00f3riga Digital<\/strong><\/p>\n\n\n\n<p><\/p>\n","protected":false},"excerpt":{"rendered":"<p>La presidenta&nbsp;Claudia Sheinbaum&nbsp;nombr\u00f3 a cuatro&nbsp;mujeres&nbsp;que jugaron un&nbsp;papel clave&nbsp;para lograr la&nbsp;Independencia de M\u00e9xico: &nbsp;Josefa Ortiz T\u00e9llez<\/p>\n","protected":false},"author":1,"featured_media":13782,"comment_status":"open","ping_status":"open","sticky":false,"template":"","format":"standard","meta":{"om_disable_all_campaigns":false,"_monsterinsights_skip_tracking":false,"_monsterinsights_sitenote_active":false,"_monsterinsights_sitenote_note":"","_monsterinsights_sitenote_category":0,"_jetpack_memberships_contains_paid_content":false,"footnotes":"","jetpack_publicize_message":"","jetpack_publicize_feature_enabled":true,"jetpack_social_post_already_shared":true,"jetpack_social_options":{"image_generator_settings":{"template":"highway","enabled":false},"version":2}},"categories":[5],"tags":[],"class_list":["post-13781","post","type-post","status-publish","format-standard","has-post-thumbnail","hentry","category-nacional"],"jetpack_publicize_connections":[],"aioseo_notices":[],"jetpack_featured_media_url":"https:\/\/samanoticiasdurango.com\/wp-content\/uploads\/W-E-B.00_00_00_25.Imagen-fija002-3.jpg","featured_image_urls":{"full":["https:\/\/samanoticiasdurango.com\/wp-content\/uploads\/W-E-B.00_00_00_25.Imagen-fija002-3.jpg",1200,675,false],"thumbnail":["https:\/\/samanoticiasdurango.com\/wp-content\/uploads\/W-E-B.00_00_00_25.Imagen-fija002-3-150x150.jpg",150,150,true],"medium":["https:\/\/samanoticiasdurango.com\/wp-content\/uploads\/W-E-B.00_00_00_25.Imagen-fija002-3-300x169.jpg",300,169,true],"medium_large":["https:\/\/samanoticiasdurango.com\/wp-content\/uploads\/W-E-B.00_00_00_25.Imagen-fija002-3-768x432.jpg",640,360,true],"large":["https:\/\/samanoticiasdurango.com\/wp-content\/uploads\/W-E-B.00_00_00_25.Imagen-fija002-3-1024x576.jpg",640,360,true],"1536x1536":["https:\/\/samanoticiasdurango.com\/wp-content\/uploads\/W-E-B.00_00_00_25.Imagen-fija002-3.jpg",1200,675,false],"2048x2048":["https:\/\/samanoticiasdurango.com\/wp-content\/uploads\/W-E-B.00_00_00_25.Imagen-fija002-3.jpg",1200,675,false],"chromenews-featured":["https:\/\/samanoticiasdurango.com\/wp-content\/uploads\/W-E-B.00_00_00_25.Imagen-fija002-3-1024x576.jpg",1024,576,true],"chromenews-large":["https:\/\/samanoticiasdurango.com\/wp-content\/uploads\/W-E-B.00_00_00_25.Imagen-fija002-3-825x575.jpg",825,575,true],"chromenews-medium":["https:\/\/samanoticiasdurango.com\/wp-content\/uploads\/W-E-B.00_00_00_25.Imagen-fija002-3-590x410.jpg",590,410,true]},"author_info":{"display_name":"Redacci\u00f3n","author_link":"https:\/\/samanoticiasdurango.com\/index.php\/author\/jjsama13gmail-com\/"},"category_info":"<a href=\"https:\/\/samanoticiasdurango.com\/index.php\/category\/nacional\/\" rel=\"category tag\">NACIONAL<\/a>","tag_info":"NACIONAL","comment_count":"0","jetpack_sharing_enabled":true,"_links":{"self":[{"href":"https:\/\/samanoticiasdurango.com\/index.php\/wp-json\/wp\/v2\/posts\/13781","targetHints":{"allow":["GET"]}}],"collection":[{"href":"https:\/\/samanoticiasdurango.com\/index.php\/wp-json\/wp\/v2\/posts"}],"about":[{"href":"https:\/\/samanoticiasdurango.com\/index.php\/wp-json\/wp\/v2\/types\/post"}],"author":[{"embeddable":true,"href":"https:\/\/samanoticiasdurango.com\/index.php\/wp-json\/wp\/v2\/users\/1"}],"replies":[{"embeddable":true,"href":"https:\/\/samanoticiasdurango.com\/index.php\/wp-json\/wp\/v2\/comments?post=13781"}],"version-history":[{"count":1,"href":"https:\/\/samanoticiasdurango.com\/index.php\/wp-json\/wp\/v2\/posts\/13781\/revisions"}],"predecessor-version":[{"id":13783,"href":"https:\/\/samanoticiasdurango.com\/index.php\/wp-json\/wp\/v2\/posts\/13781\/revisions\/13783"}],"wp:featuredmedia":[{"embeddable":true,"href":"https:\/\/samanoticiasdurango.com\/index.php\/wp-json\/wp\/v2\/media\/13782"}],"wp:attachment":[{"href":"https:\/\/samanoticiasdurango.com\/index.php\/wp-json\/wp\/v2\/media?parent=13781"}],"wp:term":[{"taxonomy":"category","embeddable":true,"href":"https:\/\/samanoticiasdurango.com\/index.php\/wp-json\/wp\/v2\/categories?post=13781"},{"taxonomy":"post_tag","embeddable":true,"href":"https:\/\/samanoticiasdurango.com\/index.php\/wp-json\/wp\/v2\/tags?post=13781"}],"curies":[{"name":"wp","href":"https:\/\/api.w.org\/{rel}","templated":true}]}}