{"id":13788,"date":"2025-09-16T23:37:00","date_gmt":"2025-09-16T23:37:00","guid":{"rendered":"https:\/\/samanoticiasdurango.com\/?p=13788"},"modified":"2025-09-16T23:37:01","modified_gmt":"2025-09-16T23:37:01","slug":"ernesto-alanis-representa-al-poder-legislativo-en-actos-civicos-del-mes-patrio","status":"publish","type":"post","link":"https:\/\/samanoticiasdurango.com\/index.php\/2025\/09\/16\/ernesto-alanis-representa-al-poder-legislativo-en-actos-civicos-del-mes-patrio\/","title":{"rendered":"Ernesto Alan\u00eds representa al Poder Legislativo en actos c\u00edvicos del \u201cMes Patrio\u201d."},"content":{"rendered":"\n<p>El diputado Ernesto Alan\u00eds, en representaci\u00f3n del Poder Legislativo del Estado, particip\u00f3 activamente en diversos actos conmemorativos durante las celebraciones del &#8220;Mes Patrio&#8221; en la entidad.<\/p>\n\n\n\n<p>Durante la ceremonia principal, realizada en la Plaza de Armas, Alan\u00eds destac\u00f3 la importancia de mantener vivos los valores patrios y la memoria hist\u00f3rica que forj\u00f3 la identidad nacional. El legislador encabez\u00f3 el izamiento de la bandera y deposit\u00f3 una ofrenda floral ante el monumento a los h\u00e9roes de la Independencia.<\/p>\n\n\n\n<p>&#8220;Es fundamental transmitir a las nuevas generaciones el legado de nuestros h\u00e9roes nacionales y los ideales que defendieron&#8221;, expres\u00f3 Alan\u00eds durante su intervenci\u00f3n ante funcionarios estatales y municipales, as\u00ed como representantes de instituciones educativas y ciudadan\u00eda en general.<\/p>\n\n\n\n<p>El programa de actividades incluy\u00f3 la participaci\u00f3n del legislador en ceremonias c\u00edvicas en distintos municipios del estado, donde resalt\u00f3 el papel del Poder Legislativo en la construcci\u00f3n y fortalecimiento de las instituciones democr\u00e1ticas.<\/p>\n\n\n\n<p>Estas participaciones forman parte de la agenda institucional del Congreso local para conmemorar el CCXIII aniversario del inicio de la Independencia de M\u00e9xico, reafirmando el compromiso de los poderes del Estado con las tradiciones y valores patrios.<\/p>\n","protected":false},"excerpt":{"rendered":"<p>El diputado Ernesto Alan\u00eds, en representaci\u00f3n del Poder Legislativo del Estado, particip\u00f3 activamente en diversos<\/p>\n","protected":false},"author":1,"featured_media":13789,"comment_status":"open","ping_status":"open","sticky":false,"template":"","format":"standard","meta":{"om_disable_all_campaigns":false,"_monsterinsights_skip_tracking":false,"_monsterinsights_sitenote_active":false,"_monsterinsights_sitenote_note":"","_monsterinsights_sitenote_category":0,"_jetpack_memberships_contains_paid_content":false,"footnotes":"","jetpack_publicize_message":"","jetpack_publicize_feature_enabled":true,"jetpack_social_post_already_shared":true,"jetpack_social_options":{"image_generator_settings":{"template":"highway","enabled":false},"version":2}},"categories":[1],"tags":[],"class_list":["post-13788","post","type-post","status-publish","format-standard","has-post-thumbnail","hentry","category-archivo"],"jetpack_publicize_connections":[],"aioseo_notices":[],"jetpack_featured_media_url":"https:\/\/samanoticiasdurango.com\/wp-content\/uploads\/W-E-B.00_00_00_25.Imagen-fija004-2.jpg","featured_image_urls":{"full":["https:\/\/samanoticiasdurango.com\/wp-content\/uploads\/W-E-B.00_00_00_25.Imagen-fija004-2.jpg",1200,675,false],"thumbnail":["https:\/\/samanoticiasdurango.com\/wp-content\/uploads\/W-E-B.00_00_00_25.Imagen-fija004-2-150x150.jpg",150,150,true],"medium":["https:\/\/samanoticiasdurango.com\/wp-content\/uploads\/W-E-B.00_00_00_25.Imagen-fija004-2-300x169.jpg",300,169,true],"medium_large":["https:\/\/samanoticiasdurango.com\/wp-content\/uploads\/W-E-B.00_00_00_25.Imagen-fija004-2-768x432.jpg",640,360,true],"large":["https:\/\/samanoticiasdurango.com\/wp-content\/uploads\/W-E-B.00_00_00_25.Imagen-fija004-2-1024x576.jpg",640,360,true],"1536x1536":["https:\/\/samanoticiasdurango.com\/wp-content\/uploads\/W-E-B.00_00_00_25.Imagen-fija004-2.jpg",1200,675,false],"2048x2048":["https:\/\/samanoticiasdurango.com\/wp-content\/uploads\/W-E-B.00_00_00_25.Imagen-fija004-2.jpg",1200,675,false],"chromenews-featured":["https:\/\/samanoticiasdurango.com\/wp-content\/uploads\/W-E-B.00_00_00_25.Imagen-fija004-2-1024x576.jpg",1024,576,true],"chromenews-large":["https:\/\/samanoticiasdurango.com\/wp-content\/uploads\/W-E-B.00_00_00_25.Imagen-fija004-2-825x575.jpg",825,575,true],"chromenews-medium":["https:\/\/samanoticiasdurango.com\/wp-content\/uploads\/W-E-B.00_00_00_25.Imagen-fija004-2-590x410.jpg",590,410,true]},"author_info":{"display_name":"Redacci\u00f3n","author_link":"https:\/\/samanoticiasdurango.com\/index.php\/author\/jjsama13gmail-com\/"},"category_info":"<a href=\"https:\/\/samanoticiasdurango.com\/index.php\/category\/archivo\/\" rel=\"category tag\">DURANGO<\/a>","tag_info":"DURANGO","comment_count":"0","jetpack_sharing_enabled":true,"_links":{"self":[{"href":"https:\/\/samanoticiasdurango.com\/index.php\/wp-json\/wp\/v2\/posts\/13788","targetHints":{"allow":["GET"]}}],"collection":[{"href":"https:\/\/samanoticiasdurango.com\/index.php\/wp-json\/wp\/v2\/posts"}],"about":[{"href":"https:\/\/samanoticiasdurango.com\/index.php\/wp-json\/wp\/v2\/types\/post"}],"author":[{"embeddable":true,"href":"https:\/\/samanoticiasdurango.com\/index.php\/wp-json\/wp\/v2\/users\/1"}],"replies":[{"embeddable":true,"href":"https:\/\/samanoticiasdurango.com\/index.php\/wp-json\/wp\/v2\/comments?post=13788"}],"version-history":[{"count":1,"href":"https:\/\/samanoticiasdurango.com\/index.php\/wp-json\/wp\/v2\/posts\/13788\/revisions"}],"predecessor-version":[{"id":13790,"href":"https:\/\/samanoticiasdurango.com\/index.php\/wp-json\/wp\/v2\/posts\/13788\/revisions\/13790"}],"wp:featuredmedia":[{"embeddable":true,"href":"https:\/\/samanoticiasdurango.com\/index.php\/wp-json\/wp\/v2\/media\/13789"}],"wp:attachment":[{"href":"https:\/\/samanoticiasdurango.com\/index.php\/wp-json\/wp\/v2\/media?parent=13788"}],"wp:term":[{"taxonomy":"category","embeddable":true,"href":"https:\/\/samanoticiasdurango.com\/index.php\/wp-json\/wp\/v2\/categories?post=13788"},{"taxonomy":"post_tag","embeddable":true,"href":"https:\/\/samanoticiasdurango.com\/index.php\/wp-json\/wp\/v2\/tags?post=13788"}],"curies":[{"name":"wp","href":"https:\/\/api.w.org\/{rel}","templated":true}]}}