{"id":13791,"date":"2025-09-16T23:41:03","date_gmt":"2025-09-16T23:41:03","guid":{"rendered":"https:\/\/samanoticiasdurango.com\/?p=13791"},"modified":"2025-09-16T23:41:05","modified_gmt":"2025-09-16T23:41:05","slug":"impulsa-alejandro-mojica-ley-para-proteger-y-proyectar-al-mezcal-artesanal","status":"publish","type":"post","link":"https:\/\/samanoticiasdurango.com\/index.php\/2025\/09\/16\/impulsa-alejandro-mojica-ley-para-proteger-y-proyectar-al-mezcal-artesanal\/","title":{"rendered":"Impulsa Alejandro Mojica Ley para proteger y proyectar al mezcal artesanal"},"content":{"rendered":"\n<p>A fin de sentar las bases para un sector mezcalero ordenado, sustentable y competitivo, generador de empleo digno, preservar el legado cultural y dinamizar la econom\u00eda rural, el diputado Alejandro Mojica Narv\u00e1ez propuso crear la Ley de Fomento a la Producci\u00f3n y Comercializaci\u00f3n del Mezcal en el Estado.<\/p>\n\n\n\n<p>\u201cEl mezcal es m\u00e1s que una bebida; es identidad, historia y sustento para miles de familias de nuestro estado. Hablar del mezcal es hablar de orgullo, de ra\u00edces profundas y de la fortaleza de nuestro pueblo\u201d, afirm\u00f3 el coordinador del Grupo Parlamentario del PAN.<\/p>\n\n\n\n<p>Al realizar la ampliaci\u00f3n de motivos, explic\u00f3 que la iniciativa contempla un marco jur\u00eddico estatal que garantice pr\u00e1cticas sustentables, facilite la organizaci\u00f3n de productores en cooperativas, impulse la capacitaci\u00f3n e innovaci\u00f3n, y promueva campa\u00f1as de posicionamiento nacional e internacional; adem\u00e1s, articula pol\u00edticas p\u00fablicas para dar certeza econ\u00f3mica y social al sector.<\/p>\n\n\n\n<p>\u201cDefender el mezcal artesanal es defender nuestra historia, nuestra tierra y nuestras familias. Esta Ley no es un favor, es un acto de justicia social e hist\u00f3rica hacia quienes han mantenido viva la tradici\u00f3n con sacrificio y amor\u201d, expres\u00f3 Mojica Narvaez.<\/p>\n\n\n\n<p>Destac\u00f3 que entre los objetivos fundamentales esta proteger la cadena productiva del mezcal, desde el cultivo del agave hasta su comercializaci\u00f3n, reconocer legalmente a los productores y comercializadores, fomentando la organizaci\u00f3n en cooperativas y sociedades rurales.<\/p>\n\n\n\n<p>Adem\u00e1s, de impulsar la infraestructura, capacitaci\u00f3n y posicionamiento de marca, consolidando al mezcal como motor econ\u00f3mico, promover campa\u00f1as de consumo responsable y difusi\u00f3n del mezcal duranguense, reivindicando su autenticidad como patrimonio cultural; as\u00ed como coordinar dependencias estatales, municipios y organizaciones sociales en pol\u00edticas transversales para el sector.<\/p>\n\n\n\n<p>Mojica Narvaez record\u00f3 que el Grupo Parlamentario del PAN ya hab\u00eda presentado una iniciativa para exentar del IEPS a peque\u00f1os productores artesanales con una producci\u00f3n anual menor a 80 mil litros, buscando justicia fiscal para el sector.<\/p>\n\n\n\n<p>\u201cCon esta nueva Ley, damos un paso m\u00e1s hacia un Durango competitivo, justo y orgulloso de su identidad\u201d, puntualiz\u00f3 el representante popular.<\/p>\n","protected":false},"excerpt":{"rendered":"<p>A fin de sentar las bases para un sector mezcalero ordenado, sustentable y competitivo, generador<\/p>\n","protected":false},"author":1,"featured_media":13792,"comment_status":"open","ping_status":"open","sticky":false,"template":"","format":"standard","meta":{"om_disable_all_campaigns":false,"_monsterinsights_skip_tracking":false,"_monsterinsights_sitenote_active":false,"_monsterinsights_sitenote_note":"","_monsterinsights_sitenote_category":0,"_jetpack_memberships_contains_paid_content":false,"footnotes":"","jetpack_publicize_message":"","jetpack_publicize_feature_enabled":true,"jetpack_social_post_already_shared":true,"jetpack_social_options":{"image_generator_settings":{"template":"highway","enabled":false},"version":2}},"categories":[1],"tags":[],"class_list":["post-13791","post","type-post","status-publish","format-standard","has-post-thumbnail","hentry","category-archivo"],"jetpack_publicize_connections":[],"aioseo_notices":[],"jetpack_featured_media_url":"https:\/\/samanoticiasdurango.com\/wp-content\/uploads\/W-E-B.00_00_00_25.Imagen-fija005-3.jpg","featured_image_urls":{"full":["https:\/\/samanoticiasdurango.com\/wp-content\/uploads\/W-E-B.00_00_00_25.Imagen-fija005-3.jpg",1200,675,false],"thumbnail":["https:\/\/samanoticiasdurango.com\/wp-content\/uploads\/W-E-B.00_00_00_25.Imagen-fija005-3-150x150.jpg",150,150,true],"medium":["https:\/\/samanoticiasdurango.com\/wp-content\/uploads\/W-E-B.00_00_00_25.Imagen-fija005-3-300x169.jpg",300,169,true],"medium_large":["https:\/\/samanoticiasdurango.com\/wp-content\/uploads\/W-E-B.00_00_00_25.Imagen-fija005-3-768x432.jpg",640,360,true],"large":["https:\/\/samanoticiasdurango.com\/wp-content\/uploads\/W-E-B.00_00_00_25.Imagen-fija005-3-1024x576.jpg",640,360,true],"1536x1536":["https:\/\/samanoticiasdurango.com\/wp-content\/uploads\/W-E-B.00_00_00_25.Imagen-fija005-3.jpg",1200,675,false],"2048x2048":["https:\/\/samanoticiasdurango.com\/wp-content\/uploads\/W-E-B.00_00_00_25.Imagen-fija005-3.jpg",1200,675,false],"chromenews-featured":["https:\/\/samanoticiasdurango.com\/wp-content\/uploads\/W-E-B.00_00_00_25.Imagen-fija005-3-1024x576.jpg",1024,576,true],"chromenews-large":["https:\/\/samanoticiasdurango.com\/wp-content\/uploads\/W-E-B.00_00_00_25.Imagen-fija005-3-825x575.jpg",825,575,true],"chromenews-medium":["https:\/\/samanoticiasdurango.com\/wp-content\/uploads\/W-E-B.00_00_00_25.Imagen-fija005-3-590x410.jpg",590,410,true]},"author_info":{"display_name":"Redacci\u00f3n","author_link":"https:\/\/samanoticiasdurango.com\/index.php\/author\/jjsama13gmail-com\/"},"category_info":"<a href=\"https:\/\/samanoticiasdurango.com\/index.php\/category\/archivo\/\" rel=\"category tag\">DURANGO<\/a>","tag_info":"DURANGO","comment_count":"0","jetpack_sharing_enabled":true,"_links":{"self":[{"href":"https:\/\/samanoticiasdurango.com\/index.php\/wp-json\/wp\/v2\/posts\/13791","targetHints":{"allow":["GET"]}}],"collection":[{"href":"https:\/\/samanoticiasdurango.com\/index.php\/wp-json\/wp\/v2\/posts"}],"about":[{"href":"https:\/\/samanoticiasdurango.com\/index.php\/wp-json\/wp\/v2\/types\/post"}],"author":[{"embeddable":true,"href":"https:\/\/samanoticiasdurango.com\/index.php\/wp-json\/wp\/v2\/users\/1"}],"replies":[{"embeddable":true,"href":"https:\/\/samanoticiasdurango.com\/index.php\/wp-json\/wp\/v2\/comments?post=13791"}],"version-history":[{"count":1,"href":"https:\/\/samanoticiasdurango.com\/index.php\/wp-json\/wp\/v2\/posts\/13791\/revisions"}],"predecessor-version":[{"id":13793,"href":"https:\/\/samanoticiasdurango.com\/index.php\/wp-json\/wp\/v2\/posts\/13791\/revisions\/13793"}],"wp:featuredmedia":[{"embeddable":true,"href":"https:\/\/samanoticiasdurango.com\/index.php\/wp-json\/wp\/v2\/media\/13792"}],"wp:attachment":[{"href":"https:\/\/samanoticiasdurango.com\/index.php\/wp-json\/wp\/v2\/media?parent=13791"}],"wp:term":[{"taxonomy":"category","embeddable":true,"href":"https:\/\/samanoticiasdurango.com\/index.php\/wp-json\/wp\/v2\/categories?post=13791"},{"taxonomy":"post_tag","embeddable":true,"href":"https:\/\/samanoticiasdurango.com\/index.php\/wp-json\/wp\/v2\/tags?post=13791"}],"curies":[{"name":"wp","href":"https:\/\/api.w.org\/{rel}","templated":true}]}}