{"id":13803,"date":"2025-09-20T22:26:38","date_gmt":"2025-09-20T22:26:38","guid":{"rendered":"https:\/\/samanoticiasdurango.com\/?p=13803"},"modified":"2025-09-20T22:26:39","modified_gmt":"2025-09-20T22:26:39","slug":"piden-diputados-que-construccion-de-la-presa-tunal-ii-incluya-a-empresas-y-proveedores-locales","status":"publish","type":"post","link":"https:\/\/samanoticiasdurango.com\/index.php\/2025\/09\/20\/piden-diputados-que-construccion-de-la-presa-tunal-ii-incluya-a-empresas-y-proveedores-locales\/","title":{"rendered":"Piden diputados que construcci\u00f3n de la Presa Tunal II incluya a empresas y proveedores locales"},"content":{"rendered":"\n<p>Por unanimidad, el Congreso del Estado exhort\u00f3 a la empresa Ingenieros Civiles Asociados (ICA), responsable de la construcci\u00f3n de la Presa El Tunal II, as\u00ed como al Gobierno Federal por conducto de la Conagua, para que se contemple la participaci\u00f3n de constructoras, proveedores y prestadores de servicios locales en la ejecuci\u00f3n de esta magna obra.<\/p>\n\n\n\n<p>El punto de acuerdo lo present\u00f3 el diputado Alejandro Mojica Narv\u00e1ez, del Grupo Parlamentario del PAN, quien subray\u00f3 que esta inversi\u00f3n, cercana a los 4 mil millones de pesos, es una de las m\u00e1s importantes en infraestructura h\u00eddrica de los \u00faltimos a\u00f1os y representa un antes y un despu\u00e9s para garantizar el abasto de agua a m\u00e1s de 300 mil duranguenses.<\/p>\n\n\n\n<p>\u201cReconocemos la capacidad de ICA para llevar a cabo una obra de esta magnitud, pero es indispensable que tambi\u00e9n se convierta en una palanca de desarrollo para Durango, integrando a constructoras y proveedores locales mediante esquemas de subcontrataci\u00f3n, suministro de materiales y prestaci\u00f3n de servicios\u201d, se\u00f1al\u00f3.<\/p>\n\n\n\n<p>Durante la discusi\u00f3n, el coordinador del Grupo Parlamentario del PRI y presidente de la Junta de Gobierno y Coordinaci\u00f3n Pol\u00edtica, Ernesto Alan\u00eds Herrera, destac\u00f3 la trascendencia hist\u00f3rica del proyecto, esperado por m\u00e1s de seis d\u00e9cadas.<\/p>\n\n\n\n<p>Reconoci\u00f3 al Gobierno de la Rep\u00fablica y al Gobierno del Estado por las gestiones que hicieron posible su inclusi\u00f3n en el presupuesto federal, y respald\u00f3 la importancia de que la derrama econ\u00f3mica permanezca en beneficio de las familias duranguenses.<\/p>\n\n\n\n<p>Por su parte, el coordinador del Grupo Parlamentario de Morena, H\u00e9ctor Herrera N\u00fa\u00f1ez, coincidi\u00f3 en que la inversi\u00f3n debe traducirse en beneficios directos para la gente de Durango. Propuso adem\u00e1s que el Gobierno del Estado, a trav\u00e9s de la Secretar\u00eda de Desarrollo Econ\u00f3mico y la Secretar\u00eda del Trabajo, implemente programas de capacitaci\u00f3n y certificaci\u00f3n para que las empresas locales tengan la preparaci\u00f3n y visibilidad necesarias para participar en el proyecto.<\/p>\n\n\n\n<p>El diputado del PVEM, Osbaldo Santill\u00e1n, tambi\u00e9n se sum\u00f3 al exhorto, al se\u00f1alar que obras de esta magnitud deben ser motor de desarrollo regional, generando empleos dignos y fortaleciendo al sector productivo local. Asimismo, hizo un llamado a que las autoridades municipales garanticen las condiciones de seguridad y servicios para quienes participen en la construcci\u00f3n.<\/p>\n","protected":false},"excerpt":{"rendered":"<p>Por unanimidad, el Congreso del Estado exhort\u00f3 a la empresa Ingenieros Civiles Asociados (ICA), responsable<\/p>\n","protected":false},"author":1,"featured_media":13804,"comment_status":"open","ping_status":"open","sticky":false,"template":"","format":"standard","meta":{"om_disable_all_campaigns":false,"_monsterinsights_skip_tracking":false,"_monsterinsights_sitenote_active":false,"_monsterinsights_sitenote_note":"","_monsterinsights_sitenote_category":0,"_jetpack_memberships_contains_paid_content":false,"footnotes":"","jetpack_publicize_message":"","jetpack_publicize_feature_enabled":true,"jetpack_social_post_already_shared":true,"jetpack_social_options":{"image_generator_settings":{"template":"highway","enabled":false},"version":2}},"categories":[1],"tags":[],"class_list":["post-13803","post","type-post","status-publish","format-standard","has-post-thumbnail","hentry","category-archivo"],"jetpack_publicize_connections":[],"aioseo_notices":[],"jetpack_featured_media_url":"https:\/\/samanoticiasdurango.com\/wp-content\/uploads\/W-E-B.00_00_02_07.Imagen-fija001.jpg","featured_image_urls":{"full":["https:\/\/samanoticiasdurango.com\/wp-content\/uploads\/W-E-B.00_00_02_07.Imagen-fija001.jpg",1200,675,false],"thumbnail":["https:\/\/samanoticiasdurango.com\/wp-content\/uploads\/W-E-B.00_00_02_07.Imagen-fija001-150x150.jpg",150,150,true],"medium":["https:\/\/samanoticiasdurango.com\/wp-content\/uploads\/W-E-B.00_00_02_07.Imagen-fija001-300x169.jpg",300,169,true],"medium_large":["https:\/\/samanoticiasdurango.com\/wp-content\/uploads\/W-E-B.00_00_02_07.Imagen-fija001-768x432.jpg",640,360,true],"large":["https:\/\/samanoticiasdurango.com\/wp-content\/uploads\/W-E-B.00_00_02_07.Imagen-fija001-1024x576.jpg",640,360,true],"1536x1536":["https:\/\/samanoticiasdurango.com\/wp-content\/uploads\/W-E-B.00_00_02_07.Imagen-fija001.jpg",1200,675,false],"2048x2048":["https:\/\/samanoticiasdurango.com\/wp-content\/uploads\/W-E-B.00_00_02_07.Imagen-fija001.jpg",1200,675,false],"chromenews-featured":["https:\/\/samanoticiasdurango.com\/wp-content\/uploads\/W-E-B.00_00_02_07.Imagen-fija001-1024x576.jpg",1024,576,true],"chromenews-large":["https:\/\/samanoticiasdurango.com\/wp-content\/uploads\/W-E-B.00_00_02_07.Imagen-fija001-825x575.jpg",825,575,true],"chromenews-medium":["https:\/\/samanoticiasdurango.com\/wp-content\/uploads\/W-E-B.00_00_02_07.Imagen-fija001-590x410.jpg",590,410,true]},"author_info":{"display_name":"Redacci\u00f3n","author_link":"https:\/\/samanoticiasdurango.com\/index.php\/author\/jjsama13gmail-com\/"},"category_info":"<a href=\"https:\/\/samanoticiasdurango.com\/index.php\/category\/archivo\/\" rel=\"category tag\">DURANGO<\/a>","tag_info":"DURANGO","comment_count":"0","jetpack_sharing_enabled":true,"_links":{"self":[{"href":"https:\/\/samanoticiasdurango.com\/index.php\/wp-json\/wp\/v2\/posts\/13803","targetHints":{"allow":["GET"]}}],"collection":[{"href":"https:\/\/samanoticiasdurango.com\/index.php\/wp-json\/wp\/v2\/posts"}],"about":[{"href":"https:\/\/samanoticiasdurango.com\/index.php\/wp-json\/wp\/v2\/types\/post"}],"author":[{"embeddable":true,"href":"https:\/\/samanoticiasdurango.com\/index.php\/wp-json\/wp\/v2\/users\/1"}],"replies":[{"embeddable":true,"href":"https:\/\/samanoticiasdurango.com\/index.php\/wp-json\/wp\/v2\/comments?post=13803"}],"version-history":[{"count":1,"href":"https:\/\/samanoticiasdurango.com\/index.php\/wp-json\/wp\/v2\/posts\/13803\/revisions"}],"predecessor-version":[{"id":13805,"href":"https:\/\/samanoticiasdurango.com\/index.php\/wp-json\/wp\/v2\/posts\/13803\/revisions\/13805"}],"wp:featuredmedia":[{"embeddable":true,"href":"https:\/\/samanoticiasdurango.com\/index.php\/wp-json\/wp\/v2\/media\/13804"}],"wp:attachment":[{"href":"https:\/\/samanoticiasdurango.com\/index.php\/wp-json\/wp\/v2\/media?parent=13803"}],"wp:term":[{"taxonomy":"category","embeddable":true,"href":"https:\/\/samanoticiasdurango.com\/index.php\/wp-json\/wp\/v2\/categories?post=13803"},{"taxonomy":"post_tag","embeddable":true,"href":"https:\/\/samanoticiasdurango.com\/index.php\/wp-json\/wp\/v2\/tags?post=13803"}],"curies":[{"name":"wp","href":"https:\/\/api.w.org\/{rel}","templated":true}]}}