{"id":13809,"date":"2025-09-20T23:03:04","date_gmt":"2025-09-20T23:03:04","guid":{"rendered":"https:\/\/samanoticiasdurango.com\/?p=13809"},"modified":"2025-09-20T23:03:06","modified_gmt":"2025-09-20T23:03:06","slug":"impulsa-ivan-soto-arraigo-y-desarrollo-de-jovenes-en-zonas-rurales","status":"publish","type":"post","link":"https:\/\/samanoticiasdurango.com\/index.php\/2025\/09\/20\/impulsa-ivan-soto-arraigo-y-desarrollo-de-jovenes-en-zonas-rurales\/","title":{"rendered":"Impulsa Ivan Soto arraigo y desarrollo de j\u00f3venes en zonas rurales"},"content":{"rendered":"\n<p>Con el prop\u00f3sito de fomentar el arraigo de los j\u00f3venes en las comunidades rurales y generar pol\u00edticas p\u00fablicas que promuevan su permanencia y desarrollo, el diputado Iv\u00e1n Soto Mend\u00eda, present\u00f3 la iniciativa de reforma a la Ley de Desarrollo Rural Sustentable del Estado.<\/p>\n\n\n\n<p>\u201cSe trata de construir un modelo de desarrollo rural m\u00e1s justo y sostenible, en el que las y los j\u00f3venes tengan garantizadas oportunidades reales de educaci\u00f3n, empleo y emprendimiento, al tiempo que fortalecemos la producci\u00f3n de alimentos y la econom\u00eda del estado\u201d, puntualiz\u00f3 al realizar la ampliaci\u00f3n de motivos .<\/p>\n\n\n\n<p>El integrante del Grupo Parlamentario del PRI, inform\u00f3 que de acuerdo con cifras del INEGI, en 2024 M\u00e9xico cuenta con 31 millones de personas entre 15 y 29 a\u00f1os, lo que representa una cuarta parte de la poblaci\u00f3n nacional. Sin embargo, solo 5.5 por ciento de ellas est\u00e1 vinculada al sector primario, mientras que la edad promedio de los productores agropecuarios ronda los 50 a\u00f1os, lo que refleja la falta de relevo generacional en el campo mexicano.<\/p>\n\n\n\n<p>En este sentido, destac\u00f3 que esta situaci\u00f3n ha provocado que comunidades rurales enfrenten abandono de tierras de cultivo, envejecimiento poblacional y migraci\u00f3n constante de j\u00f3venes hacia las ciudades o el extranjero. \u201cSi no generamos incentivos reales para que la juventud vea en el campo una oportunidad de vida, estaremos comprometiendo la seguridad alimentaria y la sustentabilidad productiva en el futuro\u201d, afirm\u00f3.<\/p>\n\n\n\n<p>Por ello, se busca que a trav\u00e9s de programas y acciones espec\u00edficas se promueva su educaci\u00f3n, formaci\u00f3n t\u00e9cnica, empleabilidad, mejora de ingresos, emprendimiento y capacidad productiva, fortaleciendo as\u00ed la competitividad del sector agropecuario y el desarrollo integral de estas comunidades.<\/p>\n\n\n\n<p>\u201cDesde el Grupo Parlamentario del PRI confiamos en que esta reforma sea analizada, dictaminada y aprobada en este pleno, porque representa un paso firme hacia un futuro con mayor equidad y bienestar para todas y todos\u201d., finaliz\u00f3 el representante popular .<\/p>\n","protected":false},"excerpt":{"rendered":"<p>Con el prop\u00f3sito de fomentar el arraigo de los j\u00f3venes en las comunidades rurales y<\/p>\n","protected":false},"author":1,"featured_media":13810,"comment_status":"open","ping_status":"open","sticky":false,"template":"","format":"standard","meta":{"om_disable_all_campaigns":false,"_monsterinsights_skip_tracking":false,"_monsterinsights_sitenote_active":false,"_monsterinsights_sitenote_note":"","_monsterinsights_sitenote_category":0,"_jetpack_memberships_contains_paid_content":false,"footnotes":"","jetpack_publicize_message":"","jetpack_publicize_feature_enabled":true,"jetpack_social_post_already_shared":true,"jetpack_social_options":{"image_generator_settings":{"template":"highway","enabled":false},"version":2}},"categories":[1],"tags":[],"class_list":["post-13809","post","type-post","status-publish","format-standard","has-post-thumbnail","hentry","category-archivo"],"jetpack_publicize_connections":[],"aioseo_notices":[],"jetpack_featured_media_url":"https:\/\/samanoticiasdurango.com\/wp-content\/uploads\/W-E-B.00_00_02_07.Imagen-fija003.jpg","featured_image_urls":{"full":["https:\/\/samanoticiasdurango.com\/wp-content\/uploads\/W-E-B.00_00_02_07.Imagen-fija003.jpg",1200,675,false],"thumbnail":["https:\/\/samanoticiasdurango.com\/wp-content\/uploads\/W-E-B.00_00_02_07.Imagen-fija003-150x150.jpg",150,150,true],"medium":["https:\/\/samanoticiasdurango.com\/wp-content\/uploads\/W-E-B.00_00_02_07.Imagen-fija003-300x169.jpg",300,169,true],"medium_large":["https:\/\/samanoticiasdurango.com\/wp-content\/uploads\/W-E-B.00_00_02_07.Imagen-fija003-768x432.jpg",640,360,true],"large":["https:\/\/samanoticiasdurango.com\/wp-content\/uploads\/W-E-B.00_00_02_07.Imagen-fija003-1024x576.jpg",640,360,true],"1536x1536":["https:\/\/samanoticiasdurango.com\/wp-content\/uploads\/W-E-B.00_00_02_07.Imagen-fija003.jpg",1200,675,false],"2048x2048":["https:\/\/samanoticiasdurango.com\/wp-content\/uploads\/W-E-B.00_00_02_07.Imagen-fija003.jpg",1200,675,false],"chromenews-featured":["https:\/\/samanoticiasdurango.com\/wp-content\/uploads\/W-E-B.00_00_02_07.Imagen-fija003-1024x576.jpg",1024,576,true],"chromenews-large":["https:\/\/samanoticiasdurango.com\/wp-content\/uploads\/W-E-B.00_00_02_07.Imagen-fija003-825x575.jpg",825,575,true],"chromenews-medium":["https:\/\/samanoticiasdurango.com\/wp-content\/uploads\/W-E-B.00_00_02_07.Imagen-fija003-590x410.jpg",590,410,true]},"author_info":{"display_name":"Redacci\u00f3n","author_link":"https:\/\/samanoticiasdurango.com\/index.php\/author\/jjsama13gmail-com\/"},"category_info":"<a href=\"https:\/\/samanoticiasdurango.com\/index.php\/category\/archivo\/\" rel=\"category tag\">DURANGO<\/a>","tag_info":"DURANGO","comment_count":"0","jetpack_sharing_enabled":true,"_links":{"self":[{"href":"https:\/\/samanoticiasdurango.com\/index.php\/wp-json\/wp\/v2\/posts\/13809","targetHints":{"allow":["GET"]}}],"collection":[{"href":"https:\/\/samanoticiasdurango.com\/index.php\/wp-json\/wp\/v2\/posts"}],"about":[{"href":"https:\/\/samanoticiasdurango.com\/index.php\/wp-json\/wp\/v2\/types\/post"}],"author":[{"embeddable":true,"href":"https:\/\/samanoticiasdurango.com\/index.php\/wp-json\/wp\/v2\/users\/1"}],"replies":[{"embeddable":true,"href":"https:\/\/samanoticiasdurango.com\/index.php\/wp-json\/wp\/v2\/comments?post=13809"}],"version-history":[{"count":1,"href":"https:\/\/samanoticiasdurango.com\/index.php\/wp-json\/wp\/v2\/posts\/13809\/revisions"}],"predecessor-version":[{"id":13811,"href":"https:\/\/samanoticiasdurango.com\/index.php\/wp-json\/wp\/v2\/posts\/13809\/revisions\/13811"}],"wp:featuredmedia":[{"embeddable":true,"href":"https:\/\/samanoticiasdurango.com\/index.php\/wp-json\/wp\/v2\/media\/13810"}],"wp:attachment":[{"href":"https:\/\/samanoticiasdurango.com\/index.php\/wp-json\/wp\/v2\/media?parent=13809"}],"wp:term":[{"taxonomy":"category","embeddable":true,"href":"https:\/\/samanoticiasdurango.com\/index.php\/wp-json\/wp\/v2\/categories?post=13809"},{"taxonomy":"post_tag","embeddable":true,"href":"https:\/\/samanoticiasdurango.com\/index.php\/wp-json\/wp\/v2\/tags?post=13809"}],"curies":[{"name":"wp","href":"https:\/\/api.w.org\/{rel}","templated":true}]}}