{"id":13875,"date":"2025-09-28T15:10:22","date_gmt":"2025-09-28T15:10:22","guid":{"rendered":"https:\/\/samanoticiasdurango.com\/?p=13875"},"modified":"2025-09-28T15:10:23","modified_gmt":"2025-09-28T15:10:23","slug":"encuentran-cadaver-en-casa-asegurada-por-semar-en-villa-juarez-sinaloa","status":"publish","type":"post","link":"https:\/\/samanoticiasdurango.com\/index.php\/2025\/09\/28\/encuentran-cadaver-en-casa-asegurada-por-semar-en-villa-juarez-sinaloa\/","title":{"rendered":"Encuentran cad\u00e1ver en casa asegurada por SEMAR,\u00a0en Villa Ju\u00e1rez, Sinaloa"},"content":{"rendered":"\n<p>La tarde del pasado s\u00e1bado 27 de septiembre de 2025 se hall\u00f3 un&nbsp;<strong>cuerpo enterrado<\/strong>&nbsp;en el patio de una vivienda ubicada en la colonia&nbsp;<strong>4 de Marzo<\/strong>, en la sindicatura de&nbsp;<strong>Villa Ju\u00e1rez<\/strong>,&nbsp;<strong>Navolato.<\/strong><\/p>\n\n\n\n<p>El inmueble ubicado en la colonia&nbsp;<strong>4 de Marzo<\/strong>, sindicatura de&nbsp;<strong>Villa Ju\u00e1rez<\/strong>,&nbsp;<strong>Navolato<\/strong>. se encontraba asegurado por la Secretar\u00eda de Marina (<strong>SEMAR<\/strong>) y<\/p>\n\n\n\n<p>De acuerdo con reportes de fuentes locales, la v\u00edctima, cuya identidad permanece desconocida, fue localizada en la intersecci\u00f3n de las calles&nbsp;<strong>Cuarta<\/strong>&nbsp;y&nbsp;<strong>Domingo Rub\u00ed<\/strong>, en un hecho que gener\u00f3 inquietud en la comunidad y activ\u00f3 la movilizaci\u00f3n de autoridades.<\/p>\n\n\n\n<h2 class=\"wp-block-heading\">Detalle de los hechos<\/h2>\n\n\n\n<p><img loading=\"lazy\" decoding=\"async\" alt=\"Las autoridades recomiendan extremar precauciones\" height=\"576\" src=\"https:\/\/www.infobae.com\/resizer\/v2\/CBAX3L32RZGA5BZ4354JPPDMXI.png?auth=500b9f6e49bc33e8f699df0dc2036c61beb12c1df5a2b4122546a11a3670eab6&amp;smart=true&amp;width=350&amp;height=197&amp;quality=85\" width=\"1024\">Las autoridades recomiendan extremar precauciones ante anomal\u00edas en veh\u00edculos, especialmente tras episodios de violencia de g\u00e9nero. (Imagen Ilustrativa Infobae)<\/p>\n\n\n\n<p>El inmueble se encontraba asegurado por la&nbsp;<strong>Secretar\u00eda de Marina<\/strong>, autoridad que estaba a la espera de una&nbsp;<strong>orden de cateo federal<\/strong>&nbsp;que permitiera el<strong>&nbsp;ingreso legal<\/strong>&nbsp;al domicilio. Una vez obtenida la autorizaci\u00f3n judicial, los elementos accedieron al lugar y confirmaron la&nbsp;<strong>presencia del cuerpo<\/strong>, que presentaba signos de haber permanecido<strong>&nbsp;varios d\u00edas sin vida<\/strong>.<\/p>\n\n\n\n<p>Tras el hallazgo, se solicit\u00f3 la intervenci\u00f3n de la&nbsp;<strong>Direcci\u00f3n General de Investigaci\u00f3n Pericial<\/strong>, cuyos especialistas realizaron los trabajos de campo en el sitio.<\/p>\n\n\n\n<p>Al mismo tiempo, polic\u00edas investigadores iniciaron las indagatorias para determinar las causas del fallecimiento en un proceso que involucra tanto a fuerzas federales como a i<strong>nstancias forenses<\/strong>&nbsp;y de<strong>&nbsp;investigaci\u00f3n criminal<\/strong>.<\/p>\n\n\n\n<p>El cuerpo fue trasladado al&nbsp;<strong>Servicio M\u00e9dico Forense<\/strong>&nbsp;(Semefo), donde se le practicar\u00e1 la&nbsp;<strong>necropsia<\/strong>&nbsp;correspondiente. Posteriormente, los restos ser\u00e1n entregados a los familiares de la v\u00edctima para su sepultura conforme a sus tradiciones.<\/p>\n\n\n\n<h2 class=\"wp-block-heading\">Fosas clandestinas en Sinaloa<\/h2>\n\n\n\n<p><img loading=\"lazy\" decoding=\"async\" alt=\"Polic\u00eda La v\u00edctima, a\u00fan sin\" height=\"816\" src=\"https:\/\/www.infobae.com\/resizer\/v2\/VQ6YRJKW4VFFTDAGMHHUXLL5BU.jpg?auth=9dbd1b2fe83d2abb12f92c6e734aacd59a019ff3b2fa1b7c75b7c8109812ae44&amp;smart=true&amp;width=350&amp;height=196&amp;quality=85\" width=\"1456\">Polic\u00eda La v\u00edctima, a\u00fan sin identificar, fue localizada tras una movilizaci\u00f3n de fuerzas federales y forenses. (Imagen Ilustrativa Infobae)<\/p>\n\n\n\n<p>El pasado 22 de abril de este a\u00f1o, el colectivo&nbsp;<strong>Sabuesos Guerreras A.C.<\/strong>&nbsp;report\u00f3 el hallazgo de&nbsp;<strong>al menos 11 cuerpos en siete fosas clandestinas<\/strong>&nbsp;ubicadas en las inmediaciones del ejido&nbsp;<strong>El Mezquitillo<\/strong>, en la sindicatura de&nbsp;<strong>Costa Rica, Sinaloa<\/strong><\/p>\n\n\n\n<p>El grupo de b\u00fasqueda localiz\u00f3 los restos durante una jornada que comenz\u00f3 el lunes, tras recibir una<strong>&nbsp;denuncia an\u00f3nima<\/strong>&nbsp;sobre la posible presencia de restos humanos en esta zona rural de&nbsp;<strong>Culiac\u00e1n<\/strong>.<\/p>\n\n\n\n<p>Las labores de b\u00fasqueda contaron con la participaci\u00f3n de familiares de personas desaparecidas, personal de la&nbsp;<strong>Comisi\u00f3n Estatal de B\u00fasqueda<\/strong>, as\u00ed como peritos forenses, integrantes del&nbsp;<strong>Servicio M\u00e9dico Forense (Semefo)<\/strong>, agentes investigadores, elementos del&nbsp;<strong>Ej\u00e9rcito<\/strong>,&nbsp;<strong>Guardia Nacional<\/strong>&nbsp;y cuerpos policiales estatales y municipales, quienes aseguraron el \u00e1rea durante las excavaciones.<\/p>\n\n\n\n<p>Seg\u00fan&nbsp;<em>Grupo Multimedios<\/em>, los trabajos en el terreno identificado como un sitio recurrente de hallazgos, permitieron ubicar&nbsp;<strong>once cad\u00e1veres<\/strong>, aunque se prev\u00e9 que el n\u00famero podr\u00eda aumentar conforme contin\u00faen las diligencias.<\/p>\n\n\n\n<p><strong>Belinda Aguilar<\/strong>, representante de&nbsp;<strong>Sabuesos Guerreras<\/strong>, explic\u00f3 a&nbsp;<em>Grupo Multimedios<\/em>&nbsp;que la denuncia confidencial y la presi\u00f3n constante de las familias facilitaron la intervenci\u00f3n de las autoridades en la zona. \u201cLos hallazgos son el resultado de la insistencia de las familias para que la b\u00fasqueda no se detenga\u201d, detall\u00f3 Aguilar.<\/p>\n\n\n\n<p>El terreno permanece bajo resguardo, con la presencia permanente de buscadoras y personal forense que contin\u00faa la<strong>&nbsp;recuperaci\u00f3n y an\u00e1lisis de los restos localizados<\/strong>. Hasta el momento, las autoridades no han informado si alguno de los cuerpos ha sido identificado.<\/p>\n\n\n\n<p><strong>Con informaci\u00f3n de INFOBAE<\/strong><\/p>\n","protected":false},"excerpt":{"rendered":"<p>La tarde del pasado s\u00e1bado 27 de septiembre de 2025 se hall\u00f3 un&nbsp;cuerpo enterrado&nbsp;en el<\/p>\n","protected":false},"author":1,"featured_media":13876,"comment_status":"open","ping_status":"open","sticky":false,"template":"","format":"standard","meta":{"om_disable_all_campaigns":false,"_monsterinsights_skip_tracking":false,"_monsterinsights_sitenote_active":false,"_monsterinsights_sitenote_note":"","_monsterinsights_sitenote_category":0,"_jetpack_memberships_contains_paid_content":false,"footnotes":"","jetpack_publicize_message":"","jetpack_publicize_feature_enabled":true,"jetpack_social_post_already_shared":true,"jetpack_social_options":{"image_generator_settings":{"template":"highway","enabled":false},"version":2}},"categories":[5],"tags":[],"class_list":["post-13875","post","type-post","status-publish","format-standard","has-post-thumbnail","hentry","category-nacional"],"jetpack_publicize_connections":[],"aioseo_notices":[],"jetpack_featured_media_url":"https:\/\/samanoticiasdurango.com\/wp-content\/uploads\/WEB.00_00_01_12.Imagen-fija001-2.jpg","featured_image_urls":{"full":["https:\/\/samanoticiasdurango.com\/wp-content\/uploads\/WEB.00_00_01_12.Imagen-fija001-2.jpg",1200,675,false],"thumbnail":["https:\/\/samanoticiasdurango.com\/wp-content\/uploads\/WEB.00_00_01_12.Imagen-fija001-2-150x150.jpg",150,150,true],"medium":["https:\/\/samanoticiasdurango.com\/wp-content\/uploads\/WEB.00_00_01_12.Imagen-fija001-2-300x169.jpg",300,169,true],"medium_large":["https:\/\/samanoticiasdurango.com\/wp-content\/uploads\/WEB.00_00_01_12.Imagen-fija001-2-768x432.jpg",640,360,true],"large":["https:\/\/samanoticiasdurango.com\/wp-content\/uploads\/WEB.00_00_01_12.Imagen-fija001-2-1024x576.jpg",640,360,true],"1536x1536":["https:\/\/samanoticiasdurango.com\/wp-content\/uploads\/WEB.00_00_01_12.Imagen-fija001-2.jpg",1200,675,false],"2048x2048":["https:\/\/samanoticiasdurango.com\/wp-content\/uploads\/WEB.00_00_01_12.Imagen-fija001-2.jpg",1200,675,false],"chromenews-featured":["https:\/\/samanoticiasdurango.com\/wp-content\/uploads\/WEB.00_00_01_12.Imagen-fija001-2-1024x576.jpg",1024,576,true],"chromenews-large":["https:\/\/samanoticiasdurango.com\/wp-content\/uploads\/WEB.00_00_01_12.Imagen-fija001-2-825x575.jpg",825,575,true],"chromenews-medium":["https:\/\/samanoticiasdurango.com\/wp-content\/uploads\/WEB.00_00_01_12.Imagen-fija001-2-590x410.jpg",590,410,true]},"author_info":{"display_name":"Redacci\u00f3n","author_link":"https:\/\/samanoticiasdurango.com\/index.php\/author\/jjsama13gmail-com\/"},"category_info":"<a href=\"https:\/\/samanoticiasdurango.com\/index.php\/category\/nacional\/\" rel=\"category tag\">NACIONAL<\/a>","tag_info":"NACIONAL","comment_count":"0","jetpack_sharing_enabled":true,"_links":{"self":[{"href":"https:\/\/samanoticiasdurango.com\/index.php\/wp-json\/wp\/v2\/posts\/13875","targetHints":{"allow":["GET"]}}],"collection":[{"href":"https:\/\/samanoticiasdurango.com\/index.php\/wp-json\/wp\/v2\/posts"}],"about":[{"href":"https:\/\/samanoticiasdurango.com\/index.php\/wp-json\/wp\/v2\/types\/post"}],"author":[{"embeddable":true,"href":"https:\/\/samanoticiasdurango.com\/index.php\/wp-json\/wp\/v2\/users\/1"}],"replies":[{"embeddable":true,"href":"https:\/\/samanoticiasdurango.com\/index.php\/wp-json\/wp\/v2\/comments?post=13875"}],"version-history":[{"count":1,"href":"https:\/\/samanoticiasdurango.com\/index.php\/wp-json\/wp\/v2\/posts\/13875\/revisions"}],"predecessor-version":[{"id":13877,"href":"https:\/\/samanoticiasdurango.com\/index.php\/wp-json\/wp\/v2\/posts\/13875\/revisions\/13877"}],"wp:featuredmedia":[{"embeddable":true,"href":"https:\/\/samanoticiasdurango.com\/index.php\/wp-json\/wp\/v2\/media\/13876"}],"wp:attachment":[{"href":"https:\/\/samanoticiasdurango.com\/index.php\/wp-json\/wp\/v2\/media?parent=13875"}],"wp:term":[{"taxonomy":"category","embeddable":true,"href":"https:\/\/samanoticiasdurango.com\/index.php\/wp-json\/wp\/v2\/categories?post=13875"},{"taxonomy":"post_tag","embeddable":true,"href":"https:\/\/samanoticiasdurango.com\/index.php\/wp-json\/wp\/v2\/tags?post=13875"}],"curies":[{"name":"wp","href":"https:\/\/api.w.org\/{rel}","templated":true}]}}